{"id":84942,"date":"2021-09-25T19:00:06","date_gmt":"2021-09-25T19:00:06","guid":{"rendered":"http:\/\/10.200.87.50\/mppee\/?p=84942"},"modified":"2021-09-25T19:00:07","modified_gmt":"2021-09-25T19:00:07","slug":"afianzan-estrategicas-para-la-proteccion-integral-y-seguridad-del-sen","status":"publish","type":"post","link":"https:\/\/mppee.gob.ve\/?p=84942","title":{"rendered":"Afianzan estrat\u00e9gicas para la protecci\u00f3n integral y seguridad del SEN"},"content":{"rendered":"<p style=\"text-align: justify;\"><img loading=\"lazy\" decoding=\"async\" class=\"size-medium wp-image-84956 alignleft\" src=\"http:\/\/10.200.87.50\/mppee\/wp-content\/uploads\/2021\/09\/WhatsApp-Image-2021-09-25-at-2.43.03-PM-200x300.jpeg\" alt=\"\" width=\"200\" height=\"300\" srcset=\"https:\/\/mppee.gob.ve\/wp-content\/uploads\/2021\/09\/WhatsApp-Image-2021-09-25-at-2.43.03-PM-200x300.jpeg 200w, https:\/\/mppee.gob.ve\/wp-content\/uploads\/2021\/09\/WhatsApp-Image-2021-09-25-at-2.43.03-PM-682x1024.jpeg 682w, https:\/\/mppee.gob.ve\/wp-content\/uploads\/2021\/09\/WhatsApp-Image-2021-09-25-at-2.43.03-PM.jpeg 719w\" sizes=\"auto, (max-width: 200px) 100vw, 200px\" \/>Este s\u00e1bado, fue realizada una videoconferencia por los vicepresidentes sectoriales de Obras P\u00fablicas y Servicios y de Seguridad Ciudadana y Paz, G\/J N\u00e9stor Reverol y el A\/J Remigio Ceballos, respectivamente, junto al Comandante Estrat\u00e9gico Operacional, Domingo Hern\u00e1ndez L\u00e1rez, con el prop\u00f3sito de afianzar las alianzas estrat\u00e9gicas para la protecci\u00f3n integral del Sistema El\u00e9ctrico Nacional (SEN).<\/p>\n<p style=\"text-align: justify;\">Mediante una publicaci\u00f3n en la red social Instagram @reverolnestor, indic\u00f3 que \u00abentre los aspectos evaluados, definimos los mecanismos para fortalecer el patrullaje especial en las instalaciones del SEN y proteger de esta forma el servicio el\u00e9ctrico ante las amenazas terroristas\u00bb.<\/p>\n<p style=\"text-align: justify;\">En la jornada digital, participaron los integrantes del Estado Mayor del Comando Estrat\u00e9gico Operacional de la Fuerza Armada Nacional Bolivariana (Ceofanb), representantes de los organismos de seguridad ciudadana y gerentes territoriales de Corpoelec.<\/p>\n<p style=\"text-align: justify;\"><img loading=\"lazy\" decoding=\"async\" class=\"size-medium wp-image-84955 alignright\" src=\"http:\/\/10.200.87.50\/mppee\/wp-content\/uploads\/2021\/09\/WhatsApp-Image-2021-09-25-at-2.43.05-PM-168x300.jpeg\" alt=\"\" width=\"168\" height=\"300\" srcset=\"https:\/\/mppee.gob.ve\/wp-content\/uploads\/2021\/09\/WhatsApp-Image-2021-09-25-at-2.43.05-PM-168x300.jpeg 168w, https:\/\/mppee.gob.ve\/wp-content\/uploads\/2021\/09\/WhatsApp-Image-2021-09-25-at-2.43.05-PM-575x1024.jpeg 575w, https:\/\/mppee.gob.ve\/wp-content\/uploads\/2021\/09\/WhatsApp-Image-2021-09-25-at-2.43.05-PM.jpeg 606w\" sizes=\"auto, (max-width: 168px) 100vw, 168px\" \/>El tambi\u00e9n Ministro del Poder Popular para la Energ\u00eda El\u00e9ctrica, inform\u00f3 que para combatir la guerra multiforme se va hacia el redimensionamiento y reorganizaci\u00f3n de la Fuerza de Choque del Ceofanb y de la unidad de seguridad de la Estatal el\u00e9ctrica.<\/p>\n<p style=\"text-align: justify;\"><strong>\u00abActivaremos tambi\u00e9n una sala especial de seguimiento, para fortalecer el sistema de alertas tempranas a trav\u00e9s de la instalaci\u00f3n de mil 600 c\u00e1maras de videovigilancia\u00bb<\/strong>, dijo.<\/p>\n<p style=\"text-align: justify;\">El General en Jefe destac\u00f3 que, los responsables de los Cuadrantes de Paz, deber\u00e1n articular con las Mesas T\u00e9cnicas de Energ\u00eda, para que el Poder Popular contribuya con la defensa integral del SEN y as\u00ed evidenciar la perfecta Uni\u00f3n C\u00edvico- Militar- Policial.<\/p>\n<p style=\"text-align: justify;\"><img loading=\"lazy\" decoding=\"async\" class=\"size-medium wp-image-84954 alignleft\" src=\"http:\/\/10.200.87.50\/mppee\/wp-content\/uploads\/2021\/09\/WhatsApp-Image-2021-09-25-at-2.43.06-PM-300x200.jpeg\" alt=\"\" width=\"300\" height=\"200\" srcset=\"https:\/\/mppee.gob.ve\/wp-content\/uploads\/2021\/09\/WhatsApp-Image-2021-09-25-at-2.43.06-PM-300x200.jpeg 300w, https:\/\/mppee.gob.ve\/wp-content\/uploads\/2021\/09\/WhatsApp-Image-2021-09-25-at-2.43.06-PM-1024x683.jpeg 1024w, https:\/\/mppee.gob.ve\/wp-content\/uploads\/2021\/09\/WhatsApp-Image-2021-09-25-at-2.43.06-PM-768x512.jpeg 768w, https:\/\/mppee.gob.ve\/wp-content\/uploads\/2021\/09\/WhatsApp-Image-2021-09-25-at-2.43.06-PM.jpeg 1080w\" sizes=\"auto, (max-width: 300px) 100vw, 300px\" \/>Asimismo, se acordaron las acciones necesarias para el desarrollo de unidades especializadas en materia de investigaci\u00f3n de siniestros y de los delitos de robo y hurto de material estrat\u00e9gico entre la Corporaci\u00f3n El\u00e9ctrica Nacional (Corpoelec) y el Cuerpo de Investigaciones, Cient\u00edficas, Penales y Criminal\u00edsticas (Cicpc).<\/p>\n<p style=\"text-align: justify;\">Finalmente, asegur\u00f3 que contin\u00faan en constante desarrollo las pol\u00edticas p\u00fablicas integrales por parte del Gobierno nacional, para la seguridad de la industria el\u00e9ctrica.<\/p>\n<p style=\"text-align: justify;\"><strong>Prensa Vpsops<\/strong><\/p>\n<figure id=\"attachment_84952\" aria-describedby=\"caption-attachment-84952\" style=\"width: 1080px\" class=\"wp-caption alignnone\"><img loading=\"lazy\" decoding=\"async\" class=\"wp-image-84952 size-full\" src=\"http:\/\/10.200.87.50\/mppee\/wp-content\/uploads\/2021\/09\/WhatsApp-Image-2021-09-25-at-2.43.07-PM.jpeg\" alt=\"\" width=\"1080\" height=\"730\" srcset=\"https:\/\/mppee.gob.ve\/wp-content\/uploads\/2021\/09\/WhatsApp-Image-2021-09-25-at-2.43.07-PM.jpeg 1080w, https:\/\/mppee.gob.ve\/wp-content\/uploads\/2021\/09\/WhatsApp-Image-2021-09-25-at-2.43.07-PM-300x203.jpeg 300w, https:\/\/mppee.gob.ve\/wp-content\/uploads\/2021\/09\/WhatsApp-Image-2021-09-25-at-2.43.07-PM-1024x692.jpeg 1024w, https:\/\/mppee.gob.ve\/wp-content\/uploads\/2021\/09\/WhatsApp-Image-2021-09-25-at-2.43.07-PM-768x519.jpeg 768w\" sizes=\"auto, (max-width: 1080px) 100vw, 1080px\" \/><figcaption id=\"caption-attachment-84952\" class=\"wp-caption-text\">vicepresidente Sectorial de Obras P\u00fablicas y Servicio, G\/J N\u00e9stor Reverol<\/figcaption><\/figure>\n<figure id=\"attachment_84946\" aria-describedby=\"caption-attachment-84946\" style=\"width: 1080px\" class=\"wp-caption alignnone\"><img loading=\"lazy\" decoding=\"async\" class=\"wp-image-84946 size-full\" src=\"http:\/\/10.200.87.50\/mppee\/wp-content\/uploads\/2021\/09\/WhatsApp-Image-2021-09-25-at-2.43.08-PM-1.jpeg\" alt=\"\" width=\"1080\" height=\"720\" srcset=\"https:\/\/mppee.gob.ve\/wp-content\/uploads\/2021\/09\/WhatsApp-Image-2021-09-25-at-2.43.08-PM-1.jpeg 1080w, https:\/\/mppee.gob.ve\/wp-content\/uploads\/2021\/09\/WhatsApp-Image-2021-09-25-at-2.43.08-PM-1-300x200.jpeg 300w, https:\/\/mppee.gob.ve\/wp-content\/uploads\/2021\/09\/WhatsApp-Image-2021-09-25-at-2.43.08-PM-1-1024x683.jpeg 1024w, https:\/\/mppee.gob.ve\/wp-content\/uploads\/2021\/09\/WhatsApp-Image-2021-09-25-at-2.43.08-PM-1-768x512.jpeg 768w\" sizes=\"auto, (max-width: 1080px) 100vw, 1080px\" \/><figcaption id=\"caption-attachment-84946\" class=\"wp-caption-text\">vicepresidente sectorial de Seguridad Ciudadana y Paz, A\/J Remigio Ceballos<\/figcaption><\/figure>\n<p><img loading=\"lazy\" decoding=\"async\" class=\"alignnone wp-image-84953 size-full\" src=\"http:\/\/10.200.87.50\/mppee\/wp-content\/uploads\/2021\/09\/WhatsApp-Image-2021-09-25-at-2.43.06-PM-1.jpeg\" alt=\"\" width=\"1080\" height=\"720\" srcset=\"https:\/\/mppee.gob.ve\/wp-content\/uploads\/2021\/09\/WhatsApp-Image-2021-09-25-at-2.43.06-PM-1.jpeg 1080w, https:\/\/mppee.gob.ve\/wp-content\/uploads\/2021\/09\/WhatsApp-Image-2021-09-25-at-2.43.06-PM-1-300x200.jpeg 300w, https:\/\/mppee.gob.ve\/wp-content\/uploads\/2021\/09\/WhatsApp-Image-2021-09-25-at-2.43.06-PM-1-1024x683.jpeg 1024w, https:\/\/mppee.gob.ve\/wp-content\/uploads\/2021\/09\/WhatsApp-Image-2021-09-25-at-2.43.06-PM-1-768x512.jpeg 768w\" sizes=\"auto, (max-width: 1080px) 100vw, 1080px\" \/> <img loading=\"lazy\" decoding=\"async\" class=\"alignnone wp-image-84950 size-full\" src=\"http:\/\/10.200.87.50\/mppee\/wp-content\/uploads\/2021\/09\/WhatsApp-Image-2021-09-25-at-2.43.07-PM-2.jpeg\" alt=\"\" width=\"1080\" height=\"720\" srcset=\"https:\/\/mppee.gob.ve\/wp-content\/uploads\/2021\/09\/WhatsApp-Image-2021-09-25-at-2.43.07-PM-2.jpeg 1080w, https:\/\/mppee.gob.ve\/wp-content\/uploads\/2021\/09\/WhatsApp-Image-2021-09-25-at-2.43.07-PM-2-300x200.jpeg 300w, https:\/\/mppee.gob.ve\/wp-content\/uploads\/2021\/09\/WhatsApp-Image-2021-09-25-at-2.43.07-PM-2-1024x683.jpeg 1024w, https:\/\/mppee.gob.ve\/wp-content\/uploads\/2021\/09\/WhatsApp-Image-2021-09-25-at-2.43.07-PM-2-768x512.jpeg 768w\" sizes=\"auto, (max-width: 1080px) 100vw, 1080px\" \/> <img loading=\"lazy\" decoding=\"async\" class=\"alignnone wp-image-84949 size-full\" src=\"http:\/\/10.200.87.50\/mppee\/wp-content\/uploads\/2021\/09\/WhatsApp-Image-2021-09-25-at-2.43.07-PM-3.jpeg\" alt=\"\" width=\"1080\" height=\"720\" srcset=\"https:\/\/mppee.gob.ve\/wp-content\/uploads\/2021\/09\/WhatsApp-Image-2021-09-25-at-2.43.07-PM-3.jpeg 1080w, https:\/\/mppee.gob.ve\/wp-content\/uploads\/2021\/09\/WhatsApp-Image-2021-09-25-at-2.43.07-PM-3-300x200.jpeg 300w, https:\/\/mppee.gob.ve\/wp-content\/uploads\/2021\/09\/WhatsApp-Image-2021-09-25-at-2.43.07-PM-3-1024x683.jpeg 1024w, https:\/\/mppee.gob.ve\/wp-content\/uploads\/2021\/09\/WhatsApp-Image-2021-09-25-at-2.43.07-PM-3-768x512.jpeg 768w\" sizes=\"auto, (max-width: 1080px) 100vw, 1080px\" \/> <img loading=\"lazy\" decoding=\"async\" class=\"alignnone wp-image-84948 size-full\" src=\"http:\/\/10.200.87.50\/mppee\/wp-content\/uploads\/2021\/09\/WhatsApp-Image-2021-09-25-at-2.43.07-PM-4.jpeg\" alt=\"\" width=\"1080\" height=\"720\" srcset=\"https:\/\/mppee.gob.ve\/wp-content\/uploads\/2021\/09\/WhatsApp-Image-2021-09-25-at-2.43.07-PM-4.jpeg 1080w, https:\/\/mppee.gob.ve\/wp-content\/uploads\/2021\/09\/WhatsApp-Image-2021-09-25-at-2.43.07-PM-4-300x200.jpeg 300w, https:\/\/mppee.gob.ve\/wp-content\/uploads\/2021\/09\/WhatsApp-Image-2021-09-25-at-2.43.07-PM-4-1024x683.jpeg 1024w, https:\/\/mppee.gob.ve\/wp-content\/uploads\/2021\/09\/WhatsApp-Image-2021-09-25-at-2.43.07-PM-4-768x512.jpeg 768w\" sizes=\"auto, (max-width: 1080px) 100vw, 1080px\" \/> <img loading=\"lazy\" decoding=\"async\" class=\"alignnone wp-image-84945 size-full\" src=\"http:\/\/10.200.87.50\/mppee\/wp-content\/uploads\/2021\/09\/WhatsApp-Image-2021-09-25-at-2.43.08-PM-2.jpeg\" alt=\"\" width=\"1080\" height=\"720\" srcset=\"https:\/\/mppee.gob.ve\/wp-content\/uploads\/2021\/09\/WhatsApp-Image-2021-09-25-at-2.43.08-PM-2.jpeg 1080w, https:\/\/mppee.gob.ve\/wp-content\/uploads\/2021\/09\/WhatsApp-Image-2021-09-25-at-2.43.08-PM-2-300x200.jpeg 300w, https:\/\/mppee.gob.ve\/wp-content\/uploads\/2021\/09\/WhatsApp-Image-2021-09-25-at-2.43.08-PM-2-1024x683.jpeg 1024w, https:\/\/mppee.gob.ve\/wp-content\/uploads\/2021\/09\/WhatsApp-Image-2021-09-25-at-2.43.08-PM-2-768x512.jpeg 768w\" sizes=\"auto, (max-width: 1080px) 100vw, 1080px\" \/> <img loading=\"lazy\" decoding=\"async\" class=\"alignnone wp-image-84944 size-full\" src=\"http:\/\/10.200.87.50\/mppee\/wp-content\/uploads\/2021\/09\/WhatsApp-Image-2021-09-25-at-2.43.08-PM-3.jpeg\" alt=\"\" width=\"1080\" height=\"720\" srcset=\"https:\/\/mppee.gob.ve\/wp-content\/uploads\/2021\/09\/WhatsApp-Image-2021-09-25-at-2.43.08-PM-3.jpeg 1080w, https:\/\/mppee.gob.ve\/wp-content\/uploads\/2021\/09\/WhatsApp-Image-2021-09-25-at-2.43.08-PM-3-300x200.jpeg 300w, https:\/\/mppee.gob.ve\/wp-content\/uploads\/2021\/09\/WhatsApp-Image-2021-09-25-at-2.43.08-PM-3-1024x683.jpeg 1024w, https:\/\/mppee.gob.ve\/wp-content\/uploads\/2021\/09\/WhatsApp-Image-2021-09-25-at-2.43.08-PM-3-768x512.jpeg 768w\" sizes=\"auto, (max-width: 1080px) 100vw, 1080px\" \/> <img loading=\"lazy\" decoding=\"async\" class=\"alignnone wp-image-84943 size-full\" src=\"http:\/\/10.200.87.50\/mppee\/wp-content\/uploads\/2021\/09\/WhatsApp-Image-2021-09-25-at-2.43.09-PM.jpeg\" alt=\"\" width=\"1080\" height=\"680\" srcset=\"https:\/\/mppee.gob.ve\/wp-content\/uploads\/2021\/09\/WhatsApp-Image-2021-09-25-at-2.43.09-PM.jpeg 1080w, https:\/\/mppee.gob.ve\/wp-content\/uploads\/2021\/09\/WhatsApp-Image-2021-09-25-at-2.43.09-PM-300x189.jpeg 300w, https:\/\/mppee.gob.ve\/wp-content\/uploads\/2021\/09\/WhatsApp-Image-2021-09-25-at-2.43.09-PM-1024x645.jpeg 1024w, https:\/\/mppee.gob.ve\/wp-content\/uploads\/2021\/09\/WhatsApp-Image-2021-09-25-at-2.43.09-PM-768x484.jpeg 768w\" sizes=\"auto, (max-width: 1080px) 100vw, 1080px\" \/><\/p>\n","protected":false},"excerpt":{"rendered":"<p>Este s\u00e1bado, fue realizada una videoconferencia por los vicepresidentes sectoriales de Obras P\u00fablicas y Servicios y de Seguridad Ciudadana y<\/p>\n","protected":false},"author":12,"featured_media":84951,"comment_status":"open","ping_status":"open","sticky":false,"template":"","format":"standard","meta":{"footnotes":""},"categories":[15],"tags":[11],"class_list":["post-84942","post","type-post","status-publish","format-standard","has-post-thumbnail","hentry","category-nacionales","tag-mppee"],"_links":{"self":[{"href":"https:\/\/mppee.gob.ve\/index.php?rest_route=\/wp\/v2\/posts\/84942","targetHints":{"allow":["GET"]}}],"collection":[{"href":"https:\/\/mppee.gob.ve\/index.php?rest_route=\/wp\/v2\/posts"}],"about":[{"href":"https:\/\/mppee.gob.ve\/index.php?rest_route=\/wp\/v2\/types\/post"}],"author":[{"embeddable":true,"href":"https:\/\/mppee.gob.ve\/index.php?rest_route=\/wp\/v2\/users\/12"}],"replies":[{"embeddable":true,"href":"https:\/\/mppee.gob.ve\/index.php?rest_route=%2Fwp%2Fv2%2Fcomments&post=84942"}],"version-history":[{"count":1,"href":"https:\/\/mppee.gob.ve\/index.php?rest_route=\/wp\/v2\/posts\/84942\/revisions"}],"predecessor-version":[{"id":84957,"href":"https:\/\/mppee.gob.ve\/index.php?rest_route=\/wp\/v2\/posts\/84942\/revisions\/84957"}],"wp:featuredmedia":[{"embeddable":true,"href":"https:\/\/mppee.gob.ve\/index.php?rest_route=\/wp\/v2\/media\/84951"}],"wp:attachment":[{"href":"https:\/\/mppee.gob.ve\/index.php?rest_route=%2Fwp%2Fv2%2Fmedia&parent=84942"}],"wp:term":[{"taxonomy":"category","embeddable":true,"href":"https:\/\/mppee.gob.ve\/index.php?rest_route=%2Fwp%2Fv2%2Fcategories&post=84942"},{"taxonomy":"post_tag","embeddable":true,"href":"https:\/\/mppee.gob.ve\/index.php?rest_route=%2Fwp%2Fv2%2Ftags&post=84942"}],"curies":[{"name":"wp","href":"https:\/\/api.w.org\/{rel}","templated":true}]}}