{"id":84958,"date":"2021-09-27T21:05:53","date_gmt":"2021-09-27T21:05:53","guid":{"rendered":"http:\/\/10.200.87.50\/mppee\/?p=84958"},"modified":"2021-09-28T15:25:55","modified_gmt":"2021-09-28T15:25:55","slug":"acuerdan-alianzas-para-fortalecer-parque-industrial-del-pais","status":"publish","type":"post","link":"https:\/\/mppee.gob.ve\/?p=84958","title":{"rendered":"Acuerdan alianzas para fortalecer parque industrial del pa\u00eds"},"content":{"rendered":"<p style=\"text-align: justify;\"><img loading=\"lazy\" decoding=\"async\" class=\"size-medium wp-image-84972 alignleft\" src=\"http:\/\/10.200.87.50\/mppee\/wp-content\/uploads\/2021\/09\/IMG-20210927-WA0017-1-300x200.jpg\" alt=\"\" width=\"300\" height=\"200\" srcset=\"https:\/\/mppee.gob.ve\/wp-content\/uploads\/2021\/09\/IMG-20210927-WA0017-1-300x200.jpg 300w, https:\/\/mppee.gob.ve\/wp-content\/uploads\/2021\/09\/IMG-20210927-WA0017-1-768x512.jpg 768w, https:\/\/mppee.gob.ve\/wp-content\/uploads\/2021\/09\/IMG-20210927-WA0017-1.jpg 912w\" sizes=\"auto, (max-width: 300px) 100vw, 300px\" \/>Con el fin de acordar alianzas que permitir\u00e1n el fortalecimiento del parque industrial del pa\u00eds, este lunes el vicepresidente Sectorial de Obras Publicas y Servicios, G\/J N\u00e9stor Reverol, sostuvo una reuni\u00f3n con el ministro del Poder Popular de Industrias y Producci\u00f3n Nacional, Jorge Arreaza y los representantes de los entes adscritos a estos despachos.<\/p>\n<p style=\"text-align: justify;\">La informaci\u00f3n se dio a conocer trav\u00e9s de la cuenta en la red social Instagram, @reverolnestor donde indic\u00f3 que durante la jornada,<strong> \u201cacordamos establecer la instalaci\u00f3n de mesas de trabajo para el diagn\u00f3stico y levantamiento de necesidades en materia de energ\u00eda el\u00e9ctrica, agua potable, telecomunicaciones y gas del conglomerado industrial de Venezuela conformado por 105 empresas de Industrias de Venezuela\u201d.\u00a0\u00a0 <\/strong><\/p>\n<p style=\"text-align: justify;\"><img loading=\"lazy\" decoding=\"async\" class=\"size-medium wp-image-84970 alignright\" src=\"http:\/\/10.200.87.50\/mppee\/wp-content\/uploads\/2021\/09\/IMG-20210927-WA0022-1-300x174.jpg\" alt=\"\" width=\"300\" height=\"174\" srcset=\"https:\/\/mppee.gob.ve\/wp-content\/uploads\/2021\/09\/IMG-20210927-WA0022-1-300x174.jpg 300w, https:\/\/mppee.gob.ve\/wp-content\/uploads\/2021\/09\/IMG-20210927-WA0022-1-1024x593.jpg 1024w, https:\/\/mppee.gob.ve\/wp-content\/uploads\/2021\/09\/IMG-20210927-WA0022-1-768x444.jpg 768w, https:\/\/mppee.gob.ve\/wp-content\/uploads\/2021\/09\/IMG-20210927-WA0022-1.jpg 1080w\" sizes=\"auto, (max-width: 300px) 100vw, 300px\" \/>Para finalizar, el tambi\u00e9n Ministro del Poder Popular para la Energ\u00eda El\u00e9ctrica, asever\u00f3 que igualmente en estas mesas t\u00e9cnicas se evaluar\u00e1 la incorporaci\u00f3n de empresas de producci\u00f3n nacional, que suministren las piezas, equipos y componentes necesarios para la operatividad de los Sistemas El\u00e9ctrico Nacional, H\u00eddrico Nacional y de Telecomunicaciones.<\/p>\n<p style=\"text-align: justify;\"><strong>Prensa Vpsops<br \/>\n<\/strong><\/p>\n<figure id=\"attachment_84971\" aria-describedby=\"caption-attachment-84971\" style=\"width: 608px\" class=\"wp-caption alignnone\"><img loading=\"lazy\" decoding=\"async\" class=\"wp-image-84971 size-full\" src=\"http:\/\/10.200.87.50\/mppee\/wp-content\/uploads\/2021\/09\/IMG-20210927-WA0023-1.jpg\" alt=\"\" width=\"608\" height=\"912\" srcset=\"https:\/\/mppee.gob.ve\/wp-content\/uploads\/2021\/09\/IMG-20210927-WA0023-1.jpg 608w, https:\/\/mppee.gob.ve\/wp-content\/uploads\/2021\/09\/IMG-20210927-WA0023-1-200x300.jpg 200w\" sizes=\"auto, (max-width: 608px) 100vw, 608px\" \/><figcaption id=\"caption-attachment-84971\" class=\"wp-caption-text\">Vicepresidente Sectorial de Obras P\u00fablicas y Servicios, G\/J N\u00e9stor Reverol<\/figcaption><\/figure>\n<figure id=\"attachment_84969\" aria-describedby=\"caption-attachment-84969\" style=\"width: 1080px\" class=\"wp-caption alignnone\"><img loading=\"lazy\" decoding=\"async\" class=\"wp-image-84969 size-full\" src=\"http:\/\/10.200.87.50\/mppee\/wp-content\/uploads\/2021\/09\/IMG-20210927-WA0021-1.jpg\" alt=\"\" width=\"1080\" height=\"914\" srcset=\"https:\/\/mppee.gob.ve\/wp-content\/uploads\/2021\/09\/IMG-20210927-WA0021-1.jpg 1080w, https:\/\/mppee.gob.ve\/wp-content\/uploads\/2021\/09\/IMG-20210927-WA0021-1-300x254.jpg 300w, https:\/\/mppee.gob.ve\/wp-content\/uploads\/2021\/09\/IMG-20210927-WA0021-1-1024x867.jpg 1024w, https:\/\/mppee.gob.ve\/wp-content\/uploads\/2021\/09\/IMG-20210927-WA0021-1-768x650.jpg 768w\" sizes=\"auto, (max-width: 1080px) 100vw, 1080px\" \/><figcaption id=\"caption-attachment-84969\" class=\"wp-caption-text\">Ministro del Poder Popular de Industrias y Producci\u00f3n Nacional, Jorge Arreaza<\/figcaption><\/figure>\n<p><img loading=\"lazy\" decoding=\"async\" class=\"alignnone wp-image-84965 size-full\" src=\"http:\/\/10.200.87.50\/mppee\/wp-content\/uploads\/2021\/09\/IMG-20210927-WA0017.jpg\" alt=\"\" width=\"912\" height=\"608\" srcset=\"https:\/\/mppee.gob.ve\/wp-content\/uploads\/2021\/09\/IMG-20210927-WA0017.jpg 912w, https:\/\/mppee.gob.ve\/wp-content\/uploads\/2021\/09\/IMG-20210927-WA0017-300x200.jpg 300w, https:\/\/mppee.gob.ve\/wp-content\/uploads\/2021\/09\/IMG-20210927-WA0017-768x512.jpg 768w\" sizes=\"auto, (max-width: 912px) 100vw, 912px\" \/><\/p>\n<p><img loading=\"lazy\" decoding=\"async\" class=\"alignnone wp-image-84968 size-full\" src=\"http:\/\/10.200.87.50\/mppee\/wp-content\/uploads\/2021\/09\/IMG-20210927-WA0019-1.jpg\" alt=\"\" width=\"912\" height=\"608\" srcset=\"https:\/\/mppee.gob.ve\/wp-content\/uploads\/2021\/09\/IMG-20210927-WA0019-1.jpg 912w, https:\/\/mppee.gob.ve\/wp-content\/uploads\/2021\/09\/IMG-20210927-WA0019-1-300x200.jpg 300w, https:\/\/mppee.gob.ve\/wp-content\/uploads\/2021\/09\/IMG-20210927-WA0019-1-768x512.jpg 768w\" sizes=\"auto, (max-width: 912px) 100vw, 912px\" \/><\/p>\n<p><img loading=\"lazy\" decoding=\"async\" class=\"alignnone wp-image-84966 size-full\" src=\"http:\/\/10.200.87.50\/mppee\/wp-content\/uploads\/2021\/09\/IMG-20210927-WA0018-1.jpg\" alt=\"\" width=\"1080\" height=\"659\" srcset=\"https:\/\/mppee.gob.ve\/wp-content\/uploads\/2021\/09\/IMG-20210927-WA0018-1.jpg 1080w, https:\/\/mppee.gob.ve\/wp-content\/uploads\/2021\/09\/IMG-20210927-WA0018-1-300x183.jpg 300w, https:\/\/mppee.gob.ve\/wp-content\/uploads\/2021\/09\/IMG-20210927-WA0018-1-1024x625.jpg 1024w, https:\/\/mppee.gob.ve\/wp-content\/uploads\/2021\/09\/IMG-20210927-WA0018-1-768x469.jpg 768w\" sizes=\"auto, (max-width: 1080px) 100vw, 1080px\" \/><\/p>\n","protected":false},"excerpt":{"rendered":"<p>Con el fin de acordar alianzas que permitir\u00e1n el fortalecimiento del parque industrial del pa\u00eds, este lunes el vicepresidente Sectorial<\/p>\n","protected":false},"author":12,"featured_media":84967,"comment_status":"open","ping_status":"open","sticky":false,"template":"","format":"standard","meta":{"footnotes":""},"categories":[15],"tags":[11,327],"class_list":["post-84958","post","type-post","status-publish","format-standard","has-post-thumbnail","hentry","category-nacionales","tag-mppee","tag-vsops"],"_links":{"self":[{"href":"https:\/\/mppee.gob.ve\/index.php?rest_route=\/wp\/v2\/posts\/84958","targetHints":{"allow":["GET"]}}],"collection":[{"href":"https:\/\/mppee.gob.ve\/index.php?rest_route=\/wp\/v2\/posts"}],"about":[{"href":"https:\/\/mppee.gob.ve\/index.php?rest_route=\/wp\/v2\/types\/post"}],"author":[{"embeddable":true,"href":"https:\/\/mppee.gob.ve\/index.php?rest_route=\/wp\/v2\/users\/12"}],"replies":[{"embeddable":true,"href":"https:\/\/mppee.gob.ve\/index.php?rest_route=%2Fwp%2Fv2%2Fcomments&post=84958"}],"version-history":[{"count":2,"href":"https:\/\/mppee.gob.ve\/index.php?rest_route=\/wp\/v2\/posts\/84958\/revisions"}],"predecessor-version":[{"id":84984,"href":"https:\/\/mppee.gob.ve\/index.php?rest_route=\/wp\/v2\/posts\/84958\/revisions\/84984"}],"wp:featuredmedia":[{"embeddable":true,"href":"https:\/\/mppee.gob.ve\/index.php?rest_route=\/wp\/v2\/media\/84967"}],"wp:attachment":[{"href":"https:\/\/mppee.gob.ve\/index.php?rest_route=%2Fwp%2Fv2%2Fmedia&parent=84958"}],"wp:term":[{"taxonomy":"category","embeddable":true,"href":"https:\/\/mppee.gob.ve\/index.php?rest_route=%2Fwp%2Fv2%2Fcategories&post=84958"},{"taxonomy":"post_tag","embeddable":true,"href":"https:\/\/mppee.gob.ve\/index.php?rest_route=%2Fwp%2Fv2%2Ftags&post=84958"}],"curies":[{"name":"wp","href":"https:\/\/api.w.org\/{rel}","templated":true}]}}