{"id":84974,"date":"2021-09-28T00:01:29","date_gmt":"2021-09-28T00:01:29","guid":{"rendered":"http:\/\/10.200.87.50\/mppee\/?p=84974"},"modified":"2021-09-28T00:01:31","modified_gmt":"2021-09-28T00:01:31","slug":"revisan-estrategias-para-optimizar-el-servicio-de-transporte-en-el-pais","status":"publish","type":"post","link":"https:\/\/mppee.gob.ve\/?p=84974","title":{"rendered":"Revisan estrategias para optimizar el servicio de transporte en el pa\u00eds"},"content":{"rendered":"<p style=\"text-align: justify;\"><img loading=\"lazy\" decoding=\"async\" class=\"size-medium wp-image-84982 alignleft\" src=\"http:\/\/10.200.87.50\/mppee\/wp-content\/uploads\/2021\/09\/cc411f21-7a90-47ca-94a8-fd282f4deca9-300x190.jpg\" alt=\"\" width=\"300\" height=\"190\" srcset=\"https:\/\/mppee.gob.ve\/wp-content\/uploads\/2021\/09\/cc411f21-7a90-47ca-94a8-fd282f4deca9-300x190.jpg 300w, https:\/\/mppee.gob.ve\/wp-content\/uploads\/2021\/09\/cc411f21-7a90-47ca-94a8-fd282f4deca9-1024x649.jpg 1024w, https:\/\/mppee.gob.ve\/wp-content\/uploads\/2021\/09\/cc411f21-7a90-47ca-94a8-fd282f4deca9-768x487.jpg 768w, https:\/\/mppee.gob.ve\/wp-content\/uploads\/2021\/09\/cc411f21-7a90-47ca-94a8-fd282f4deca9.jpg 1080w\" sizes=\"auto, (max-width: 300px) 100vw, 300px\" \/>El vicepresidente Sectorial de Obras P\u00fablicas y Servicios, G\/J N\u00e9stor Reverol, junto al ministro del Poder Popular para el Transporte, Hip\u00f3lito Abreu, sostuvieron un encuentro con el \u00d3rgano Superior de la Gran Misi\u00f3n Transporte Venezuela, en aras de atender las diferentes propuestas de este importante sector y optimizar el servicio en beneficio del pueblo venezolano.<\/p>\n<p>A trav\u00e9s de su cuenta en la red social Instagram @reverolnestor, indic\u00f3 que entre los planteamientos de la jornada, <strong>\u201cse encuentra el establecimiento de 57 estaciones de servicio para el suministro de combustible, el estudio de la tarifa urbana e interurbana, el subsidio del pasaje estudiantil, as\u00ed como la producci\u00f3n y adquisici\u00f3n de repuestos.\u201d<\/strong>, detall\u00f3 el General en Jefe.<\/p>\n<p><img loading=\"lazy\" decoding=\"async\" class=\"size-medium wp-image-84981 alignright\" src=\"http:\/\/10.200.87.50\/mppee\/wp-content\/uploads\/2021\/09\/aac73752-52ec-430e-b6f6-a659bb68e080-300x176.jpg\" alt=\"\" width=\"300\" height=\"176\" srcset=\"https:\/\/mppee.gob.ve\/wp-content\/uploads\/2021\/09\/aac73752-52ec-430e-b6f6-a659bb68e080-300x176.jpg 300w, https:\/\/mppee.gob.ve\/wp-content\/uploads\/2021\/09\/aac73752-52ec-430e-b6f6-a659bb68e080-1024x602.jpg 1024w, https:\/\/mppee.gob.ve\/wp-content\/uploads\/2021\/09\/aac73752-52ec-430e-b6f6-a659bb68e080-768x452.jpg 768w, https:\/\/mppee.gob.ve\/wp-content\/uploads\/2021\/09\/aac73752-52ec-430e-b6f6-a659bb68e080.jpg 1080w\" sizes=\"auto, (max-width: 300px) 100vw, 300px\" \/>El tambi\u00e9n Ministro del Poder Popular para la Energ\u00eda El\u00e9ctrica, apunt\u00f3 que el presidente de la Rep\u00fablica, Nicol\u00e1s Maduro, ha puesto especial atenci\u00f3n en materia de transporte, pues es una de las \u00e1reas vitales para el desarrollo productivo del pa\u00eds y la sociedad.<\/p>\n<p>Reverol Torres manifest\u00f3 que a trav\u00e9s del Gobierno nacional y la Vicepresidencia Sectorial de Obras P\u00fablicas y Servicios, se invierten todos los esfuerzos necesarios para garantizar la prestaci\u00f3n de un servicio de calidad a toda la poblaci\u00f3n.<\/p>\n<p><b>Prensa Vpsops<\/b><\/p>\n<p><img loading=\"lazy\" decoding=\"async\" class=\"alignnone wp-image-84980 size-full\" src=\"http:\/\/10.200.87.50\/mppee\/wp-content\/uploads\/2021\/09\/aa663ed5-8b5f-46a9-99f8-415f7bfa93f2.jpg\" alt=\"\" width=\"1080\" height=\"757\" srcset=\"https:\/\/mppee.gob.ve\/wp-content\/uploads\/2021\/09\/aa663ed5-8b5f-46a9-99f8-415f7bfa93f2.jpg 1080w, https:\/\/mppee.gob.ve\/wp-content\/uploads\/2021\/09\/aa663ed5-8b5f-46a9-99f8-415f7bfa93f2-300x210.jpg 300w, https:\/\/mppee.gob.ve\/wp-content\/uploads\/2021\/09\/aa663ed5-8b5f-46a9-99f8-415f7bfa93f2-1024x718.jpg 1024w, https:\/\/mppee.gob.ve\/wp-content\/uploads\/2021\/09\/aa663ed5-8b5f-46a9-99f8-415f7bfa93f2-768x538.jpg 768w, https:\/\/mppee.gob.ve\/wp-content\/uploads\/2021\/09\/aa663ed5-8b5f-46a9-99f8-415f7bfa93f2-130x90.jpg 130w\" sizes=\"auto, (max-width: 1080px) 100vw, 1080px\" \/> <img loading=\"lazy\" decoding=\"async\" class=\"alignnone wp-image-84979 size-full\" src=\"http:\/\/10.200.87.50\/mppee\/wp-content\/uploads\/2021\/09\/a76f1603-bc88-4206-916c-81d55173e69b.jpg\" alt=\"\" width=\"912\" height=\"608\" srcset=\"https:\/\/mppee.gob.ve\/wp-content\/uploads\/2021\/09\/a76f1603-bc88-4206-916c-81d55173e69b.jpg 912w, https:\/\/mppee.gob.ve\/wp-content\/uploads\/2021\/09\/a76f1603-bc88-4206-916c-81d55173e69b-300x200.jpg 300w, https:\/\/mppee.gob.ve\/wp-content\/uploads\/2021\/09\/a76f1603-bc88-4206-916c-81d55173e69b-768x512.jpg 768w\" sizes=\"auto, (max-width: 912px) 100vw, 912px\" \/> <img loading=\"lazy\" decoding=\"async\" class=\"alignnone wp-image-84978 size-full\" src=\"http:\/\/10.200.87.50\/mppee\/wp-content\/uploads\/2021\/09\/3979c9ce-8d46-4f1e-9ff0-779f0a9b6c71.jpg\" alt=\"\" width=\"1080\" height=\"748\" srcset=\"https:\/\/mppee.gob.ve\/wp-content\/uploads\/2021\/09\/3979c9ce-8d46-4f1e-9ff0-779f0a9b6c71.jpg 1080w, https:\/\/mppee.gob.ve\/wp-content\/uploads\/2021\/09\/3979c9ce-8d46-4f1e-9ff0-779f0a9b6c71-300x208.jpg 300w, https:\/\/mppee.gob.ve\/wp-content\/uploads\/2021\/09\/3979c9ce-8d46-4f1e-9ff0-779f0a9b6c71-1024x709.jpg 1024w, https:\/\/mppee.gob.ve\/wp-content\/uploads\/2021\/09\/3979c9ce-8d46-4f1e-9ff0-779f0a9b6c71-768x532.jpg 768w, https:\/\/mppee.gob.ve\/wp-content\/uploads\/2021\/09\/3979c9ce-8d46-4f1e-9ff0-779f0a9b6c71-392x272.jpg 392w, https:\/\/mppee.gob.ve\/wp-content\/uploads\/2021\/09\/3979c9ce-8d46-4f1e-9ff0-779f0a9b6c71-130x90.jpg 130w\" sizes=\"auto, (max-width: 1080px) 100vw, 1080px\" \/> <img loading=\"lazy\" decoding=\"async\" class=\"alignnone wp-image-84976 size-full\" src=\"http:\/\/10.200.87.50\/mppee\/wp-content\/uploads\/2021\/09\/01cf2e85-0d09-4ecf-aca9-f3de6ce20685.jpg\" alt=\"\" width=\"1080\" height=\"786\" srcset=\"https:\/\/mppee.gob.ve\/wp-content\/uploads\/2021\/09\/01cf2e85-0d09-4ecf-aca9-f3de6ce20685.jpg 1080w, https:\/\/mppee.gob.ve\/wp-content\/uploads\/2021\/09\/01cf2e85-0d09-4ecf-aca9-f3de6ce20685-300x218.jpg 300w, https:\/\/mppee.gob.ve\/wp-content\/uploads\/2021\/09\/01cf2e85-0d09-4ecf-aca9-f3de6ce20685-1024x745.jpg 1024w, https:\/\/mppee.gob.ve\/wp-content\/uploads\/2021\/09\/01cf2e85-0d09-4ecf-aca9-f3de6ce20685-768x559.jpg 768w\" sizes=\"auto, (max-width: 1080px) 100vw, 1080px\" \/> <img loading=\"lazy\" decoding=\"async\" class=\"alignnone wp-image-84975 size-full\" src=\"http:\/\/10.200.87.50\/mppee\/wp-content\/uploads\/2021\/09\/0a66b2c3-65af-4ac9-8f2e-6ea1ed6ce2b0.jpg\" alt=\"\" width=\"1080\" height=\"689\" srcset=\"https:\/\/mppee.gob.ve\/wp-content\/uploads\/2021\/09\/0a66b2c3-65af-4ac9-8f2e-6ea1ed6ce2b0.jpg 1080w, https:\/\/mppee.gob.ve\/wp-content\/uploads\/2021\/09\/0a66b2c3-65af-4ac9-8f2e-6ea1ed6ce2b0-300x191.jpg 300w, https:\/\/mppee.gob.ve\/wp-content\/uploads\/2021\/09\/0a66b2c3-65af-4ac9-8f2e-6ea1ed6ce2b0-1024x653.jpg 1024w, https:\/\/mppee.gob.ve\/wp-content\/uploads\/2021\/09\/0a66b2c3-65af-4ac9-8f2e-6ea1ed6ce2b0-768x490.jpg 768w\" sizes=\"auto, (max-width: 1080px) 100vw, 1080px\" \/><\/p>\n","protected":false},"excerpt":{"rendered":"<p>El vicepresidente Sectorial de Obras P\u00fablicas y Servicios, G\/J N\u00e9stor Reverol, junto al ministro del Poder Popular para el Transporte,<\/p>\n","protected":false},"author":12,"featured_media":84977,"comment_status":"open","ping_status":"open","sticky":false,"template":"","format":"standard","meta":{"footnotes":""},"categories":[15],"tags":[],"class_list":["post-84974","post","type-post","status-publish","format-standard","has-post-thumbnail","hentry","category-nacionales"],"_links":{"self":[{"href":"https:\/\/mppee.gob.ve\/index.php?rest_route=\/wp\/v2\/posts\/84974","targetHints":{"allow":["GET"]}}],"collection":[{"href":"https:\/\/mppee.gob.ve\/index.php?rest_route=\/wp\/v2\/posts"}],"about":[{"href":"https:\/\/mppee.gob.ve\/index.php?rest_route=\/wp\/v2\/types\/post"}],"author":[{"embeddable":true,"href":"https:\/\/mppee.gob.ve\/index.php?rest_route=\/wp\/v2\/users\/12"}],"replies":[{"embeddable":true,"href":"https:\/\/mppee.gob.ve\/index.php?rest_route=%2Fwp%2Fv2%2Fcomments&post=84974"}],"version-history":[{"count":1,"href":"https:\/\/mppee.gob.ve\/index.php?rest_route=\/wp\/v2\/posts\/84974\/revisions"}],"predecessor-version":[{"id":84983,"href":"https:\/\/mppee.gob.ve\/index.php?rest_route=\/wp\/v2\/posts\/84974\/revisions\/84983"}],"wp:featuredmedia":[{"embeddable":true,"href":"https:\/\/mppee.gob.ve\/index.php?rest_route=\/wp\/v2\/media\/84977"}],"wp:attachment":[{"href":"https:\/\/mppee.gob.ve\/index.php?rest_route=%2Fwp%2Fv2%2Fmedia&parent=84974"}],"wp:term":[{"taxonomy":"category","embeddable":true,"href":"https:\/\/mppee.gob.ve\/index.php?rest_route=%2Fwp%2Fv2%2Fcategories&post=84974"},{"taxonomy":"post_tag","embeddable":true,"href":"https:\/\/mppee.gob.ve\/index.php?rest_route=%2Fwp%2Fv2%2Ftags&post=84974"}],"curies":[{"name":"wp","href":"https:\/\/api.w.org\/{rel}","templated":true}]}}