{"id":85029,"date":"2021-10-02T03:04:20","date_gmt":"2021-10-02T03:04:20","guid":{"rendered":"http:\/\/10.200.87.50\/mppee\/?p=85029"},"modified":"2021-10-02T03:04:22","modified_gmt":"2021-10-02T03:04:22","slug":"mas-de-19-mil-trabajadores-del-sector-electrico-han-sido-inmunizados-contra-la-covid-19","status":"publish","type":"post","link":"https:\/\/mppee.gob.ve\/?p=85029","title":{"rendered":"M\u00e1s de 19 mil trabajadores del sector el\u00e9ctrico han sido inmunizados contra la COVID-19"},"content":{"rendered":"<p style=\"text-align: justify;\"><img loading=\"lazy\" decoding=\"async\" class=\"size-medium wp-image-85039 alignleft\" src=\"http:\/\/10.200.87.50\/mppee\/wp-content\/uploads\/2021\/10\/M\u00e1s-de-19-mil-trabajadores-del-sector-el\u00e9ctrico-han-sido-inmunizados-contra-la-COVID-19-10-300x163.jpeg\" alt=\"\" width=\"300\" height=\"163\" srcset=\"https:\/\/mppee.gob.ve\/wp-content\/uploads\/2021\/10\/M\u00e1s-de-19-mil-trabajadores-del-sector-el\u00e9ctrico-han-sido-inmunizados-contra-la-COVID-19-10-300x163.jpeg 300w, https:\/\/mppee.gob.ve\/wp-content\/uploads\/2021\/10\/M\u00e1s-de-19-mil-trabajadores-del-sector-el\u00e9ctrico-han-sido-inmunizados-contra-la-COVID-19-10-1024x555.jpeg 1024w, https:\/\/mppee.gob.ve\/wp-content\/uploads\/2021\/10\/M\u00e1s-de-19-mil-trabajadores-del-sector-el\u00e9ctrico-han-sido-inmunizados-contra-la-COVID-19-10-768x416.jpeg 768w, https:\/\/mppee.gob.ve\/wp-content\/uploads\/2021\/10\/M\u00e1s-de-19-mil-trabajadores-del-sector-el\u00e9ctrico-han-sido-inmunizados-contra-la-COVID-19-10.jpeg 1080w\" sizes=\"auto, (max-width: 300px) 100vw, 300px\" \/>A trav\u00e9s del Programa Nacional de Vacunaci\u00f3n, ejecutado por el Ministerio del Poder Popular para la Energ\u00eda El\u00e9ctrica, se le garantiza la salud laboral a la fuerza trabajadora de este sector.<\/p>\n<p>A trav\u00e9s de su cuenta en la red social Instagram el vicepresidente Sectorial de Obras P\u00fablicas y Servicios G\/J N\u00e9stor Reverol, indic\u00f3 que hasta la fecha m\u00e1s de 19 mil trabajadores del sector el\u00e9ctrico se han inmunizado contra la COVID-19 a trav\u00e9s de este plan masivo.<\/p>\n<p>El tambi\u00e9n Ministro del Poder Popular para la Energ\u00eda El\u00e9ctrica, destac\u00f3 que, por mandato del presidente de la Rep\u00fablica Bolivariana de Venezuela, Nicol\u00e1s Maduro, este plan <strong>\u201cse fortalece con la incorporaci\u00f3n de 23 puntos de inmunizaci\u00f3n en los diferentes estados del pa\u00eds, para seguir garantizando la salud de nuestros hombres y mujeres.\u201d<\/strong><\/p>\n<p><img loading=\"lazy\" decoding=\"async\" class=\"size-medium wp-image-85038 alignright\" src=\"http:\/\/10.200.87.50\/mppee\/wp-content\/uploads\/2021\/10\/M\u00e1s-de-19-mil-trabajadores-del-sector-el\u00e9ctrico-han-sido-inmunizados-contra-la-COVID-19-9-300x225.jpeg\" alt=\"\" width=\"300\" height=\"225\" srcset=\"https:\/\/mppee.gob.ve\/wp-content\/uploads\/2021\/10\/M\u00e1s-de-19-mil-trabajadores-del-sector-el\u00e9ctrico-han-sido-inmunizados-contra-la-COVID-19-9-300x225.jpeg 300w, https:\/\/mppee.gob.ve\/wp-content\/uploads\/2021\/10\/M\u00e1s-de-19-mil-trabajadores-del-sector-el\u00e9ctrico-han-sido-inmunizados-contra-la-COVID-19-9-768x576.jpeg 768w, https:\/\/mppee.gob.ve\/wp-content\/uploads\/2021\/10\/M\u00e1s-de-19-mil-trabajadores-del-sector-el\u00e9ctrico-han-sido-inmunizados-contra-la-COVID-19-9.jpeg 933w\" sizes=\"auto, (max-width: 300px) 100vw, 300px\" \/>El General en Jefe asever\u00f3 que, gracias al apoyo de la Comisi\u00f3n Presidencial contra la COVID-19, fueron entregados al personal del Fondo Autoadministrado de Salud del Ministerio del Poder Popular para la Energ\u00eda El\u00e9ctrica (Fasmee), equipos m\u00e9dicos para la cadena de fr\u00edo y medicamentos, material de bioseguridad tales como; guantes, tapabocas, gel antibacterial, alcohol y productos de desinfecci\u00f3n.<\/p>\n<p>Reverol Torres reiter\u00f3 que, con estos puntos de vacunaci\u00f3n se lograr\u00e1 alcanzar la meta de aplicar todas las dosis de vacunas, tanto al personal de la industria el\u00e9ctrica como a sus familiares, antes de finalizar el \u00faltimo trimestre de 2021.<\/p>\n<p><strong>\u201cSeguimos trabajando en funci\u00f3n de garantizar el bienestar y la salud a quienes d\u00eda a d\u00eda, trabajan para brindar el servicio de energ\u00eda el\u00e9ctrica al pueblo venezolano,\u201d<\/strong> indic\u00f3 el Ministro Reverol.<\/p>\n<p><em><b>Vacunaci\u00f3n masiva<\/b><\/em><\/p>\n<p><img loading=\"lazy\" decoding=\"async\" class=\"size-medium wp-image-85036 alignleft\" src=\"http:\/\/10.200.87.50\/mppee\/wp-content\/uploads\/2021\/10\/M\u00e1s-de-19-mil-trabajadores-del-sector-el\u00e9ctrico-han-sido-inmunizados-contra-la-COVID-19-7-300x204.jpeg\" alt=\"\" width=\"300\" height=\"204\" srcset=\"https:\/\/mppee.gob.ve\/wp-content\/uploads\/2021\/10\/M\u00e1s-de-19-mil-trabajadores-del-sector-el\u00e9ctrico-han-sido-inmunizados-contra-la-COVID-19-7-300x204.jpeg 300w, https:\/\/mppee.gob.ve\/wp-content\/uploads\/2021\/10\/M\u00e1s-de-19-mil-trabajadores-del-sector-el\u00e9ctrico-han-sido-inmunizados-contra-la-COVID-19-7-1024x698.jpeg 1024w, https:\/\/mppee.gob.ve\/wp-content\/uploads\/2021\/10\/M\u00e1s-de-19-mil-trabajadores-del-sector-el\u00e9ctrico-han-sido-inmunizados-contra-la-COVID-19-7-768x523.jpeg 768w, https:\/\/mppee.gob.ve\/wp-content\/uploads\/2021\/10\/M\u00e1s-de-19-mil-trabajadores-del-sector-el\u00e9ctrico-han-sido-inmunizados-contra-la-COVID-19-7.jpeg 1027w\" sizes=\"auto, (max-width: 300px) 100vw, 300px\" \/>Durante el d\u00eda de ayer en las instalaciones de Corpoelec pertenecientes a la subestaci\u00f3n Convento, ubicada en la urbanizaci\u00f3n El Marqu\u00e9s del municipio Sucre, estado Miranda, la viceministra para la Articulaci\u00f3n y Participaci\u00f3n Social en el Servicio El\u00e9ctrico, Nuris Perozo, inform\u00f3 que la fuerza trabajadora junto a sus familiares recibi\u00f3 atenci\u00f3n inmediata, para ser vacunados contra la COVID-19.<\/p>\n<p>Tambi\u00e9n se colocaron las vacunas contra el toxoide, fiebre amarilla y antigripal; se hizo entrega de insumos m\u00e9dicos gratuitos y la farmacia m\u00f3vil del Fasmee estuvo presente con la prestaci\u00f3n de sus servicios con medicinas a bajo costo.<br \/>\n<b><br \/>\nPrensa Vpsops<\/b><\/p>\n<p><img loading=\"lazy\" decoding=\"async\" class=\"alignnone wp-image-85037 size-full\" src=\"http:\/\/10.200.87.50\/mppee\/wp-content\/uploads\/2021\/10\/M\u00e1s-de-19-mil-trabajadores-del-sector-el\u00e9ctrico-han-sido-inmunizados-contra-la-COVID-19-8.jpeg\" alt=\"\" width=\"932\" height=\"700\" srcset=\"https:\/\/mppee.gob.ve\/wp-content\/uploads\/2021\/10\/M\u00e1s-de-19-mil-trabajadores-del-sector-el\u00e9ctrico-han-sido-inmunizados-contra-la-COVID-19-8.jpeg 932w, https:\/\/mppee.gob.ve\/wp-content\/uploads\/2021\/10\/M\u00e1s-de-19-mil-trabajadores-del-sector-el\u00e9ctrico-han-sido-inmunizados-contra-la-COVID-19-8-300x225.jpeg 300w, https:\/\/mppee.gob.ve\/wp-content\/uploads\/2021\/10\/M\u00e1s-de-19-mil-trabajadores-del-sector-el\u00e9ctrico-han-sido-inmunizados-contra-la-COVID-19-8-768x577.jpeg 768w\" sizes=\"auto, (max-width: 932px) 100vw, 932px\" \/> <img loading=\"lazy\" decoding=\"async\" class=\"alignnone wp-image-85035 size-full\" src=\"http:\/\/10.200.87.50\/mppee\/wp-content\/uploads\/2021\/10\/M\u00e1s-de-19-mil-trabajadores-del-sector-el\u00e9ctrico-han-sido-inmunizados-contra-la-COVID-19-6.jpeg\" alt=\"\" width=\"978\" height=\"700\" srcset=\"https:\/\/mppee.gob.ve\/wp-content\/uploads\/2021\/10\/M\u00e1s-de-19-mil-trabajadores-del-sector-el\u00e9ctrico-han-sido-inmunizados-contra-la-COVID-19-6.jpeg 978w, https:\/\/mppee.gob.ve\/wp-content\/uploads\/2021\/10\/M\u00e1s-de-19-mil-trabajadores-del-sector-el\u00e9ctrico-han-sido-inmunizados-contra-la-COVID-19-6-300x215.jpeg 300w, https:\/\/mppee.gob.ve\/wp-content\/uploads\/2021\/10\/M\u00e1s-de-19-mil-trabajadores-del-sector-el\u00e9ctrico-han-sido-inmunizados-contra-la-COVID-19-6-768x550.jpeg 768w\" sizes=\"auto, (max-width: 978px) 100vw, 978px\" \/> <img loading=\"lazy\" decoding=\"async\" class=\"alignnone wp-image-85034 size-full\" src=\"http:\/\/10.200.87.50\/mppee\/wp-content\/uploads\/2021\/10\/M\u00e1s-de-19-mil-trabajadores-del-sector-el\u00e9ctrico-han-sido-inmunizados-contra-la-COVID-19-5.jpeg\" alt=\"\" width=\"943\" height=\"700\" srcset=\"https:\/\/mppee.gob.ve\/wp-content\/uploads\/2021\/10\/M\u00e1s-de-19-mil-trabajadores-del-sector-el\u00e9ctrico-han-sido-inmunizados-contra-la-COVID-19-5.jpeg 943w, https:\/\/mppee.gob.ve\/wp-content\/uploads\/2021\/10\/M\u00e1s-de-19-mil-trabajadores-del-sector-el\u00e9ctrico-han-sido-inmunizados-contra-la-COVID-19-5-300x223.jpeg 300w, https:\/\/mppee.gob.ve\/wp-content\/uploads\/2021\/10\/M\u00e1s-de-19-mil-trabajadores-del-sector-el\u00e9ctrico-han-sido-inmunizados-contra-la-COVID-19-5-768x570.jpeg 768w\" sizes=\"auto, (max-width: 943px) 100vw, 943px\" \/> <img loading=\"lazy\" decoding=\"async\" class=\"alignnone wp-image-85033 size-full\" src=\"http:\/\/10.200.87.50\/mppee\/wp-content\/uploads\/2021\/10\/M\u00e1s-de-19-mil-trabajadores-del-sector-el\u00e9ctrico-han-sido-inmunizados-contra-la-COVID-19-4.jpeg\" alt=\"\" width=\"1071\" height=\"700\" srcset=\"https:\/\/mppee.gob.ve\/wp-content\/uploads\/2021\/10\/M\u00e1s-de-19-mil-trabajadores-del-sector-el\u00e9ctrico-han-sido-inmunizados-contra-la-COVID-19-4.jpeg 1071w, https:\/\/mppee.gob.ve\/wp-content\/uploads\/2021\/10\/M\u00e1s-de-19-mil-trabajadores-del-sector-el\u00e9ctrico-han-sido-inmunizados-contra-la-COVID-19-4-300x196.jpeg 300w, https:\/\/mppee.gob.ve\/wp-content\/uploads\/2021\/10\/M\u00e1s-de-19-mil-trabajadores-del-sector-el\u00e9ctrico-han-sido-inmunizados-contra-la-COVID-19-4-1024x669.jpeg 1024w, https:\/\/mppee.gob.ve\/wp-content\/uploads\/2021\/10\/M\u00e1s-de-19-mil-trabajadores-del-sector-el\u00e9ctrico-han-sido-inmunizados-contra-la-COVID-19-4-768x502.jpeg 768w\" sizes=\"auto, (max-width: 1071px) 100vw, 1071px\" \/> <img loading=\"lazy\" decoding=\"async\" class=\"alignnone wp-image-85032 size-full\" src=\"http:\/\/10.200.87.50\/mppee\/wp-content\/uploads\/2021\/10\/M\u00e1s-de-19-mil-trabajadores-del-sector-el\u00e9ctrico-han-sido-inmunizados-contra-la-COVID-19-3.jpeg\" alt=\"\" width=\"770\" height=\"700\" srcset=\"https:\/\/mppee.gob.ve\/wp-content\/uploads\/2021\/10\/M\u00e1s-de-19-mil-trabajadores-del-sector-el\u00e9ctrico-han-sido-inmunizados-contra-la-COVID-19-3.jpeg 770w, https:\/\/mppee.gob.ve\/wp-content\/uploads\/2021\/10\/M\u00e1s-de-19-mil-trabajadores-del-sector-el\u00e9ctrico-han-sido-inmunizados-contra-la-COVID-19-3-300x273.jpeg 300w, https:\/\/mppee.gob.ve\/wp-content\/uploads\/2021\/10\/M\u00e1s-de-19-mil-trabajadores-del-sector-el\u00e9ctrico-han-sido-inmunizados-contra-la-COVID-19-3-768x698.jpeg 768w\" sizes=\"auto, (max-width: 770px) 100vw, 770px\" \/> <img loading=\"lazy\" decoding=\"async\" class=\"alignnone wp-image-85031 size-full\" src=\"http:\/\/10.200.87.50\/mppee\/wp-content\/uploads\/2021\/10\/M\u00e1s-de-19-mil-trabajadores-del-sector-el\u00e9ctrico-han-sido-inmunizados-contra-la-COVID-19-2.jpeg\" alt=\"\" width=\"1080\" height=\"675\" srcset=\"https:\/\/mppee.gob.ve\/wp-content\/uploads\/2021\/10\/M\u00e1s-de-19-mil-trabajadores-del-sector-el\u00e9ctrico-han-sido-inmunizados-contra-la-COVID-19-2.jpeg 1080w, https:\/\/mppee.gob.ve\/wp-content\/uploads\/2021\/10\/M\u00e1s-de-19-mil-trabajadores-del-sector-el\u00e9ctrico-han-sido-inmunizados-contra-la-COVID-19-2-300x188.jpeg 300w, https:\/\/mppee.gob.ve\/wp-content\/uploads\/2021\/10\/M\u00e1s-de-19-mil-trabajadores-del-sector-el\u00e9ctrico-han-sido-inmunizados-contra-la-COVID-19-2-1024x640.jpeg 1024w, https:\/\/mppee.gob.ve\/wp-content\/uploads\/2021\/10\/M\u00e1s-de-19-mil-trabajadores-del-sector-el\u00e9ctrico-han-sido-inmunizados-contra-la-COVID-19-2-768x480.jpeg 768w\" sizes=\"auto, (max-width: 1080px) 100vw, 1080px\" \/> <img loading=\"lazy\" decoding=\"async\" class=\"alignnone wp-image-85030 size-full\" src=\"http:\/\/10.200.87.50\/mppee\/wp-content\/uploads\/2021\/10\/M\u00e1s-de-19-mil-trabajadores-del-sector-el\u00e9ctrico-han-sido-inmunizados-contra-la-COVID-19-1.jpeg\" alt=\"\" width=\"700\" height=\"986\" srcset=\"https:\/\/mppee.gob.ve\/wp-content\/uploads\/2021\/10\/M\u00e1s-de-19-mil-trabajadores-del-sector-el\u00e9ctrico-han-sido-inmunizados-contra-la-COVID-19-1.jpeg 700w, https:\/\/mppee.gob.ve\/wp-content\/uploads\/2021\/10\/M\u00e1s-de-19-mil-trabajadores-del-sector-el\u00e9ctrico-han-sido-inmunizados-contra-la-COVID-19-1-213x300.jpeg 213w\" sizes=\"auto, (max-width: 700px) 100vw, 700px\" \/><\/p>\n","protected":false},"excerpt":{"rendered":"<p>A trav\u00e9s del Programa Nacional de Vacunaci\u00f3n, ejecutado por el Ministerio del Poder Popular para la Energ\u00eda El\u00e9ctrica, se le<\/p>\n","protected":false},"author":12,"featured_media":85033,"comment_status":"open","ping_status":"open","sticky":false,"template":"","format":"standard","meta":{"footnotes":""},"categories":[15],"tags":[11],"class_list":["post-85029","post","type-post","status-publish","format-standard","has-post-thumbnail","hentry","category-nacionales","tag-mppee"],"_links":{"self":[{"href":"https:\/\/mppee.gob.ve\/index.php?rest_route=\/wp\/v2\/posts\/85029","targetHints":{"allow":["GET"]}}],"collection":[{"href":"https:\/\/mppee.gob.ve\/index.php?rest_route=\/wp\/v2\/posts"}],"about":[{"href":"https:\/\/mppee.gob.ve\/index.php?rest_route=\/wp\/v2\/types\/post"}],"author":[{"embeddable":true,"href":"https:\/\/mppee.gob.ve\/index.php?rest_route=\/wp\/v2\/users\/12"}],"replies":[{"embeddable":true,"href":"https:\/\/mppee.gob.ve\/index.php?rest_route=%2Fwp%2Fv2%2Fcomments&post=85029"}],"version-history":[{"count":1,"href":"https:\/\/mppee.gob.ve\/index.php?rest_route=\/wp\/v2\/posts\/85029\/revisions"}],"predecessor-version":[{"id":85040,"href":"https:\/\/mppee.gob.ve\/index.php?rest_route=\/wp\/v2\/posts\/85029\/revisions\/85040"}],"wp:featuredmedia":[{"embeddable":true,"href":"https:\/\/mppee.gob.ve\/index.php?rest_route=\/wp\/v2\/media\/85033"}],"wp:attachment":[{"href":"https:\/\/mppee.gob.ve\/index.php?rest_route=%2Fwp%2Fv2%2Fmedia&parent=85029"}],"wp:term":[{"taxonomy":"category","embeddable":true,"href":"https:\/\/mppee.gob.ve\/index.php?rest_route=%2Fwp%2Fv2%2Fcategories&post=85029"},{"taxonomy":"post_tag","embeddable":true,"href":"https:\/\/mppee.gob.ve\/index.php?rest_route=%2Fwp%2Fv2%2Ftags&post=85029"}],"curies":[{"name":"wp","href":"https:\/\/api.w.org\/{rel}","templated":true}]}}