{"id":85048,"date":"2021-10-04T13:05:10","date_gmt":"2021-10-04T13:05:10","guid":{"rendered":"http:\/\/10.200.87.50\/mppee\/?p=85048"},"modified":"2021-10-05T13:57:19","modified_gmt":"2021-10-05T13:57:19","slug":"acuerdan-estrategias-para-fortalecer-servicios-publicos-en-ultimo-trimestre-del-ano","status":"publish","type":"post","link":"https:\/\/mppee.gob.ve\/?p=85048","title":{"rendered":"Acuerdan estrategias para fortalecer servicios p\u00fablicos en \u00faltimo trimestre del a\u00f1o"},"content":{"rendered":"<p style=\"text-align: justify;\"><img loading=\"lazy\" decoding=\"async\" class=\"size-medium wp-image-85053 alignleft\" src=\"http:\/\/10.200.87.50\/mppee\/wp-content\/uploads\/2021\/10\/WhatsApp-Image-2021-10-04-at-7.16.58-PM-300x189.jpeg\" alt=\"\" width=\"300\" height=\"189\" srcset=\"https:\/\/mppee.gob.ve\/wp-content\/uploads\/2021\/10\/WhatsApp-Image-2021-10-04-at-7.16.58-PM-300x189.jpeg 300w, https:\/\/mppee.gob.ve\/wp-content\/uploads\/2021\/10\/WhatsApp-Image-2021-10-04-at-7.16.58-PM-1024x645.jpeg 1024w, https:\/\/mppee.gob.ve\/wp-content\/uploads\/2021\/10\/WhatsApp-Image-2021-10-04-at-7.16.58-PM-768x484.jpeg 768w, https:\/\/mppee.gob.ve\/wp-content\/uploads\/2021\/10\/WhatsApp-Image-2021-10-04-at-7.16.58-PM.jpeg 1080w\" sizes=\"auto, (max-width: 300px) 100vw, 300px\" \/>El vicepresidente sectorial de Obras P\u00fablicas y Servicios, G\/J N\u00e9stor Reverol, junto a los ministros y presidentes de los entes adscritos a este despacho, sostuvieron un encuentro a fin de construir una agenda de trabajo para fortalecer los servicios p\u00fablicos en el pa\u00eds.<\/p>\n<p>A trav\u00e9s de su cuenta en la red social Instagram @reverolnestor, asever\u00f3 que, por instrucciones del presidente de la Rep\u00fablica Bolivariana de Venezuela, Nicol\u00e1s Maduro, se ejecut\u00f3 esta reuni\u00f3n para <strong>\u201cconstruir la agenda de acciones estrat\u00e9gicas a concretar durante el \u00faltimo trimestre del a\u00f1o en materia de agua potable, gas dom\u00e9stico, energ\u00eda el\u00e9ctrica, telecomunicaciones y transporte.\u201d<\/strong><\/p>\n<p>El tambi\u00e9n Ministro del Poder Popular para la Energ\u00eda El\u00e9ctrica, reiter\u00f3 que esta agenda tendr\u00e1 como principal enfoque el abordaje territorial de los servicios p\u00fablicos con especial \u00e9nfasis en la georreferenciaci\u00f3n y fortalecimiento de los sistemas antes mencionados.<\/p>\n<p><img loading=\"lazy\" decoding=\"async\" class=\"size-medium wp-image-85050 alignright\" src=\"http:\/\/10.200.87.50\/mppee\/wp-content\/uploads\/2021\/10\/WhatsApp-Image-2021-10-04-at-7.16.57-PM1-300x200.jpeg\" alt=\"\" width=\"300\" height=\"200\" srcset=\"https:\/\/mppee.gob.ve\/wp-content\/uploads\/2021\/10\/WhatsApp-Image-2021-10-04-at-7.16.57-PM1-300x200.jpeg 300w, https:\/\/mppee.gob.ve\/wp-content\/uploads\/2021\/10\/WhatsApp-Image-2021-10-04-at-7.16.57-PM1-1024x682.jpeg 1024w, https:\/\/mppee.gob.ve\/wp-content\/uploads\/2021\/10\/WhatsApp-Image-2021-10-04-at-7.16.57-PM1-768x511.jpeg 768w, https:\/\/mppee.gob.ve\/wp-content\/uploads\/2021\/10\/WhatsApp-Image-2021-10-04-at-7.16.57-PM1.jpeg 1080w\" sizes=\"auto, (max-width: 300px) 100vw, 300px\" \/>Reverol Torres, se\u00f1al\u00f3 que se contar\u00e1 con la participaci\u00f3n activa del Poder Popular, con miras a la consolidaci\u00f3n de un sistema de servicios p\u00fablicos, acorde a las necesidades del pueblo venezolano.<\/p>\n<p>En d\u00edas recientes, el Vicepresidente Sectorial de Obras P\u00fablicas y Servicios, se reuni\u00f3 con los ministros del Poder Popular para el Transporte, Hip\u00f3lito Abreu y Jorge Arreaza, titular de Industrias y Producci\u00f3n Nacional, donde se debatieron importantes acuerdos, para fortalecer el sistema de transporte y el parque industrial en el territorio nacional, ya que el Jefe de Estado ha puesto principal atenci\u00f3n porque son \u00e1reas estrat\u00e9gicas para el desarrollo productivo de la naci\u00f3n.<\/p>\n<p><strong>Prensa Vpsops<\/strong><\/p>\n<p><img loading=\"lazy\" decoding=\"async\" class=\"alignnone wp-image-85052 size-full\" src=\"http:\/\/10.200.87.50\/mppee\/wp-content\/uploads\/2021\/10\/WhatsApp-Image-2021-10-04-at-7.16.57-PM.jpeg\" alt=\"\" width=\"1080\" height=\"719\" srcset=\"https:\/\/mppee.gob.ve\/wp-content\/uploads\/2021\/10\/WhatsApp-Image-2021-10-04-at-7.16.57-PM.jpeg 1080w, https:\/\/mppee.gob.ve\/wp-content\/uploads\/2021\/10\/WhatsApp-Image-2021-10-04-at-7.16.57-PM-300x200.jpeg 300w, https:\/\/mppee.gob.ve\/wp-content\/uploads\/2021\/10\/WhatsApp-Image-2021-10-04-at-7.16.57-PM-1024x682.jpeg 1024w, https:\/\/mppee.gob.ve\/wp-content\/uploads\/2021\/10\/WhatsApp-Image-2021-10-04-at-7.16.57-PM-768x511.jpeg 768w\" sizes=\"auto, (max-width: 1080px) 100vw, 1080px\" \/> <img loading=\"lazy\" decoding=\"async\" class=\"alignnone wp-image-85051 size-full\" src=\"http:\/\/10.200.87.50\/mppee\/wp-content\/uploads\/2021\/10\/WhatsApp-Image-2021-10-04-at-7.16.57-PM2.jpeg\" alt=\"\" width=\"1080\" height=\"664\" srcset=\"https:\/\/mppee.gob.ve\/wp-content\/uploads\/2021\/10\/WhatsApp-Image-2021-10-04-at-7.16.57-PM2.jpeg 1080w, https:\/\/mppee.gob.ve\/wp-content\/uploads\/2021\/10\/WhatsApp-Image-2021-10-04-at-7.16.57-PM2-300x184.jpeg 300w, https:\/\/mppee.gob.ve\/wp-content\/uploads\/2021\/10\/WhatsApp-Image-2021-10-04-at-7.16.57-PM2-1024x630.jpeg 1024w, https:\/\/mppee.gob.ve\/wp-content\/uploads\/2021\/10\/WhatsApp-Image-2021-10-04-at-7.16.57-PM2-768x472.jpeg 768w\" sizes=\"auto, (max-width: 1080px) 100vw, 1080px\" \/><\/p>\n","protected":false},"excerpt":{"rendered":"<p>El vicepresidente sectorial de Obras P\u00fablicas y Servicios, G\/J N\u00e9stor Reverol, junto a los ministros y presidentes de los entes<\/p>\n","protected":false},"author":12,"featured_media":85049,"comment_status":"open","ping_status":"open","sticky":false,"template":"","format":"standard","meta":{"footnotes":""},"categories":[15],"tags":[],"class_list":["post-85048","post","type-post","status-publish","format-standard","has-post-thumbnail","hentry","category-nacionales"],"_links":{"self":[{"href":"https:\/\/mppee.gob.ve\/index.php?rest_route=\/wp\/v2\/posts\/85048","targetHints":{"allow":["GET"]}}],"collection":[{"href":"https:\/\/mppee.gob.ve\/index.php?rest_route=\/wp\/v2\/posts"}],"about":[{"href":"https:\/\/mppee.gob.ve\/index.php?rest_route=\/wp\/v2\/types\/post"}],"author":[{"embeddable":true,"href":"https:\/\/mppee.gob.ve\/index.php?rest_route=\/wp\/v2\/users\/12"}],"replies":[{"embeddable":true,"href":"https:\/\/mppee.gob.ve\/index.php?rest_route=%2Fwp%2Fv2%2Fcomments&post=85048"}],"version-history":[{"count":2,"href":"https:\/\/mppee.gob.ve\/index.php?rest_route=\/wp\/v2\/posts\/85048\/revisions"}],"predecessor-version":[{"id":85060,"href":"https:\/\/mppee.gob.ve\/index.php?rest_route=\/wp\/v2\/posts\/85048\/revisions\/85060"}],"wp:featuredmedia":[{"embeddable":true,"href":"https:\/\/mppee.gob.ve\/index.php?rest_route=\/wp\/v2\/media\/85049"}],"wp:attachment":[{"href":"https:\/\/mppee.gob.ve\/index.php?rest_route=%2Fwp%2Fv2%2Fmedia&parent=85048"}],"wp:term":[{"taxonomy":"category","embeddable":true,"href":"https:\/\/mppee.gob.ve\/index.php?rest_route=%2Fwp%2Fv2%2Fcategories&post=85048"},{"taxonomy":"post_tag","embeddable":true,"href":"https:\/\/mppee.gob.ve\/index.php?rest_route=%2Fwp%2Fv2%2Ftags&post=85048"}],"curies":[{"name":"wp","href":"https:\/\/api.w.org\/{rel}","templated":true}]}}