{"id":85061,"date":"2021-10-05T14:04:37","date_gmt":"2021-10-05T14:04:37","guid":{"rendered":"http:\/\/10.200.87.50\/mppee\/?p=85061"},"modified":"2021-10-05T14:04:39","modified_gmt":"2021-10-05T14:04:39","slug":"comision-presidencial-supervisa-avances-de-los-trabajos-de-recuperacion-de-la-ucv","status":"publish","type":"post","link":"https:\/\/mppee.gob.ve\/?p=85061","title":{"rendered":"Comisi\u00f3n Presidencial supervisa avances de los trabajos de recuperaci\u00f3n de la UCV"},"content":{"rendered":"<p style=\"text-align: justify;\"><img loading=\"lazy\" decoding=\"async\" class=\"size-medium wp-image-85058 alignleft\" src=\"http:\/\/10.200.87.50\/mppee\/wp-content\/uploads\/2021\/10\/WhatsApp-Image-2021-10-05-at-8.29.34-AM-300x200.jpeg\" alt=\"\" width=\"300\" height=\"200\" srcset=\"https:\/\/mppee.gob.ve\/wp-content\/uploads\/2021\/10\/WhatsApp-Image-2021-10-05-at-8.29.34-AM-300x200.jpeg 300w, https:\/\/mppee.gob.ve\/wp-content\/uploads\/2021\/10\/WhatsApp-Image-2021-10-05-at-8.29.34-AM-768x512.jpeg 768w, https:\/\/mppee.gob.ve\/wp-content\/uploads\/2021\/10\/WhatsApp-Image-2021-10-05-at-8.29.34-AM.jpeg 1024w\" sizes=\"auto, (max-width: 300px) 100vw, 300px\" \/>Autoridades de la Comisi\u00f3n Presidencial para la Recuperaci\u00f3n de Espacios en la Universidad Central de Venezuela (UCV), supervisaron los trabajos que se ejecutan dentro del recinto estudiantil y constataron el estado de la infraestructura, tal como lo instruy\u00f3 el presidente de la Rep\u00fablica Bolivariana de Venezuela, Nicol\u00e1s Maduro.<\/p>\n<p style=\"text-align: justify;\">El recorrido estuvo encabezado por la vicepresidenta ejecutiva, Delcy Rodr\u00edguez acompa\u00f1ada por el vicepresidente Sectorial de Obras P\u00fablicas y Servicios, G\/J N\u00e9stor Reverol, la presidenta del \u00d3rgano Superior de la Misi\u00f3n Venezuela Bella, Jacqueline Faria, y el ministro del Poder Popular para la Educaci\u00f3n Universitaria, C\u00e9sar Trompiz, quienes informaron que un equipo multidisciplinario del Gobierno Bolivariano atiende de manera integral, el rescate de todas las \u00e1reas de esta casa de estudio.<\/p>\n<p style=\"text-align: justify;\">El vicepresidente de Servicios afirm\u00f3 que, m\u00e1s de mil trabajadores en 30 frentes de trabajo de los distintos entes del Ejecutivo nacional, se encuentran desplegados en cada facultad.<\/p>\n<p style=\"text-align: justify;\"><strong><img loading=\"lazy\" decoding=\"async\" class=\"size-medium wp-image-85057 alignright\" src=\"http:\/\/10.200.87.50\/mppee\/wp-content\/uploads\/2021\/10\/WhatsApp-Image-2021-10-05-at-8.29.34-AM1-300x200.jpeg\" alt=\"\" width=\"300\" height=\"200\" srcset=\"https:\/\/mppee.gob.ve\/wp-content\/uploads\/2021\/10\/WhatsApp-Image-2021-10-05-at-8.29.34-AM1-300x200.jpeg 300w, https:\/\/mppee.gob.ve\/wp-content\/uploads\/2021\/10\/WhatsApp-Image-2021-10-05-at-8.29.34-AM1-768x512.jpeg 768w, https:\/\/mppee.gob.ve\/wp-content\/uploads\/2021\/10\/WhatsApp-Image-2021-10-05-at-8.29.34-AM1.jpeg 1024w\" sizes=\"auto, (max-width: 300px) 100vw, 300px\" \/>\u201cTambi\u00e9n colocamos m\u00e1s de 700 luminarias exteriores para devolverle la iluminaci\u00f3n a este espacio. La luz de la Revoluci\u00f3n vence las sombras de la Universidad Central de Venezuela\u201d<\/strong> acot\u00f3 el tambi\u00e9n Ministro del Poder Popular para la Energ\u00eda El\u00e9ctrica.<\/p>\n<p style=\"text-align: justify;\">Por su parte, Jacqueline Faria, dijo que luego de dos meses de haber comenzado las reparaciones, estas presentan entre el 60 y 95 por ciento en ocho de las nueve facultades, <strong>\u201ces un impacto ver hoy el cambio en cada pasillo y tener la oportunidad de ver a la UCV florecer nuevamente\u201d<\/strong>, dijo.<\/p>\n<p style=\"text-align: justify;\">Faria, hizo hincapi\u00e9 en que tambi\u00e9n se reacondiciona el Aula Magna de esta Universidad, lugar representativo e hist\u00f3rico para cada estudiante, egresado y el pueblo venezolano en general.<\/p>\n<p style=\"text-align: justify;\"><img loading=\"lazy\" decoding=\"async\" class=\"size-medium wp-image-85055 alignleft\" src=\"http:\/\/10.200.87.50\/mppee\/wp-content\/uploads\/2021\/10\/WhatsApp-Image-2021-10-05-at-8.29.33-AM2-300x200.jpeg\" alt=\"\" width=\"300\" height=\"200\" srcset=\"https:\/\/mppee.gob.ve\/wp-content\/uploads\/2021\/10\/WhatsApp-Image-2021-10-05-at-8.29.33-AM2-300x200.jpeg 300w, https:\/\/mppee.gob.ve\/wp-content\/uploads\/2021\/10\/WhatsApp-Image-2021-10-05-at-8.29.33-AM2-768x512.jpeg 768w, https:\/\/mppee.gob.ve\/wp-content\/uploads\/2021\/10\/WhatsApp-Image-2021-10-05-at-8.29.33-AM2.jpeg 1024w\" sizes=\"auto, (max-width: 300px) 100vw, 300px\" \/>Por su parte, el ministro para la Educaci\u00f3n Universitaria, C\u00e9sar Trompiz, manifest\u00f3 que no solo se realizan trabajos de mantenimiento correctivo, sino que tambi\u00e9n cada instituci\u00f3n que forma parte de la Comisi\u00f3n velar\u00e1 por el sostenimiento de todas las obras.<\/p>\n<p style=\"text-align: justify;\">Para finalizar, Trompiz asegur\u00f3 que la UCV se encuentra en \u00f3ptimas condiciones para recibir a los estudiantes el pr\u00f3ximo 25 de octubre, fecha en la cual se tiene previsto el retorno a las aulas de clase.<\/p>\n<p style=\"text-align: justify;\">Los trabajos de remodelaci\u00f3n, restauraci\u00f3n y reacondicionamiento de este patrimonio de la humanidad declarado por la Unesco desde el a\u00f1o 2000, son desarrollados para exaltar y celebrar los 300 a\u00f1os de su fundaci\u00f3n.<\/p>\n<p style=\"text-align: justify;\"><strong>Prensa Vpsops.<\/strong><\/p>\n<p><img loading=\"lazy\" decoding=\"async\" class=\"alignnone wp-image-85054 size-full\" src=\"http:\/\/10.200.87.50\/mppee\/wp-content\/uploads\/2021\/10\/WhatsApp-Image-2021-10-05-at-8.29.33-AM1.jpeg\" alt=\"\" width=\"1024\" height=\"683\" srcset=\"https:\/\/mppee.gob.ve\/wp-content\/uploads\/2021\/10\/WhatsApp-Image-2021-10-05-at-8.29.33-AM1.jpeg 1024w, https:\/\/mppee.gob.ve\/wp-content\/uploads\/2021\/10\/WhatsApp-Image-2021-10-05-at-8.29.33-AM1-300x200.jpeg 300w, https:\/\/mppee.gob.ve\/wp-content\/uploads\/2021\/10\/WhatsApp-Image-2021-10-05-at-8.29.33-AM1-768x512.jpeg 768w\" sizes=\"auto, (max-width: 1024px) 100vw, 1024px\" \/><\/p>\n","protected":false},"excerpt":{"rendered":"<p>Autoridades de la Comisi\u00f3n Presidencial para la Recuperaci\u00f3n de Espacios en la Universidad Central de Venezuela (UCV), supervisaron los trabajos<\/p>\n","protected":false},"author":12,"featured_media":85056,"comment_status":"open","ping_status":"open","sticky":false,"template":"","format":"standard","meta":{"footnotes":""},"categories":[30],"tags":[],"class_list":["post-85061","post","type-post","status-publish","format-standard","has-post-thumbnail","hentry","category-regionales"],"_links":{"self":[{"href":"https:\/\/mppee.gob.ve\/index.php?rest_route=\/wp\/v2\/posts\/85061","targetHints":{"allow":["GET"]}}],"collection":[{"href":"https:\/\/mppee.gob.ve\/index.php?rest_route=\/wp\/v2\/posts"}],"about":[{"href":"https:\/\/mppee.gob.ve\/index.php?rest_route=\/wp\/v2\/types\/post"}],"author":[{"embeddable":true,"href":"https:\/\/mppee.gob.ve\/index.php?rest_route=\/wp\/v2\/users\/12"}],"replies":[{"embeddable":true,"href":"https:\/\/mppee.gob.ve\/index.php?rest_route=%2Fwp%2Fv2%2Fcomments&post=85061"}],"version-history":[{"count":1,"href":"https:\/\/mppee.gob.ve\/index.php?rest_route=\/wp\/v2\/posts\/85061\/revisions"}],"predecessor-version":[{"id":85062,"href":"https:\/\/mppee.gob.ve\/index.php?rest_route=\/wp\/v2\/posts\/85061\/revisions\/85062"}],"wp:featuredmedia":[{"embeddable":true,"href":"https:\/\/mppee.gob.ve\/index.php?rest_route=\/wp\/v2\/media\/85056"}],"wp:attachment":[{"href":"https:\/\/mppee.gob.ve\/index.php?rest_route=%2Fwp%2Fv2%2Fmedia&parent=85061"}],"wp:term":[{"taxonomy":"category","embeddable":true,"href":"https:\/\/mppee.gob.ve\/index.php?rest_route=%2Fwp%2Fv2%2Fcategories&post=85061"},{"taxonomy":"post_tag","embeddable":true,"href":"https:\/\/mppee.gob.ve\/index.php?rest_route=%2Fwp%2Fv2%2Ftags&post=85061"}],"curies":[{"name":"wp","href":"https:\/\/api.w.org\/{rel}","templated":true}]}}