{"id":85080,"date":"2021-10-08T12:24:00","date_gmt":"2021-10-08T12:24:00","guid":{"rendered":"http:\/\/10.200.87.50\/mppee\/?p=85080"},"modified":"2021-10-11T12:36:03","modified_gmt":"2021-10-11T12:36:03","slug":"supervisan-infraestructura-y-avances-de-trabajos-en-el-sector-electrico-de-falcon","status":"publish","type":"post","link":"https:\/\/mppee.gob.ve\/?p=85080","title":{"rendered":"Supervisan infraestructura y avances de trabajos en el sector el\u00e9ctrico de Falc\u00f3n"},"content":{"rendered":"<p style=\"text-align: justify;\"><img loading=\"lazy\" decoding=\"async\" class=\"size-medium wp-image-85092 alignleft\" src=\"http:\/\/10.200.87.50\/mppee\/wp-content\/uploads\/2021\/10\/Supervisan-infraestructura-y-avances-de-trabajos-en-el-sector-el\u00e9ctrico-de-Falc\u00f3n-12-300x190.jpeg\" alt=\"\" width=\"300\" height=\"190\" srcset=\"https:\/\/mppee.gob.ve\/wp-content\/uploads\/2021\/10\/Supervisan-infraestructura-y-avances-de-trabajos-en-el-sector-el\u00e9ctrico-de-Falc\u00f3n-12-300x190.jpeg 300w, https:\/\/mppee.gob.ve\/wp-content\/uploads\/2021\/10\/Supervisan-infraestructura-y-avances-de-trabajos-en-el-sector-el\u00e9ctrico-de-Falc\u00f3n-12-1024x649.jpeg 1024w, https:\/\/mppee.gob.ve\/wp-content\/uploads\/2021\/10\/Supervisan-infraestructura-y-avances-de-trabajos-en-el-sector-el\u00e9ctrico-de-Falc\u00f3n-12-768x487.jpeg 768w, https:\/\/mppee.gob.ve\/wp-content\/uploads\/2021\/10\/Supervisan-infraestructura-y-avances-de-trabajos-en-el-sector-el\u00e9ctrico-de-Falc\u00f3n-12.jpeg 1080w\" sizes=\"auto, (max-width: 300px) 100vw, 300px\" \/>Para constatar el funcionamiento y evaluar las mejoras de la prestaci\u00f3n del servicio el\u00e9ctrico en el estado Falc\u00f3n, el vicepresidente Sectorial de Obras P\u00fablicas y Servicios, G\/J N\u00e9stor Reverol, inform\u00f3 a trav\u00e9s de sus redes sociales la visita de inspecci\u00f3n \u00a0que efectu\u00f3 junto a las autoridades regionales por las infraestructuras el\u00e9ctricas de esta entidad.<\/p>\n<p>Asimismo detall\u00f3 que gracias al trabajo continuo que ejecuta la fuerza trabajadora de la Corporaci\u00f3n El\u00e9ctrica Nacional (Corpoelec), se han recuperado 300 megavatios (MW), para garantizar la estabilidad del Sistema El\u00e9ctrico Nacional en la entidad y est\u00e1n en proceso de recuperaci\u00f3n de 150 MW m\u00e1s, que se incluyen en el plan trimestral de cierre de este a\u00f1o 2021.<\/p>\n<p><img loading=\"lazy\" decoding=\"async\" class=\"size-medium wp-image-85093 alignright\" src=\"http:\/\/10.200.87.50\/mppee\/wp-content\/uploads\/2021\/10\/Supervisan-infraestructura-y-avances-de-trabajos-en-el-sector-el\u00e9ctrico-de-Falc\u00f3n-13-300x200.jpeg\" alt=\"\" width=\"300\" height=\"200\" srcset=\"https:\/\/mppee.gob.ve\/wp-content\/uploads\/2021\/10\/Supervisan-infraestructura-y-avances-de-trabajos-en-el-sector-el\u00e9ctrico-de-Falc\u00f3n-13-300x200.jpeg 300w, https:\/\/mppee.gob.ve\/wp-content\/uploads\/2021\/10\/Supervisan-infraestructura-y-avances-de-trabajos-en-el-sector-el\u00e9ctrico-de-Falc\u00f3n-13-1024x682.jpeg 1024w, https:\/\/mppee.gob.ve\/wp-content\/uploads\/2021\/10\/Supervisan-infraestructura-y-avances-de-trabajos-en-el-sector-el\u00e9ctrico-de-Falc\u00f3n-13-768x512.jpeg 768w, https:\/\/mppee.gob.ve\/wp-content\/uploads\/2021\/10\/Supervisan-infraestructura-y-avances-de-trabajos-en-el-sector-el\u00e9ctrico-de-Falc\u00f3n-13.jpeg 1280w\" sizes=\"auto, (max-width: 300px) 100vw, 300px\" \/>El General en Jefe junto al gobernador del estado Falc\u00f3n, V\u00edctor Clark Bosc\u00e1n, tambi\u00e9n inspeccion\u00f3 el Parque E\u00f3lico de Paraguan\u00e1, donde explic\u00f3 que esta importante infraestructura se encuentra en pleno proceso de recuperaci\u00f3n y ya cuenta con una generaci\u00f3n del 50 por ciento.<\/p>\n<p>El tambi\u00e9n Ministro del Poder Popular para la Energ\u00eda El\u00e9ctrica, enfatiz\u00f3 que antes de finalizar el a\u00f1o se reactivar\u00e1 la f\u00e1brica de bombillos Vietven Iluminaciones, as\u00ed como la empresa de paneles solares y aerogeneradores Unerven.<\/p>\n<p>Reverol Torres verific\u00f3 adem\u00e1s los procesos productivos de ambas f\u00e1bricas y reconoci\u00f3 el trabajo de la fuerza laboral de Corpoelec Industrial.<\/p>\n<p><img loading=\"lazy\" decoding=\"async\" class=\"size-medium wp-image-85088 alignleft\" src=\"http:\/\/10.200.87.50\/mppee\/wp-content\/uploads\/2021\/10\/Supervisan-infraestructura-y-avances-de-trabajos-en-el-sector-el\u00e9ctrico-de-Falc\u00f3n-8-300x200.jpeg\" alt=\"\" width=\"300\" height=\"200\" srcset=\"https:\/\/mppee.gob.ve\/wp-content\/uploads\/2021\/10\/Supervisan-infraestructura-y-avances-de-trabajos-en-el-sector-el\u00e9ctrico-de-Falc\u00f3n-8-300x200.jpeg 300w, https:\/\/mppee.gob.ve\/wp-content\/uploads\/2021\/10\/Supervisan-infraestructura-y-avances-de-trabajos-en-el-sector-el\u00e9ctrico-de-Falc\u00f3n-8-1024x682.jpeg 1024w, https:\/\/mppee.gob.ve\/wp-content\/uploads\/2021\/10\/Supervisan-infraestructura-y-avances-de-trabajos-en-el-sector-el\u00e9ctrico-de-Falc\u00f3n-8-768x512.jpeg 768w, https:\/\/mppee.gob.ve\/wp-content\/uploads\/2021\/10\/Supervisan-infraestructura-y-avances-de-trabajos-en-el-sector-el\u00e9ctrico-de-Falc\u00f3n-8.jpeg 1280w\" sizes=\"auto, (max-width: 300px) 100vw, 300px\" \/>Cabe destacar que m\u00e1s temprano, el Ministro Reverol inform\u00f3 que se construir\u00e1 una subestaci\u00f3n en Chichiriviche, con el fin de garantizar mayor estabilidad al servicio el\u00e9ctrico en esta zona costera del pa\u00eds.<\/p>\n<p><strong>\u00a0\u201cSeguiremos desplegados en el territorio nacional con el firme prop\u00f3sito de garantizar los servicios p\u00fablicos a nuestro pueblo\u201d<\/strong>, puntualiz\u00f3 el ministro N\u00e9stor Reverol.<\/p>\n<p><b>Prensa Vpsops<\/b><\/p>\n<figure id=\"attachment_85081\" aria-describedby=\"caption-attachment-85081\" style=\"width: 1080px\" class=\"wp-caption alignnone\"><img loading=\"lazy\" decoding=\"async\" class=\"wp-image-85081 size-full\" src=\"http:\/\/10.200.87.50\/mppee\/wp-content\/uploads\/2021\/10\/Supervisan-infraestructura-y-avances-de-trabajos-en-el-sector-el\u00e9ctrico-de-Falc\u00f3n-1.jpeg\" alt=\"\" width=\"1080\" height=\"818\" srcset=\"https:\/\/mppee.gob.ve\/wp-content\/uploads\/2021\/10\/Supervisan-infraestructura-y-avances-de-trabajos-en-el-sector-el\u00e9ctrico-de-Falc\u00f3n-1.jpeg 1080w, https:\/\/mppee.gob.ve\/wp-content\/uploads\/2021\/10\/Supervisan-infraestructura-y-avances-de-trabajos-en-el-sector-el\u00e9ctrico-de-Falc\u00f3n-1-300x227.jpeg 300w, https:\/\/mppee.gob.ve\/wp-content\/uploads\/2021\/10\/Supervisan-infraestructura-y-avances-de-trabajos-en-el-sector-el\u00e9ctrico-de-Falc\u00f3n-1-1024x776.jpeg 1024w, https:\/\/mppee.gob.ve\/wp-content\/uploads\/2021\/10\/Supervisan-infraestructura-y-avances-de-trabajos-en-el-sector-el\u00e9ctrico-de-Falc\u00f3n-1-768x582.jpeg 768w\" sizes=\"auto, (max-width: 1080px) 100vw, 1080px\" \/><figcaption id=\"caption-attachment-85081\" class=\"wp-caption-text\">vicepresidente Sectorial de Obras P\u00fablicas y Servicio; Ministro del Poder Popular para la Energ\u00eda El\u00e9ctrica, G\/J N\u00e9stor Reverol<\/figcaption><\/figure>\n<p><img loading=\"lazy\" decoding=\"async\" class=\"alignnone wp-image-85090 size-full\" src=\"http:\/\/10.200.87.50\/mppee\/wp-content\/uploads\/2021\/10\/Supervisan-infraestructura-y-avances-de-trabajos-en-el-sector-el\u00e9ctrico-de-Falc\u00f3n-10.jpeg\" alt=\"\" width=\"1280\" height=\"853\" srcset=\"https:\/\/mppee.gob.ve\/wp-content\/uploads\/2021\/10\/Supervisan-infraestructura-y-avances-de-trabajos-en-el-sector-el\u00e9ctrico-de-Falc\u00f3n-10.jpeg 1280w, https:\/\/mppee.gob.ve\/wp-content\/uploads\/2021\/10\/Supervisan-infraestructura-y-avances-de-trabajos-en-el-sector-el\u00e9ctrico-de-Falc\u00f3n-10-300x200.jpeg 300w, https:\/\/mppee.gob.ve\/wp-content\/uploads\/2021\/10\/Supervisan-infraestructura-y-avances-de-trabajos-en-el-sector-el\u00e9ctrico-de-Falc\u00f3n-10-1024x682.jpeg 1024w, https:\/\/mppee.gob.ve\/wp-content\/uploads\/2021\/10\/Supervisan-infraestructura-y-avances-de-trabajos-en-el-sector-el\u00e9ctrico-de-Falc\u00f3n-10-768x512.jpeg 768w\" sizes=\"auto, (max-width: 1280px) 100vw, 1280px\" \/> <img loading=\"lazy\" decoding=\"async\" class=\"alignnone wp-image-85089 size-full\" src=\"http:\/\/10.200.87.50\/mppee\/wp-content\/uploads\/2021\/10\/Supervisan-infraestructura-y-avances-de-trabajos-en-el-sector-el\u00e9ctrico-de-Falc\u00f3n-9.jpeg\" alt=\"\" width=\"1280\" height=\"853\" srcset=\"https:\/\/mppee.gob.ve\/wp-content\/uploads\/2021\/10\/Supervisan-infraestructura-y-avances-de-trabajos-en-el-sector-el\u00e9ctrico-de-Falc\u00f3n-9.jpeg 1280w, https:\/\/mppee.gob.ve\/wp-content\/uploads\/2021\/10\/Supervisan-infraestructura-y-avances-de-trabajos-en-el-sector-el\u00e9ctrico-de-Falc\u00f3n-9-300x200.jpeg 300w, https:\/\/mppee.gob.ve\/wp-content\/uploads\/2021\/10\/Supervisan-infraestructura-y-avances-de-trabajos-en-el-sector-el\u00e9ctrico-de-Falc\u00f3n-9-1024x682.jpeg 1024w, https:\/\/mppee.gob.ve\/wp-content\/uploads\/2021\/10\/Supervisan-infraestructura-y-avances-de-trabajos-en-el-sector-el\u00e9ctrico-de-Falc\u00f3n-9-768x512.jpeg 768w\" sizes=\"auto, (max-width: 1280px) 100vw, 1280px\" \/> <img loading=\"lazy\" decoding=\"async\" class=\"alignnone wp-image-85087 size-full\" src=\"http:\/\/10.200.87.50\/mppee\/wp-content\/uploads\/2021\/10\/Supervisan-infraestructura-y-avances-de-trabajos-en-el-sector-el\u00e9ctrico-de-Falc\u00f3n-7.jpeg\" alt=\"\" width=\"1280\" height=\"853\" srcset=\"https:\/\/mppee.gob.ve\/wp-content\/uploads\/2021\/10\/Supervisan-infraestructura-y-avances-de-trabajos-en-el-sector-el\u00e9ctrico-de-Falc\u00f3n-7.jpeg 1280w, https:\/\/mppee.gob.ve\/wp-content\/uploads\/2021\/10\/Supervisan-infraestructura-y-avances-de-trabajos-en-el-sector-el\u00e9ctrico-de-Falc\u00f3n-7-300x200.jpeg 300w, https:\/\/mppee.gob.ve\/wp-content\/uploads\/2021\/10\/Supervisan-infraestructura-y-avances-de-trabajos-en-el-sector-el\u00e9ctrico-de-Falc\u00f3n-7-1024x682.jpeg 1024w, https:\/\/mppee.gob.ve\/wp-content\/uploads\/2021\/10\/Supervisan-infraestructura-y-avances-de-trabajos-en-el-sector-el\u00e9ctrico-de-Falc\u00f3n-7-768x512.jpeg 768w\" sizes=\"auto, (max-width: 1280px) 100vw, 1280px\" \/> <img loading=\"lazy\" decoding=\"async\" class=\"alignnone wp-image-85086 size-full\" src=\"http:\/\/10.200.87.50\/mppee\/wp-content\/uploads\/2021\/10\/Supervisan-infraestructura-y-avances-de-trabajos-en-el-sector-el\u00e9ctrico-de-Falc\u00f3n-6.jpeg\" alt=\"\" width=\"1280\" height=\"853\" srcset=\"https:\/\/mppee.gob.ve\/wp-content\/uploads\/2021\/10\/Supervisan-infraestructura-y-avances-de-trabajos-en-el-sector-el\u00e9ctrico-de-Falc\u00f3n-6.jpeg 1280w, https:\/\/mppee.gob.ve\/wp-content\/uploads\/2021\/10\/Supervisan-infraestructura-y-avances-de-trabajos-en-el-sector-el\u00e9ctrico-de-Falc\u00f3n-6-300x200.jpeg 300w, https:\/\/mppee.gob.ve\/wp-content\/uploads\/2021\/10\/Supervisan-infraestructura-y-avances-de-trabajos-en-el-sector-el\u00e9ctrico-de-Falc\u00f3n-6-1024x682.jpeg 1024w, https:\/\/mppee.gob.ve\/wp-content\/uploads\/2021\/10\/Supervisan-infraestructura-y-avances-de-trabajos-en-el-sector-el\u00e9ctrico-de-Falc\u00f3n-6-768x512.jpeg 768w\" sizes=\"auto, (max-width: 1280px) 100vw, 1280px\" \/> <img loading=\"lazy\" decoding=\"async\" class=\"alignnone wp-image-85085 size-full\" src=\"http:\/\/10.200.87.50\/mppee\/wp-content\/uploads\/2021\/10\/Supervisan-infraestructura-y-avances-de-trabajos-en-el-sector-el\u00e9ctrico-de-Falc\u00f3n-5.jpeg\" alt=\"\" width=\"1280\" height=\"853\" srcset=\"https:\/\/mppee.gob.ve\/wp-content\/uploads\/2021\/10\/Supervisan-infraestructura-y-avances-de-trabajos-en-el-sector-el\u00e9ctrico-de-Falc\u00f3n-5.jpeg 1280w, https:\/\/mppee.gob.ve\/wp-content\/uploads\/2021\/10\/Supervisan-infraestructura-y-avances-de-trabajos-en-el-sector-el\u00e9ctrico-de-Falc\u00f3n-5-300x200.jpeg 300w, https:\/\/mppee.gob.ve\/wp-content\/uploads\/2021\/10\/Supervisan-infraestructura-y-avances-de-trabajos-en-el-sector-el\u00e9ctrico-de-Falc\u00f3n-5-1024x682.jpeg 1024w, https:\/\/mppee.gob.ve\/wp-content\/uploads\/2021\/10\/Supervisan-infraestructura-y-avances-de-trabajos-en-el-sector-el\u00e9ctrico-de-Falc\u00f3n-5-768x512.jpeg 768w\" sizes=\"auto, (max-width: 1280px) 100vw, 1280px\" \/> <img loading=\"lazy\" decoding=\"async\" class=\"alignnone wp-image-85084 size-full\" src=\"http:\/\/10.200.87.50\/mppee\/wp-content\/uploads\/2021\/10\/Supervisan-infraestructura-y-avances-de-trabajos-en-el-sector-el\u00e9ctrico-de-Falc\u00f3n-4.jpeg\" alt=\"\" width=\"1280\" height=\"718\" srcset=\"https:\/\/mppee.gob.ve\/wp-content\/uploads\/2021\/10\/Supervisan-infraestructura-y-avances-de-trabajos-en-el-sector-el\u00e9ctrico-de-Falc\u00f3n-4.jpeg 1280w, https:\/\/mppee.gob.ve\/wp-content\/uploads\/2021\/10\/Supervisan-infraestructura-y-avances-de-trabajos-en-el-sector-el\u00e9ctrico-de-Falc\u00f3n-4-300x168.jpeg 300w, https:\/\/mppee.gob.ve\/wp-content\/uploads\/2021\/10\/Supervisan-infraestructura-y-avances-de-trabajos-en-el-sector-el\u00e9ctrico-de-Falc\u00f3n-4-1024x574.jpeg 1024w, https:\/\/mppee.gob.ve\/wp-content\/uploads\/2021\/10\/Supervisan-infraestructura-y-avances-de-trabajos-en-el-sector-el\u00e9ctrico-de-Falc\u00f3n-4-768x431.jpeg 768w\" sizes=\"auto, (max-width: 1280px) 100vw, 1280px\" \/> <img loading=\"lazy\" decoding=\"async\" class=\"alignnone wp-image-85083 size-full\" src=\"http:\/\/10.200.87.50\/mppee\/wp-content\/uploads\/2021\/10\/Supervisan-infraestructura-y-avances-de-trabajos-en-el-sector-el\u00e9ctrico-de-Falc\u00f3n-3.jpeg\" alt=\"\" width=\"1280\" height=\"718\" srcset=\"https:\/\/mppee.gob.ve\/wp-content\/uploads\/2021\/10\/Supervisan-infraestructura-y-avances-de-trabajos-en-el-sector-el\u00e9ctrico-de-Falc\u00f3n-3.jpeg 1280w, https:\/\/mppee.gob.ve\/wp-content\/uploads\/2021\/10\/Supervisan-infraestructura-y-avances-de-trabajos-en-el-sector-el\u00e9ctrico-de-Falc\u00f3n-3-300x168.jpeg 300w, https:\/\/mppee.gob.ve\/wp-content\/uploads\/2021\/10\/Supervisan-infraestructura-y-avances-de-trabajos-en-el-sector-el\u00e9ctrico-de-Falc\u00f3n-3-1024x574.jpeg 1024w, https:\/\/mppee.gob.ve\/wp-content\/uploads\/2021\/10\/Supervisan-infraestructura-y-avances-de-trabajos-en-el-sector-el\u00e9ctrico-de-Falc\u00f3n-3-768x431.jpeg 768w\" sizes=\"auto, (max-width: 1280px) 100vw, 1280px\" \/> <img loading=\"lazy\" decoding=\"async\" class=\"alignnone wp-image-85082 size-full\" src=\"http:\/\/10.200.87.50\/mppee\/wp-content\/uploads\/2021\/10\/Supervisan-infraestructura-y-avances-de-trabajos-en-el-sector-el\u00e9ctrico-de-Falc\u00f3n-2.jpeg\" alt=\"\" width=\"1080\" height=\"746\" srcset=\"https:\/\/mppee.gob.ve\/wp-content\/uploads\/2021\/10\/Supervisan-infraestructura-y-avances-de-trabajos-en-el-sector-el\u00e9ctrico-de-Falc\u00f3n-2.jpeg 1080w, https:\/\/mppee.gob.ve\/wp-content\/uploads\/2021\/10\/Supervisan-infraestructura-y-avances-de-trabajos-en-el-sector-el\u00e9ctrico-de-Falc\u00f3n-2-300x207.jpeg 300w, https:\/\/mppee.gob.ve\/wp-content\/uploads\/2021\/10\/Supervisan-infraestructura-y-avances-de-trabajos-en-el-sector-el\u00e9ctrico-de-Falc\u00f3n-2-1024x707.jpeg 1024w, https:\/\/mppee.gob.ve\/wp-content\/uploads\/2021\/10\/Supervisan-infraestructura-y-avances-de-trabajos-en-el-sector-el\u00e9ctrico-de-Falc\u00f3n-2-768x530.jpeg 768w, https:\/\/mppee.gob.ve\/wp-content\/uploads\/2021\/10\/Supervisan-infraestructura-y-avances-de-trabajos-en-el-sector-el\u00e9ctrico-de-Falc\u00f3n-2-392x272.jpeg 392w, https:\/\/mppee.gob.ve\/wp-content\/uploads\/2021\/10\/Supervisan-infraestructura-y-avances-de-trabajos-en-el-sector-el\u00e9ctrico-de-Falc\u00f3n-2-130x90.jpeg 130w\" sizes=\"auto, (max-width: 1080px) 100vw, 1080px\" \/><\/p>\n","protected":false},"excerpt":{"rendered":"<p>Para constatar el funcionamiento y evaluar las mejoras de la prestaci\u00f3n del servicio el\u00e9ctrico en el estado Falc\u00f3n, el vicepresidente<\/p>\n","protected":false},"author":12,"featured_media":85091,"comment_status":"open","ping_status":"open","sticky":false,"template":"","format":"standard","meta":{"footnotes":""},"categories":[30],"tags":[11],"class_list":["post-85080","post","type-post","status-publish","format-standard","has-post-thumbnail","hentry","category-regionales","tag-mppee"],"_links":{"self":[{"href":"https:\/\/mppee.gob.ve\/index.php?rest_route=\/wp\/v2\/posts\/85080","targetHints":{"allow":["GET"]}}],"collection":[{"href":"https:\/\/mppee.gob.ve\/index.php?rest_route=\/wp\/v2\/posts"}],"about":[{"href":"https:\/\/mppee.gob.ve\/index.php?rest_route=\/wp\/v2\/types\/post"}],"author":[{"embeddable":true,"href":"https:\/\/mppee.gob.ve\/index.php?rest_route=\/wp\/v2\/users\/12"}],"replies":[{"embeddable":true,"href":"https:\/\/mppee.gob.ve\/index.php?rest_route=%2Fwp%2Fv2%2Fcomments&post=85080"}],"version-history":[{"count":1,"href":"https:\/\/mppee.gob.ve\/index.php?rest_route=\/wp\/v2\/posts\/85080\/revisions"}],"predecessor-version":[{"id":85094,"href":"https:\/\/mppee.gob.ve\/index.php?rest_route=\/wp\/v2\/posts\/85080\/revisions\/85094"}],"wp:featuredmedia":[{"embeddable":true,"href":"https:\/\/mppee.gob.ve\/index.php?rest_route=\/wp\/v2\/media\/85091"}],"wp:attachment":[{"href":"https:\/\/mppee.gob.ve\/index.php?rest_route=%2Fwp%2Fv2%2Fmedia&parent=85080"}],"wp:term":[{"taxonomy":"category","embeddable":true,"href":"https:\/\/mppee.gob.ve\/index.php?rest_route=%2Fwp%2Fv2%2Fcategories&post=85080"},{"taxonomy":"post_tag","embeddable":true,"href":"https:\/\/mppee.gob.ve\/index.php?rest_route=%2Fwp%2Fv2%2Ftags&post=85080"}],"curies":[{"name":"wp","href":"https:\/\/api.w.org\/{rel}","templated":true}]}}