{"id":85109,"date":"2021-10-08T12:50:00","date_gmt":"2021-10-08T12:50:00","guid":{"rendered":"http:\/\/10.200.87.50\/mppee\/?p=85109"},"modified":"2021-10-11T12:59:53","modified_gmt":"2021-10-11T12:59:53","slug":"gobierno-nacional-garantiza-estabilidad-de-servicios-publicos-en-falcon","status":"publish","type":"post","link":"https:\/\/mppee.gob.ve\/?p=85109","title":{"rendered":"Gobierno nacional garantiza estabilidad de servicios p\u00fablicos en Falc\u00f3n"},"content":{"rendered":"<p style=\"text-align: justify;\"><img loading=\"lazy\" decoding=\"async\" class=\"size-medium wp-image-85113 alignleft\" src=\"http:\/\/10.200.87.50\/mppee\/wp-content\/uploads\/2021\/10\/3432245b-ab16-4709-a37a-b106e80c1d7e-300x200.jpg\" alt=\"\" width=\"300\" height=\"200\" srcset=\"https:\/\/mppee.gob.ve\/wp-content\/uploads\/2021\/10\/3432245b-ab16-4709-a37a-b106e80c1d7e-300x200.jpg 300w, https:\/\/mppee.gob.ve\/wp-content\/uploads\/2021\/10\/3432245b-ab16-4709-a37a-b106e80c1d7e-768x512.jpg 768w, https:\/\/mppee.gob.ve\/wp-content\/uploads\/2021\/10\/3432245b-ab16-4709-a37a-b106e80c1d7e.jpg 912w\" sizes=\"auto, (max-width: 300px) 100vw, 300px\" \/>Con el objetivo de garantizar un servicio \u00f3ptimo y de calidad en materia de electricidad, agua, gas, transporte y telecomunicaciones en el pa\u00eds, el vicepresidente Sectorial de Obras P\u00fablicas y Servicios, G\/J N\u00e9stor Reverol, inici\u00f3 el plan de inspecci\u00f3n y supervisi\u00f3n en el estado Falc\u00f3n, este viernes.<\/p>\n<p style=\"text-align: justify;\"><strong>\u201cEn el tema de electricidad estamos trabajando en la recuperaci\u00f3n de la Planta Josefa Camejo, hemos recuperado 300 megavatios para garantizar la estabilidad del SEN en el estado Falc\u00f3n, y est\u00e1 en proceso de recuperaci\u00f3n de 150 megavatios m\u00e1s, que se incluyen en el plan trimestral del 2021\u201d<\/strong>, inform\u00f3.<\/p>\n<p style=\"text-align: justify;\">Adem\u00e1s se construir\u00e1 una nueva subestaci\u00f3n en Chichiriviche que le dar\u00e1 confiabilidad al servicio, en lo que tiene que ver con la distribuci\u00f3n y mantenimiento de transmisi\u00f3n.<\/p>\n<p style=\"text-align: justify;\"><strong>\u201cQueremos informar que hemos recuperado el 50% de la generaci\u00f3n e\u00f3lica, y vamos a seguir trabajando para la recuperaci\u00f3n total del parque e\u00f3lico que est\u00e1 aqu\u00ed en la entidad\u201d<\/strong>, dijo.<\/p>\n<p style=\"text-align: justify;\"><img loading=\"lazy\" decoding=\"async\" class=\"size-medium wp-image-85112 alignleft\" src=\"http:\/\/10.200.87.50\/mppee\/wp-content\/uploads\/2021\/10\/10b1d175-c1c7-41b0-8105-babcdf6c073d-300x204.jpg\" alt=\"\" width=\"300\" height=\"204\" srcset=\"https:\/\/mppee.gob.ve\/wp-content\/uploads\/2021\/10\/10b1d175-c1c7-41b0-8105-babcdf6c073d-300x204.jpg 300w, https:\/\/mppee.gob.ve\/wp-content\/uploads\/2021\/10\/10b1d175-c1c7-41b0-8105-babcdf6c073d-1024x695.jpg 1024w, https:\/\/mppee.gob.ve\/wp-content\/uploads\/2021\/10\/10b1d175-c1c7-41b0-8105-babcdf6c073d-768x521.jpg 768w, https:\/\/mppee.gob.ve\/wp-content\/uploads\/2021\/10\/10b1d175-c1c7-41b0-8105-babcdf6c073d.jpg 1080w\" sizes=\"auto, (max-width: 300px) 100vw, 300px\" \/>Destac\u00f3 que para el pr\u00f3ximo mes se reactivar\u00e1 una f\u00e1brica de bombillos con cinco l\u00edneas de producci\u00f3n, para hacer 50 mil bombillos al d\u00eda, igual que la f\u00e1brica de paneles solares que se encuentra en la zona industrial.<\/p>\n<p style=\"text-align: justify;\"><em><strong>S<\/strong><strong>ervicios para el pueblo<\/strong><\/em><\/p>\n<p style=\"text-align: justify;\">En materia de gas indic\u00f3, que con la reactivaci\u00f3n de la Refiner\u00eda Amuay se abastecer\u00e1n 8 mil 295 familias por d\u00eda.<\/p>\n<p style=\"text-align: justify;\"><strong>\u201cEstamos recuperando la distribuci\u00f3n del gas dom\u00e9stico a toda la familia venezolana\u201d<\/strong>, manifest\u00f3.<\/p>\n<p style=\"text-align: justify;\">El General en Jefe, apunt\u00f3 que los embalses de la regi\u00f3n cuentan con suficiente agua y presenta estabilidad en el sistema h\u00eddrico.<\/p>\n<p style=\"text-align: justify;\">Asever\u00f3 adem\u00e1s que el ministro del Poder Popular de Atenci\u00f3n de las Aguas, Rodolfo Marco Torres, incorporar\u00e1 25 motores y bombas para continuar con la recuperaci\u00f3n de los pozos de agua profunda.<\/p>\n<p style=\"text-align: justify;\">Record\u00f3 que la entidad cuenta con el Plan Complementario de Abastecimiento de Agua a trav\u00e9s de Cisternas en un trabajo en conjunto con la Guardia del Pueblo, para ser distribuido a la poblaci\u00f3n.<\/p>\n<p style=\"text-align: justify;\">En materia de transporte indic\u00f3 que, se incorporaron 40 nuevas unidades que estar\u00e1n al servicio del pueblo.<\/p>\n<p style=\"text-align: justify;\"><strong><img loading=\"lazy\" decoding=\"async\" class=\"size-medium wp-image-85111 alignright\" src=\"http:\/\/10.200.87.50\/mppee\/wp-content\/uploads\/2021\/10\/3e00cb7f-5841-4d40-a85b-02e72e7cbc99-300x200.jpg\" alt=\"\" width=\"300\" height=\"200\" srcset=\"https:\/\/mppee.gob.ve\/wp-content\/uploads\/2021\/10\/3e00cb7f-5841-4d40-a85b-02e72e7cbc99-300x200.jpg 300w, https:\/\/mppee.gob.ve\/wp-content\/uploads\/2021\/10\/3e00cb7f-5841-4d40-a85b-02e72e7cbc99-768x512.jpg 768w, https:\/\/mppee.gob.ve\/wp-content\/uploads\/2021\/10\/3e00cb7f-5841-4d40-a85b-02e72e7cbc99.jpg 912w\" sizes=\"auto, (max-width: 300px) 100vw, 300px\" \/>\u201cHacemos las coordinaciones pertinentes con la Gobernaci\u00f3n, para crear una tienda del transportista, y as\u00ed tengan acceso a las diferentes partes, repuestos e insumos a muy bajo costo\u201d<\/strong>, dijo.<\/p>\n<p style=\"text-align: justify;\">El titular para la Energ\u00eda El\u00e9ctrica agreg\u00f3 que en Barrio Nuevo Barrio Tricolor se inaugurar\u00e1n 14 Bases de Misiones, as\u00ed como el reacondicionamiento que se ejecuta en las 34 que ya existen.<\/p>\n<p style=\"text-align: justify;\"><strong>\u201cVamos a hacer 19 nuevas canchas deportivas, antes de que finalice el \u00faltimo trimestre del a\u00f1o\u201d<\/strong>, acot\u00f3.<\/p>\n<p style=\"text-align: justify;\">Refiri\u00f3 que se han recuperado las unidades de recolecci\u00f3n y los vertederos para los desechos s\u00f3lidos.<\/p>\n<p style=\"text-align: justify;\"><em><strong>Se\u00f1al para todos<\/strong><\/em><\/p>\n<p style=\"text-align: justify;\">En cuanto al tema de las telecomunicaciones, indic\u00f3 que se han corregido m\u00e1s de 25 mil 600 aver\u00edas en estado Falc\u00f3n, y trabajan para incorporar nuevas tecnolog\u00edas, y as\u00ed evitar el hurto, robo y vandalismo de este importante sistema.<\/p>\n<p style=\"text-align: justify;\"><strong><img loading=\"lazy\" decoding=\"async\" class=\"size-medium wp-image-85110 alignleft\" src=\"http:\/\/10.200.87.50\/mppee\/wp-content\/uploads\/2021\/10\/2c71f9be-fe83-42a4-b69d-171a0e1546e1-300x207.jpg\" alt=\"\" width=\"300\" height=\"207\" srcset=\"https:\/\/mppee.gob.ve\/wp-content\/uploads\/2021\/10\/2c71f9be-fe83-42a4-b69d-171a0e1546e1-300x207.jpg 300w, https:\/\/mppee.gob.ve\/wp-content\/uploads\/2021\/10\/2c71f9be-fe83-42a4-b69d-171a0e1546e1-1024x707.jpg 1024w, https:\/\/mppee.gob.ve\/wp-content\/uploads\/2021\/10\/2c71f9be-fe83-42a4-b69d-171a0e1546e1-768x530.jpg 768w, https:\/\/mppee.gob.ve\/wp-content\/uploads\/2021\/10\/2c71f9be-fe83-42a4-b69d-171a0e1546e1-392x272.jpg 392w, https:\/\/mppee.gob.ve\/wp-content\/uploads\/2021\/10\/2c71f9be-fe83-42a4-b69d-171a0e1546e1-130x90.jpg 130w, https:\/\/mppee.gob.ve\/wp-content\/uploads\/2021\/10\/2c71f9be-fe83-42a4-b69d-171a0e1546e1.jpg 1080w\" sizes=\"auto, (max-width: 300px) 100vw, 300px\" \/>\u201cEstamos migrando a las nuevas tecnolog\u00edas, a seguir incrementando la fibra \u00f3ptica para aumentar los niveles de navegaci\u00f3n y establecer nuevas acciones para garantizar la estabilidad y el mantenimiento de todos los servicios p\u00fablicos\u201d<\/strong>, puntualiz\u00f3.<\/p>\n<p style=\"text-align: justify;\">Por su parte, el gobernador de la entidad V\u00edctor Clark Bosc\u00e1n agradeci\u00f3 la visita del vicepresidente Sectorial de Obras Publicas y Servicios, G\/J N\u00e9stor Reverol, para seguir fortaleciendo a trav\u00e9s de las distintas jornadas de trabajo el sistema el\u00e9ctrico en la entidad y de los dem\u00e1s servicios p\u00fablicos con el objetivo de garantizarle al pueblo falconiano calidad de vida y bienestar social.<\/p>\n<p style=\"text-align: justify;\"><strong>Prensa Vpsops<\/strong><\/p>\n","protected":false},"excerpt":{"rendered":"<p>Con el objetivo de garantizar un servicio \u00f3ptimo y de calidad en materia de electricidad, agua, gas, transporte y telecomunicaciones<\/p>\n","protected":false},"author":12,"featured_media":85114,"comment_status":"open","ping_status":"open","sticky":false,"template":"","format":"standard","meta":{"footnotes":""},"categories":[30],"tags":[],"class_list":["post-85109","post","type-post","status-publish","format-standard","has-post-thumbnail","hentry","category-regionales"],"_links":{"self":[{"href":"https:\/\/mppee.gob.ve\/index.php?rest_route=\/wp\/v2\/posts\/85109","targetHints":{"allow":["GET"]}}],"collection":[{"href":"https:\/\/mppee.gob.ve\/index.php?rest_route=\/wp\/v2\/posts"}],"about":[{"href":"https:\/\/mppee.gob.ve\/index.php?rest_route=\/wp\/v2\/types\/post"}],"author":[{"embeddable":true,"href":"https:\/\/mppee.gob.ve\/index.php?rest_route=\/wp\/v2\/users\/12"}],"replies":[{"embeddable":true,"href":"https:\/\/mppee.gob.ve\/index.php?rest_route=%2Fwp%2Fv2%2Fcomments&post=85109"}],"version-history":[{"count":1,"href":"https:\/\/mppee.gob.ve\/index.php?rest_route=\/wp\/v2\/posts\/85109\/revisions"}],"predecessor-version":[{"id":85115,"href":"https:\/\/mppee.gob.ve\/index.php?rest_route=\/wp\/v2\/posts\/85109\/revisions\/85115"}],"wp:featuredmedia":[{"embeddable":true,"href":"https:\/\/mppee.gob.ve\/index.php?rest_route=\/wp\/v2\/media\/85114"}],"wp:attachment":[{"href":"https:\/\/mppee.gob.ve\/index.php?rest_route=%2Fwp%2Fv2%2Fmedia&parent=85109"}],"wp:term":[{"taxonomy":"category","embeddable":true,"href":"https:\/\/mppee.gob.ve\/index.php?rest_route=%2Fwp%2Fv2%2Fcategories&post=85109"},{"taxonomy":"post_tag","embeddable":true,"href":"https:\/\/mppee.gob.ve\/index.php?rest_route=%2Fwp%2Fv2%2Ftags&post=85109"}],"curies":[{"name":"wp","href":"https:\/\/api.w.org\/{rel}","templated":true}]}}