{"id":85116,"date":"2021-10-10T13:01:00","date_gmt":"2021-10-10T13:01:00","guid":{"rendered":"http:\/\/10.200.87.50\/mppee\/?p=85116"},"modified":"2021-10-11T13:07:05","modified_gmt":"2021-10-11T13:07:05","slug":"distribucion-de-bombillos-led-contribuira-al-uso-eficiente-de-la-energia-en-venezuela","status":"publish","type":"post","link":"https:\/\/mppee.gob.ve\/?p=85116","title":{"rendered":"Distribuci\u00f3n de bombillos LED contribuir\u00e1 al uso eficiente de la energ\u00eda en Venezuela"},"content":{"rendered":"<p style=\"text-align: justify;\"><img loading=\"lazy\" decoding=\"async\" class=\"size-medium wp-image-85118 alignleft\" src=\"http:\/\/10.200.87.50\/mppee\/wp-content\/uploads\/2021\/10\/Distribuci\u00f3n-de-bombillos-LED-contribuir\u00e1-al-uso-eficiente-de-la-energ\u00eda-en-Venezuela-2-300x168.jpeg\" alt=\"\" width=\"300\" height=\"168\" srcset=\"https:\/\/mppee.gob.ve\/wp-content\/uploads\/2021\/10\/Distribuci\u00f3n-de-bombillos-LED-contribuir\u00e1-al-uso-eficiente-de-la-energ\u00eda-en-Venezuela-2-300x168.jpeg 300w, https:\/\/mppee.gob.ve\/wp-content\/uploads\/2021\/10\/Distribuci\u00f3n-de-bombillos-LED-contribuir\u00e1-al-uso-eficiente-de-la-energ\u00eda-en-Venezuela-2-768x431.jpeg 768w, https:\/\/mppee.gob.ve\/wp-content\/uploads\/2021\/10\/Distribuci\u00f3n-de-bombillos-LED-contribuir\u00e1-al-uso-eficiente-de-la-energ\u00eda-en-Venezuela-2-800x445.jpeg 800w, https:\/\/mppee.gob.ve\/wp-content\/uploads\/2021\/10\/Distribuci\u00f3n-de-bombillos-LED-contribuir\u00e1-al-uso-eficiente-de-la-energ\u00eda-en-Venezuela-2.jpeg 912w\" sizes=\"auto, (max-width: 300px) 100vw, 300px\" \/>Con el objetivo de iluminar de manera eficiente cada hogar de la familia venezolana, la fuerza trabajadora de la Corporaci\u00f3n El\u00e9ctrica Nacional (Corpoelec), recibi\u00f3 del vicepresidente Sectorial de Obras P\u00fablicas y Servicios, G\/J N\u00e9stor Reverol, la dotaci\u00f3n de 1 mill\u00f3n 500 mil bombillos de tecnolog\u00eda LED, para garantizar el uso racional de la energ\u00eda, que contribuye al fortalecimiento de la estabilizaci\u00f3n del Sistema El\u00e9ctrico Nacional (SEN).<\/p>\n<p>En un acto ejecutado desde la carpa central El Laguito, Fuerte Tiuna en Caracas, el tambi\u00e9n Ministro del Poder Popular para la Energ\u00eda El\u00e9ctrica, indic\u00f3 que estos bombillos ser\u00e1n entregados de forma gratuita a las comunidades organizadas y exhort\u00f3<strong> a sumarse a la campa\u00f1a<\/strong> \u201cActiva la Conciencia con Energ\u00eda y Eficiencia\u201d, que busca crear h\u00e1bitos de menor \u00a0consumo de este importante servicio en el pueblo venezolano.<\/p>\n<p>Maxdilis Rojas trabajadora de la Unidad de Uso Racional y Eficiente de la Energ\u00eda (Uree) del estado Portuguesa, mujer con \u00edmpetu guerrero, agradeci\u00f3 al General en Jefe, N\u00e9stor Reverol, por esta importante dotaci\u00f3n que beneficiar\u00e1 a las comunidades del pueblo portuguese\u00f1o, con m\u00e1s de 50 mil bombillos que se distribuir\u00e1n de manera gratuita en la entidad llanera.<\/p>\n<p><img loading=\"lazy\" decoding=\"async\" class=\"size-medium wp-image-85119 alignright\" src=\"http:\/\/10.200.87.50\/mppee\/wp-content\/uploads\/2021\/10\/Distribuci\u00f3n-de-bombillos-LED-contribuir\u00e1-al-uso-eficiente-de-la-energ\u00eda-en-Venezuela-3-300x235.jpeg\" alt=\"\" width=\"300\" height=\"235\" srcset=\"https:\/\/mppee.gob.ve\/wp-content\/uploads\/2021\/10\/Distribuci\u00f3n-de-bombillos-LED-contribuir\u00e1-al-uso-eficiente-de-la-energ\u00eda-en-Venezuela-3-300x235.jpeg 300w, https:\/\/mppee.gob.ve\/wp-content\/uploads\/2021\/10\/Distribuci\u00f3n-de-bombillos-LED-contribuir\u00e1-al-uso-eficiente-de-la-energ\u00eda-en-Venezuela-3-1024x802.jpeg 1024w, https:\/\/mppee.gob.ve\/wp-content\/uploads\/2021\/10\/Distribuci\u00f3n-de-bombillos-LED-contribuir\u00e1-al-uso-eficiente-de-la-energ\u00eda-en-Venezuela-3-768x602.jpeg 768w, https:\/\/mppee.gob.ve\/wp-content\/uploads\/2021\/10\/Distribuci\u00f3n-de-bombillos-LED-contribuir\u00e1-al-uso-eficiente-de-la-energ\u00eda-en-Venezuela-3.jpeg 1080w\" sizes=\"auto, (max-width: 300px) 100vw, 300px\" \/>Por su parte, Astrid Olivar, coordinadora de Uree en el estado Miranda manifest\u00f3, que gracias a las pol\u00edticas ejecutadas por el Ministro para la Energ\u00eda El\u00e9ctrica las comunidades organizadas del pueblo mirandino se beneficiar\u00e1n y a su vez se suman al uso racional y eficiente de la energ\u00eda.<\/p>\n<p>M\u00e1s de 300 mil familias ser\u00e1n beneficiadas con esta dotaci\u00f3n por parte de los hombres y mujeres que laboran incansablemente d\u00eda y noche en Corpoelec. La distribuci\u00f3n de estos equipos de menor consumo energ\u00e9tico con tecnolog\u00eda LED, ayudar\u00e1n a reducir 67 millones de vatios para contribuir en bajar la demanda el\u00e9ctrica, as\u00ed como tambi\u00e9n la emisi\u00f3n de CO2 al ambiente.<\/p>\n<p>Darle un uso racional y eficiente a la electricidad en cada uno de los hogares del pa\u00eds, ayuda a disminuir el consumo excesivo del servicio, lo que contribuye a garantizar la confiabilidad y estabilizaci\u00f3n del SEN.<br \/>\n<b><br \/>\nPrensa Vpsops<\/b><\/p>\n","protected":false},"excerpt":{"rendered":"<p>Con el objetivo de iluminar de manera eficiente cada hogar de la familia venezolana, la fuerza trabajadora de la Corporaci\u00f3n<\/p>\n","protected":false},"author":12,"featured_media":85117,"comment_status":"open","ping_status":"open","sticky":false,"template":"","format":"standard","meta":{"footnotes":""},"categories":[15],"tags":[11],"class_list":["post-85116","post","type-post","status-publish","format-standard","has-post-thumbnail","hentry","category-nacionales","tag-mppee"],"_links":{"self":[{"href":"https:\/\/mppee.gob.ve\/index.php?rest_route=\/wp\/v2\/posts\/85116","targetHints":{"allow":["GET"]}}],"collection":[{"href":"https:\/\/mppee.gob.ve\/index.php?rest_route=\/wp\/v2\/posts"}],"about":[{"href":"https:\/\/mppee.gob.ve\/index.php?rest_route=\/wp\/v2\/types\/post"}],"author":[{"embeddable":true,"href":"https:\/\/mppee.gob.ve\/index.php?rest_route=\/wp\/v2\/users\/12"}],"replies":[{"embeddable":true,"href":"https:\/\/mppee.gob.ve\/index.php?rest_route=%2Fwp%2Fv2%2Fcomments&post=85116"}],"version-history":[{"count":1,"href":"https:\/\/mppee.gob.ve\/index.php?rest_route=\/wp\/v2\/posts\/85116\/revisions"}],"predecessor-version":[{"id":85121,"href":"https:\/\/mppee.gob.ve\/index.php?rest_route=\/wp\/v2\/posts\/85116\/revisions\/85121"}],"wp:featuredmedia":[{"embeddable":true,"href":"https:\/\/mppee.gob.ve\/index.php?rest_route=\/wp\/v2\/media\/85117"}],"wp:attachment":[{"href":"https:\/\/mppee.gob.ve\/index.php?rest_route=%2Fwp%2Fv2%2Fmedia&parent=85116"}],"wp:term":[{"taxonomy":"category","embeddable":true,"href":"https:\/\/mppee.gob.ve\/index.php?rest_route=%2Fwp%2Fv2%2Fcategories&post=85116"},{"taxonomy":"post_tag","embeddable":true,"href":"https:\/\/mppee.gob.ve\/index.php?rest_route=%2Fwp%2Fv2%2Ftags&post=85116"}],"curies":[{"name":"wp","href":"https:\/\/api.w.org\/{rel}","templated":true}]}}