{"id":85122,"date":"2021-10-11T20:34:03","date_gmt":"2021-10-11T20:34:03","guid":{"rendered":"http:\/\/10.200.87.50\/mppee\/?p=85122"},"modified":"2021-10-11T20:34:05","modified_gmt":"2021-10-11T20:34:05","slug":"establecen-estrategias-para-fortalecer-los-servicios-publicos-en-miranda","status":"publish","type":"post","link":"https:\/\/mppee.gob.ve\/?p=85122","title":{"rendered":"Establecen estrategias para fortalecer los servicios p\u00fablicos en Miranda"},"content":{"rendered":"<p style=\"text-align: justify;\"><img loading=\"lazy\" decoding=\"async\" class=\"size-medium wp-image-85123 alignleft\" src=\"http:\/\/10.200.87.50\/mppee\/wp-content\/uploads\/2021\/10\/WhatsApp-Image-2021-10-11-at-4.05.57-PM-300x200.jpeg\" alt=\"\" width=\"300\" height=\"200\" srcset=\"https:\/\/mppee.gob.ve\/wp-content\/uploads\/2021\/10\/WhatsApp-Image-2021-10-11-at-4.05.57-PM-300x200.jpeg 300w, https:\/\/mppee.gob.ve\/wp-content\/uploads\/2021\/10\/WhatsApp-Image-2021-10-11-at-4.05.57-PM-768x512.jpeg 768w, https:\/\/mppee.gob.ve\/wp-content\/uploads\/2021\/10\/WhatsApp-Image-2021-10-11-at-4.05.57-PM.jpeg 912w\" sizes=\"auto, (max-width: 300px) 100vw, 300px\" \/>Este lunes, el vicepresidente Sectorial de Obras P\u00fablicas y Servicios, G\/J N\u00e9stor Reverol, sostuvo una reuni\u00f3n con el gobernador del estado Miranda, H\u00e9ctor Rodr\u00edguez, alcaldes y alcaldesas de la entidad, para verificar y concretar acciones que beneficien al pueblo, a trav\u00e9s del plan de inspecci\u00f3n y supervisi\u00f3n en materia de agua, electricidad, gas, desechos s\u00f3lidos, vialidad, transporte y telecomunicaciones.<\/p>\n<p style=\"text-align: justify;\"><strong>\u00abEn el tema del agua, estamos reparando 55 estaciones de bombeo y distribuci\u00f3n en la regi\u00f3n capital, adecuando todos los sistemas para un \u00f3ptimo servicio al estado Miranda\u00bb<\/strong>, dijo Reverol Torres.<\/p>\n<p style=\"text-align: justify;\"><img loading=\"lazy\" decoding=\"async\" class=\"size-medium wp-image-85132 alignright\" src=\"http:\/\/10.200.87.50\/mppee\/wp-content\/uploads\/2021\/10\/WhatsApp-Image-2021-10-11-at-4.06.01-PM-300x162.jpeg\" alt=\"\" width=\"300\" height=\"162\" srcset=\"https:\/\/mppee.gob.ve\/wp-content\/uploads\/2021\/10\/WhatsApp-Image-2021-10-11-at-4.06.01-PM-300x162.jpeg 300w, https:\/\/mppee.gob.ve\/wp-content\/uploads\/2021\/10\/WhatsApp-Image-2021-10-11-at-4.06.01-PM-1024x553.jpeg 1024w, https:\/\/mppee.gob.ve\/wp-content\/uploads\/2021\/10\/WhatsApp-Image-2021-10-11-at-4.06.01-PM-768x415.jpeg 768w, https:\/\/mppee.gob.ve\/wp-content\/uploads\/2021\/10\/WhatsApp-Image-2021-10-11-at-4.06.01-PM.jpeg 1080w\" sizes=\"auto, (max-width: 300px) 100vw, 300px\" \/>Indic\u00f3 que, se crear\u00e1 una comisi\u00f3n de supervisi\u00f3n para el mantenimiento y estabilidad del Sistema Tuy. Adem\u00e1s, de la activaci\u00f3n de los pozos profundos y la verificaci\u00f3n del Plan Complementario de Abastecimiento de Agua por Cisternas.<\/p>\n<p style=\"text-align: justify;\"><strong>\u00abSe realizar\u00e1 patrullaje con los helic\u00f3pteros recuperados por la Gobernaci\u00f3n de Miranda, todo el r\u00edo Tuy, que nos va a permitir evitar el desv\u00edo del cauce\u00bb<\/strong>, manifest\u00f3 el General en Jefe.<\/p>\n<p style=\"text-align: justify;\">El tambi\u00e9n Ministro del Poder Popular para la Energ\u00eda El\u00e9ctrica, refiri\u00f3 que se continuar\u00e1 con la ejecuci\u00f3n del Plan Integral de Iluminaci\u00f3n de V\u00edas Expresas en los ejes de Barlovento, Valles del Tuy y Altos Mirandinos.<\/p>\n<p style=\"text-align: justify;\"><img loading=\"lazy\" decoding=\"async\" class=\"size-medium wp-image-85129 alignleft\" src=\"http:\/\/10.200.87.50\/mppee\/wp-content\/uploads\/2021\/10\/WhatsApp-Image-2021-10-11-at-4.05.59-PM-300x200.jpeg\" alt=\"\" width=\"300\" height=\"200\" srcset=\"https:\/\/mppee.gob.ve\/wp-content\/uploads\/2021\/10\/WhatsApp-Image-2021-10-11-at-4.05.59-PM-300x200.jpeg 300w, https:\/\/mppee.gob.ve\/wp-content\/uploads\/2021\/10\/WhatsApp-Image-2021-10-11-at-4.05.59-PM-768x512.jpeg 768w, https:\/\/mppee.gob.ve\/wp-content\/uploads\/2021\/10\/WhatsApp-Image-2021-10-11-at-4.05.59-PM.jpeg 912w\" sizes=\"auto, (max-width: 300px) 100vw, 300px\" \/>Destac\u00f3 que hasta la fecha han sido instaladas 7 mil 765 luminarias LED en la entidad, por la fuerza trabajadora de Corpoelec.<\/p>\n<p style=\"text-align: justify;\">En el tema del Gas Licuado de Petr\u00f3leo (GLP), acord\u00f3 el Plan de Mantenimiento de la Flota Mayor y Flota Menor, para el mejoramiento del servicio.<\/p>\n<p style=\"text-align: justify;\"><strong>\u00abSe le est\u00e1n asignando 10 mil bombonas que van a contribuir a la distribuci\u00f3n del gas, que es tan importante para la entidad, y continuar la adecuaci\u00f3n y mejoras de las siete plantas de llenado que hay en el estado\u00bb<\/strong>, expres\u00f3 el Ministro Reverol.<\/p>\n<p style=\"text-align: justify;\">Igualmente, acord\u00f3 junto a los Ministerios de Transporte y de Obras P\u00fablicas, ejecutar un plan especial para atender la vialidad y recuperaci\u00f3n de fallas de borde en las v\u00edas principales del estado Bolivariano de Miranda.<\/p>\n<p style=\"text-align: justify;\"><img loading=\"lazy\" decoding=\"async\" class=\"size-medium wp-image-85128 alignright\" src=\"http:\/\/10.200.87.50\/mppee\/wp-content\/uploads\/2021\/10\/WhatsApp-Image-2021-10-11-at-4.05.59-PM2-300x200.jpeg\" alt=\"\" width=\"300\" height=\"200\" srcset=\"https:\/\/mppee.gob.ve\/wp-content\/uploads\/2021\/10\/WhatsApp-Image-2021-10-11-at-4.05.59-PM2-300x200.jpeg 300w, https:\/\/mppee.gob.ve\/wp-content\/uploads\/2021\/10\/WhatsApp-Image-2021-10-11-at-4.05.59-PM2-768x512.jpeg 768w, https:\/\/mppee.gob.ve\/wp-content\/uploads\/2021\/10\/WhatsApp-Image-2021-10-11-at-4.05.59-PM2.jpeg 912w\" sizes=\"auto, (max-width: 300px) 100vw, 300px\" \/>De igual manera, G\/J N\u00e9stor Reverol indic\u00f3 que asignar\u00e1n un kit de maquinaria que estar\u00e1 en cada eje de la entidad, para atender cualquier eventualidad o emergencia que se presente.<\/p>\n<p style=\"text-align: justify;\">Por su parte, el gobernador del estado Miranda, H\u00e9ctor Rodr\u00edguez, agradeci\u00f3 el esfuerzo que realiza la Vicepresidencia Sectorial de Obras P\u00fablicas y Servicios, en optimizar, mejorar y estabilizar la prestaci\u00f3n de servicios para el buen vivir de los mirandinos y mirandinas.<\/p>\n<p style=\"text-align: justify;\"><strong>Prensa Vpsops<\/strong><\/p>\n<p><img loading=\"lazy\" decoding=\"async\" class=\"alignnone wp-image-85127 size-full\" src=\"http:\/\/10.200.87.50\/mppee\/wp-content\/uploads\/2021\/10\/WhatsApp-Image-2021-10-11-at-4.05.59-PM1.jpeg\" alt=\"\" width=\"1080\" height=\"644\" srcset=\"https:\/\/mppee.gob.ve\/wp-content\/uploads\/2021\/10\/WhatsApp-Image-2021-10-11-at-4.05.59-PM1.jpeg 1080w, https:\/\/mppee.gob.ve\/wp-content\/uploads\/2021\/10\/WhatsApp-Image-2021-10-11-at-4.05.59-PM1-300x179.jpeg 300w, https:\/\/mppee.gob.ve\/wp-content\/uploads\/2021\/10\/WhatsApp-Image-2021-10-11-at-4.05.59-PM1-1024x611.jpeg 1024w, https:\/\/mppee.gob.ve\/wp-content\/uploads\/2021\/10\/WhatsApp-Image-2021-10-11-at-4.05.59-PM1-768x458.jpeg 768w\" sizes=\"auto, (max-width: 1080px) 100vw, 1080px\" \/> <img loading=\"lazy\" decoding=\"async\" class=\"alignnone wp-image-85126 size-full\" src=\"http:\/\/10.200.87.50\/mppee\/wp-content\/uploads\/2021\/10\/WhatsApp-Image-2021-10-11-at-4.05.58-PM.jpeg\" alt=\"\" width=\"912\" height=\"608\" srcset=\"https:\/\/mppee.gob.ve\/wp-content\/uploads\/2021\/10\/WhatsApp-Image-2021-10-11-at-4.05.58-PM.jpeg 912w, https:\/\/mppee.gob.ve\/wp-content\/uploads\/2021\/10\/WhatsApp-Image-2021-10-11-at-4.05.58-PM-300x200.jpeg 300w, https:\/\/mppee.gob.ve\/wp-content\/uploads\/2021\/10\/WhatsApp-Image-2021-10-11-at-4.05.58-PM-768x512.jpeg 768w\" sizes=\"auto, (max-width: 912px) 100vw, 912px\" \/> <img loading=\"lazy\" decoding=\"async\" class=\"alignnone wp-image-85125 size-full\" src=\"http:\/\/10.200.87.50\/mppee\/wp-content\/uploads\/2021\/10\/WhatsApp-Image-2021-10-11-at-4.05.58-PM2.jpeg\" alt=\"\" width=\"912\" height=\"608\" srcset=\"https:\/\/mppee.gob.ve\/wp-content\/uploads\/2021\/10\/WhatsApp-Image-2021-10-11-at-4.05.58-PM2.jpeg 912w, https:\/\/mppee.gob.ve\/wp-content\/uploads\/2021\/10\/WhatsApp-Image-2021-10-11-at-4.05.58-PM2-300x200.jpeg 300w, https:\/\/mppee.gob.ve\/wp-content\/uploads\/2021\/10\/WhatsApp-Image-2021-10-11-at-4.05.58-PM2-768x512.jpeg 768w\" sizes=\"auto, (max-width: 912px) 100vw, 912px\" \/> <img loading=\"lazy\" decoding=\"async\" class=\"alignnone wp-image-85123 size-full\" src=\"http:\/\/10.200.87.50\/mppee\/wp-content\/uploads\/2021\/10\/WhatsApp-Image-2021-10-11-at-4.05.57-PM.jpeg\" alt=\"\" width=\"912\" height=\"608\" srcset=\"https:\/\/mppee.gob.ve\/wp-content\/uploads\/2021\/10\/WhatsApp-Image-2021-10-11-at-4.05.57-PM.jpeg 912w, https:\/\/mppee.gob.ve\/wp-content\/uploads\/2021\/10\/WhatsApp-Image-2021-10-11-at-4.05.57-PM-300x200.jpeg 300w, https:\/\/mppee.gob.ve\/wp-content\/uploads\/2021\/10\/WhatsApp-Image-2021-10-11-at-4.05.57-PM-768x512.jpeg 768w\" sizes=\"auto, (max-width: 912px) 100vw, 912px\" \/><\/p>\n","protected":false},"excerpt":{"rendered":"<p>Este lunes, el vicepresidente Sectorial de Obras P\u00fablicas y Servicios, G\/J N\u00e9stor Reverol, sostuvo una reuni\u00f3n con el gobernador del<\/p>\n","protected":false},"author":12,"featured_media":85124,"comment_status":"open","ping_status":"open","sticky":false,"template":"","format":"standard","meta":{"footnotes":""},"categories":[30],"tags":[11],"class_list":["post-85122","post","type-post","status-publish","format-standard","has-post-thumbnail","hentry","category-regionales","tag-mppee"],"_links":{"self":[{"href":"https:\/\/mppee.gob.ve\/index.php?rest_route=\/wp\/v2\/posts\/85122","targetHints":{"allow":["GET"]}}],"collection":[{"href":"https:\/\/mppee.gob.ve\/index.php?rest_route=\/wp\/v2\/posts"}],"about":[{"href":"https:\/\/mppee.gob.ve\/index.php?rest_route=\/wp\/v2\/types\/post"}],"author":[{"embeddable":true,"href":"https:\/\/mppee.gob.ve\/index.php?rest_route=\/wp\/v2\/users\/12"}],"replies":[{"embeddable":true,"href":"https:\/\/mppee.gob.ve\/index.php?rest_route=%2Fwp%2Fv2%2Fcomments&post=85122"}],"version-history":[{"count":1,"href":"https:\/\/mppee.gob.ve\/index.php?rest_route=\/wp\/v2\/posts\/85122\/revisions"}],"predecessor-version":[{"id":85133,"href":"https:\/\/mppee.gob.ve\/index.php?rest_route=\/wp\/v2\/posts\/85122\/revisions\/85133"}],"wp:featuredmedia":[{"embeddable":true,"href":"https:\/\/mppee.gob.ve\/index.php?rest_route=\/wp\/v2\/media\/85124"}],"wp:attachment":[{"href":"https:\/\/mppee.gob.ve\/index.php?rest_route=%2Fwp%2Fv2%2Fmedia&parent=85122"}],"wp:term":[{"taxonomy":"category","embeddable":true,"href":"https:\/\/mppee.gob.ve\/index.php?rest_route=%2Fwp%2Fv2%2Fcategories&post=85122"},{"taxonomy":"post_tag","embeddable":true,"href":"https:\/\/mppee.gob.ve\/index.php?rest_route=%2Fwp%2Fv2%2Ftags&post=85122"}],"curies":[{"name":"wp","href":"https:\/\/api.w.org\/{rel}","templated":true}]}}