{"id":85134,"date":"2021-10-13T12:41:00","date_gmt":"2021-10-13T12:41:00","guid":{"rendered":"http:\/\/10.200.87.50\/mppee\/?p=85134"},"modified":"2021-10-14T12:55:41","modified_gmt":"2021-10-14T12:55:41","slug":"verifican-procesos-de-generacion-de-planta-termoelectrica-antonio-jose-de-sucre","status":"publish","type":"post","link":"https:\/\/mppee.gob.ve\/?p=85134","title":{"rendered":"Verifican procesos de generaci\u00f3n de Planta Termoel\u00e9ctrica Antonio Jos\u00e9 de Sucre"},"content":{"rendered":"<p style=\"text-align: justify;\"><img loading=\"lazy\" decoding=\"async\" class=\"size-medium wp-image-85141 alignleft\" src=\"http:\/\/10.200.87.50\/mppee\/wp-content\/uploads\/2021\/10\/Verifican-procesos-de-generaci\u00f3n-de-Planta-Termoel\u00e9ctrica-Antonio-Jos\u00e9-de-Sucre-7-300x203.jpeg\" alt=\"\" width=\"300\" height=\"203\" srcset=\"https:\/\/mppee.gob.ve\/wp-content\/uploads\/2021\/10\/Verifican-procesos-de-generaci\u00f3n-de-Planta-Termoel\u00e9ctrica-Antonio-Jos\u00e9-de-Sucre-7-300x203.jpeg 300w, https:\/\/mppee.gob.ve\/wp-content\/uploads\/2021\/10\/Verifican-procesos-de-generaci\u00f3n-de-Planta-Termoel\u00e9ctrica-Antonio-Jos\u00e9-de-Sucre-7-1024x693.jpeg 1024w, https:\/\/mppee.gob.ve\/wp-content\/uploads\/2021\/10\/Verifican-procesos-de-generaci\u00f3n-de-Planta-Termoel\u00e9ctrica-Antonio-Jos\u00e9-de-Sucre-7-768x520.jpeg 768w, https:\/\/mppee.gob.ve\/wp-content\/uploads\/2021\/10\/Verifican-procesos-de-generaci\u00f3n-de-Planta-Termoel\u00e9ctrica-Antonio-Jos\u00e9-de-Sucre-7.jpeg 1080w\" sizes=\"auto, (max-width: 300px) 100vw, 300px\" \/>El vicepresidente Sectorial de Obras P\u00fablicas y Servicios, G\/J N\u00e9stor Reverol, junto a las autoridades regionales de Corpoelec, realizaron un recorrido para verificar los procesos de generaci\u00f3n de la Planta Termoel\u00e9ctrica Antonio Jos\u00e9 de Sucre, de la entidad.<\/p>\n<p>El tambi\u00e9n Ministro del Poder Popular para la Energ\u00eda El\u00e9ctrica, a trav\u00e9s de una publicaci\u00f3n en la red social instagram @reverolnestor, indic\u00f3 que <strong>\u00aben esta Planta de vital importancia para el Sistema El\u00e9ctrico de la entidad, compartimos con nuestra fuerza trabajadora de Corpoelec \u00a0y revisamos todo lo concerniente al Plan Integral de Bienestar Social\u00bb<\/strong>.<\/p>\n<p>Indic\u00f3 que se encuentran enfocados en el fortalecimiento del servicio el\u00e9ctrico en la entidad, donde han entregado un total de 110.000 bombillos tipo LED, como parte del Plan de Sustituci\u00f3n Tecnol\u00f3gica para los 15 municipios de la entidad para garantizar el uso racional y eficiente de la electricidad.<\/p>\n<p><img loading=\"lazy\" decoding=\"async\" class=\"size-medium wp-image-85140 alignright\" src=\"http:\/\/10.200.87.50\/mppee\/wp-content\/uploads\/2021\/10\/Verifican-procesos-de-generaci\u00f3n-de-Planta-Termoel\u00e9ctrica-Antonio-Jos\u00e9-de-Sucre-6-300x221.jpeg\" alt=\"\" width=\"300\" height=\"221\" srcset=\"https:\/\/mppee.gob.ve\/wp-content\/uploads\/2021\/10\/Verifican-procesos-de-generaci\u00f3n-de-Planta-Termoel\u00e9ctrica-Antonio-Jos\u00e9-de-Sucre-6-300x221.jpeg 300w, https:\/\/mppee.gob.ve\/wp-content\/uploads\/2021\/10\/Verifican-procesos-de-generaci\u00f3n-de-Planta-Termoel\u00e9ctrica-Antonio-Jos\u00e9-de-Sucre-6-1024x753.jpeg 1024w, https:\/\/mppee.gob.ve\/wp-content\/uploads\/2021\/10\/Verifican-procesos-de-generaci\u00f3n-de-Planta-Termoel\u00e9ctrica-Antonio-Jos\u00e9-de-Sucre-6-768x565.jpeg 768w, https:\/\/mppee.gob.ve\/wp-content\/uploads\/2021\/10\/Verifican-procesos-de-generaci\u00f3n-de-Planta-Termoel\u00e9ctrica-Antonio-Jos\u00e9-de-Sucre-6.jpeg 1080w\" sizes=\"auto, (max-width: 300px) 100vw, 300px\" \/>El General en Jefe, destac\u00f3 que <strong>\u00abdesplegamos el plan sostenido de mantenimiento en las 32 subestaciones el\u00e9ctricas de la entidad, a fin de proteger y fortalecer nuestro SEN<\/strong>\u00ab.<\/p>\n<p>Finalmente, asegur\u00f3 que el Gobierno nacional atiende el llamado del pueblo venezolano, para optimizar unos servicios p\u00fablicos estables.<\/p>\n<p>Atendemos el llamado de nuestro pueblo y estamos cumpliendo con lo ordenado por el presidente Nicol\u00e1s Maduro para garantizar a los venezolanos, servicios p\u00fablicos estables, \u00f3ptimos y continuos.<\/p>\n<p><b>Prensa Vpsops<\/b><\/p>\n<p><img loading=\"lazy\" decoding=\"async\" class=\"alignnone wp-image-85139 size-full\" src=\"http:\/\/10.200.87.50\/mppee\/wp-content\/uploads\/2021\/10\/Verifican-procesos-de-generaci\u00f3n-de-Planta-Termoel\u00e9ctrica-Antonio-Jos\u00e9-de-Sucre-5.jpeg\" alt=\"\" width=\"1080\" height=\"715\" srcset=\"https:\/\/mppee.gob.ve\/wp-content\/uploads\/2021\/10\/Verifican-procesos-de-generaci\u00f3n-de-Planta-Termoel\u00e9ctrica-Antonio-Jos\u00e9-de-Sucre-5.jpeg 1080w, https:\/\/mppee.gob.ve\/wp-content\/uploads\/2021\/10\/Verifican-procesos-de-generaci\u00f3n-de-Planta-Termoel\u00e9ctrica-Antonio-Jos\u00e9-de-Sucre-5-300x199.jpeg 300w, https:\/\/mppee.gob.ve\/wp-content\/uploads\/2021\/10\/Verifican-procesos-de-generaci\u00f3n-de-Planta-Termoel\u00e9ctrica-Antonio-Jos\u00e9-de-Sucre-5-1024x678.jpeg 1024w, https:\/\/mppee.gob.ve\/wp-content\/uploads\/2021\/10\/Verifican-procesos-de-generaci\u00f3n-de-Planta-Termoel\u00e9ctrica-Antonio-Jos\u00e9-de-Sucre-5-768x508.jpeg 768w\" sizes=\"auto, (max-width: 1080px) 100vw, 1080px\" \/> <img loading=\"lazy\" decoding=\"async\" class=\"aligncenter wp-image-85138 size-full\" src=\"http:\/\/10.200.87.50\/mppee\/wp-content\/uploads\/2021\/10\/Verifican-procesos-de-generaci\u00f3n-de-Planta-Termoel\u00e9ctrica-Antonio-Jos\u00e9-de-Sucre-4.jpeg\" alt=\"\" width=\"1080\" height=\"791\" srcset=\"https:\/\/mppee.gob.ve\/wp-content\/uploads\/2021\/10\/Verifican-procesos-de-generaci\u00f3n-de-Planta-Termoel\u00e9ctrica-Antonio-Jos\u00e9-de-Sucre-4.jpeg 1080w, https:\/\/mppee.gob.ve\/wp-content\/uploads\/2021\/10\/Verifican-procesos-de-generaci\u00f3n-de-Planta-Termoel\u00e9ctrica-Antonio-Jos\u00e9-de-Sucre-4-300x220.jpeg 300w, https:\/\/mppee.gob.ve\/wp-content\/uploads\/2021\/10\/Verifican-procesos-de-generaci\u00f3n-de-Planta-Termoel\u00e9ctrica-Antonio-Jos\u00e9-de-Sucre-4-1024x750.jpeg 1024w, https:\/\/mppee.gob.ve\/wp-content\/uploads\/2021\/10\/Verifican-procesos-de-generaci\u00f3n-de-Planta-Termoel\u00e9ctrica-Antonio-Jos\u00e9-de-Sucre-4-768x562.jpeg 768w\" sizes=\"auto, (max-width: 1080px) 100vw, 1080px\" \/> <img loading=\"lazy\" decoding=\"async\" class=\"alignnone wp-image-85137 size-full\" src=\"http:\/\/10.200.87.50\/mppee\/wp-content\/uploads\/2021\/10\/Verifican-procesos-de-generaci\u00f3n-de-Planta-Termoel\u00e9ctrica-Antonio-Jos\u00e9-de-Sucre-3.jpeg\" alt=\"\" width=\"912\" height=\"608\" srcset=\"https:\/\/mppee.gob.ve\/wp-content\/uploads\/2021\/10\/Verifican-procesos-de-generaci\u00f3n-de-Planta-Termoel\u00e9ctrica-Antonio-Jos\u00e9-de-Sucre-3.jpeg 912w, https:\/\/mppee.gob.ve\/wp-content\/uploads\/2021\/10\/Verifican-procesos-de-generaci\u00f3n-de-Planta-Termoel\u00e9ctrica-Antonio-Jos\u00e9-de-Sucre-3-300x200.jpeg 300w, https:\/\/mppee.gob.ve\/wp-content\/uploads\/2021\/10\/Verifican-procesos-de-generaci\u00f3n-de-Planta-Termoel\u00e9ctrica-Antonio-Jos\u00e9-de-Sucre-3-768x512.jpeg 768w\" sizes=\"auto, (max-width: 912px) 100vw, 912px\" \/> <img loading=\"lazy\" decoding=\"async\" class=\"alignnone wp-image-85136 size-full\" src=\"http:\/\/10.200.87.50\/mppee\/wp-content\/uploads\/2021\/10\/Verifican-procesos-de-generaci\u00f3n-de-Planta-Termoel\u00e9ctrica-Antonio-Jos\u00e9-de-Sucre-2.jpeg\" alt=\"\" width=\"1080\" height=\"776\" srcset=\"https:\/\/mppee.gob.ve\/wp-content\/uploads\/2021\/10\/Verifican-procesos-de-generaci\u00f3n-de-Planta-Termoel\u00e9ctrica-Antonio-Jos\u00e9-de-Sucre-2.jpeg 1080w, https:\/\/mppee.gob.ve\/wp-content\/uploads\/2021\/10\/Verifican-procesos-de-generaci\u00f3n-de-Planta-Termoel\u00e9ctrica-Antonio-Jos\u00e9-de-Sucre-2-300x216.jpeg 300w, https:\/\/mppee.gob.ve\/wp-content\/uploads\/2021\/10\/Verifican-procesos-de-generaci\u00f3n-de-Planta-Termoel\u00e9ctrica-Antonio-Jos\u00e9-de-Sucre-2-1024x736.jpeg 1024w, https:\/\/mppee.gob.ve\/wp-content\/uploads\/2021\/10\/Verifican-procesos-de-generaci\u00f3n-de-Planta-Termoel\u00e9ctrica-Antonio-Jos\u00e9-de-Sucre-2-768x552.jpeg 768w\" sizes=\"auto, (max-width: 1080px) 100vw, 1080px\" \/><\/p>\n","protected":false},"excerpt":{"rendered":"<p>El vicepresidente Sectorial de Obras P\u00fablicas y Servicios, G\/J N\u00e9stor Reverol, junto a las autoridades regionales de Corpoelec, realizaron un<\/p>\n","protected":false},"author":12,"featured_media":85142,"comment_status":"open","ping_status":"open","sticky":false,"template":"","format":"standard","meta":{"footnotes":""},"categories":[30],"tags":[11],"class_list":["post-85134","post","type-post","status-publish","format-standard","has-post-thumbnail","hentry","category-regionales","tag-mppee"],"_links":{"self":[{"href":"https:\/\/mppee.gob.ve\/index.php?rest_route=\/wp\/v2\/posts\/85134","targetHints":{"allow":["GET"]}}],"collection":[{"href":"https:\/\/mppee.gob.ve\/index.php?rest_route=\/wp\/v2\/posts"}],"about":[{"href":"https:\/\/mppee.gob.ve\/index.php?rest_route=\/wp\/v2\/types\/post"}],"author":[{"embeddable":true,"href":"https:\/\/mppee.gob.ve\/index.php?rest_route=\/wp\/v2\/users\/12"}],"replies":[{"embeddable":true,"href":"https:\/\/mppee.gob.ve\/index.php?rest_route=%2Fwp%2Fv2%2Fcomments&post=85134"}],"version-history":[{"count":1,"href":"https:\/\/mppee.gob.ve\/index.php?rest_route=\/wp\/v2\/posts\/85134\/revisions"}],"predecessor-version":[{"id":85143,"href":"https:\/\/mppee.gob.ve\/index.php?rest_route=\/wp\/v2\/posts\/85134\/revisions\/85143"}],"wp:featuredmedia":[{"embeddable":true,"href":"https:\/\/mppee.gob.ve\/index.php?rest_route=\/wp\/v2\/media\/85142"}],"wp:attachment":[{"href":"https:\/\/mppee.gob.ve\/index.php?rest_route=%2Fwp%2Fv2%2Fmedia&parent=85134"}],"wp:term":[{"taxonomy":"category","embeddable":true,"href":"https:\/\/mppee.gob.ve\/index.php?rest_route=%2Fwp%2Fv2%2Fcategories&post=85134"},{"taxonomy":"post_tag","embeddable":true,"href":"https:\/\/mppee.gob.ve\/index.php?rest_route=%2Fwp%2Fv2%2Ftags&post=85134"}],"curies":[{"name":"wp","href":"https:\/\/api.w.org\/{rel}","templated":true}]}}