{"id":85150,"date":"2021-10-13T13:12:00","date_gmt":"2021-10-13T13:12:00","guid":{"rendered":"http:\/\/10.200.87.50\/mppee\/?p=85150"},"modified":"2021-10-14T13:23:29","modified_gmt":"2021-10-14T13:23:29","slug":"inician-trabajos-para-mejoras-en-vialidad-y-obras-publicas-en-el-estado-sucre","status":"publish","type":"post","link":"https:\/\/mppee.gob.ve\/?p=85150","title":{"rendered":"Inician trabajos para mejoras en vialidad y obras p\u00fablicas en el estado Sucre"},"content":{"rendered":"<p style=\"text-align: justify;\"><img loading=\"lazy\" decoding=\"async\" class=\"size-medium wp-image-85158 alignleft\" src=\"http:\/\/10.200.87.50\/mppee\/wp-content\/uploads\/2021\/10\/Inician-trabajos-para-mejoras-en-vialidad-y-obras-p\u00fablicas-en-el-estado-Sucre-8-300x204.jpeg\" alt=\"\" width=\"300\" height=\"204\" srcset=\"https:\/\/mppee.gob.ve\/wp-content\/uploads\/2021\/10\/Inician-trabajos-para-mejoras-en-vialidad-y-obras-p\u00fablicas-en-el-estado-Sucre-8-300x204.jpeg 300w, https:\/\/mppee.gob.ve\/wp-content\/uploads\/2021\/10\/Inician-trabajos-para-mejoras-en-vialidad-y-obras-p\u00fablicas-en-el-estado-Sucre-8-1024x695.jpeg 1024w, https:\/\/mppee.gob.ve\/wp-content\/uploads\/2021\/10\/Inician-trabajos-para-mejoras-en-vialidad-y-obras-p\u00fablicas-en-el-estado-Sucre-8-768x521.jpeg 768w, https:\/\/mppee.gob.ve\/wp-content\/uploads\/2021\/10\/Inician-trabajos-para-mejoras-en-vialidad-y-obras-p\u00fablicas-en-el-estado-Sucre-8.jpeg 1080w\" sizes=\"auto, (max-width: 300px) 100vw, 300px\" \/>Este mi\u00e9rcoles, el vicepresidente Sectorial de Obras P\u00fablicas y Servicios, G\/J N\u00e9stor Reverol, inform\u00f3 durante una reuni\u00f3n con el gobernador del estado Sucre, Edwin Rojas, alcaldes, alcaldesas y ministros pertenecientes a este despacho, el inicio de las reparaciones de las v\u00edas de diversos municipios de la entidad.<\/p>\n<p><strong>\u201cNos comprometemos en atender las v\u00edas, lo que llaman el sector La Curva de La Cucaracha, que es muy conocido en la zona. Desde Las Cumbres hasta Santa Fe, la frontera con el municipio Montes y Monagas; as\u00ed como tambi\u00e9n el Ministerio de Obras P\u00fablicas, puso a disposici\u00f3n 80 toneladas de cemento para continuar con otras fases de mejoras\u201d<\/strong>, dijo Reverol Torres.<\/p>\n<p>Indic\u00f3 la incorporaci\u00f3n de ocho nuevas unidades al sistema de transporte p\u00fablico de esta entidad oriental, as\u00ed como el dise\u00f1o de estrategias para la ejecuci\u00f3n de un plan de recuperaci\u00f3n de las unidades de Yutong, por parte del Ministerio del Poder Popular para el Transporte, en el cual rehabilitar\u00e1n 40 autobuses durante este \u00faltimo trimestre del a\u00f1o. Adem\u00e1s, de la intervenci\u00f3n de las v\u00edas rurales a trav\u00e9s de maquinaria pesada, para su mejoramiento.<\/p>\n<p><img loading=\"lazy\" decoding=\"async\" class=\"size-medium wp-image-85159 alignright\" src=\"http:\/\/10.200.87.50\/mppee\/wp-content\/uploads\/2021\/10\/Inician-trabajos-para-mejoras-en-vialidad-y-obras-p\u00fablicas-en-el-estado-Sucre-9-300x196.jpeg\" alt=\"\" width=\"300\" height=\"196\" srcset=\"https:\/\/mppee.gob.ve\/wp-content\/uploads\/2021\/10\/Inician-trabajos-para-mejoras-en-vialidad-y-obras-p\u00fablicas-en-el-estado-Sucre-9-300x196.jpeg 300w, https:\/\/mppee.gob.ve\/wp-content\/uploads\/2021\/10\/Inician-trabajos-para-mejoras-en-vialidad-y-obras-p\u00fablicas-en-el-estado-Sucre-9-1024x669.jpeg 1024w, https:\/\/mppee.gob.ve\/wp-content\/uploads\/2021\/10\/Inician-trabajos-para-mejoras-en-vialidad-y-obras-p\u00fablicas-en-el-estado-Sucre-9-768x502.jpeg 768w, https:\/\/mppee.gob.ve\/wp-content\/uploads\/2021\/10\/Inician-trabajos-para-mejoras-en-vialidad-y-obras-p\u00fablicas-en-el-estado-Sucre-9.jpeg 1080w\" sizes=\"auto, (max-width: 300px) 100vw, 300px\" \/>El General en Jefe precis\u00f3 que se implementa el Plan de Recuperaci\u00f3n de las Estaciones de Agua Servidas en el estado, que restaurar\u00e1 21 pozos de agua profunda para el beneficio del pueblo sucrense.<\/p>\n<p><strong>\u201cYa se instal\u00f3 el equipo de aguas para recuperar las aguas servidas, los pozos profundos, y los acueductos de la regi\u00f3n a trav\u00e9s de Hidrocaribe\u201d<\/strong>, manifest\u00f3 el Ministro Reverol.<\/p>\n<p>Destac\u00f3 que efectuar\u00e1n de forma inmediata el Plan de Tomas No Autorizadas, junto a los organismos de seguridad ciudadana de la entidad oriental.<\/p>\n<p>El tambi\u00e9n Ministro del Poder Popular para la Energ\u00eda El\u00e9ctrica, entreg\u00f3 m\u00e1s de 110 mil bombillos, para que se distribuyan en los 15 municipios del estado, y de esta manera contribuir al uso racional y eficiente de la energ\u00eda el\u00e9ctrica.<\/p>\n<p><strong>\u201cEstamos en las mejoras de la generaci\u00f3n, transmisi\u00f3n, mantenimiento de las 115 kV y 138 kV, y en la recuperaci\u00f3n de las 32 subestaciones que operan en Sucre\u201d<\/strong>, dijo el Ministro.<\/p>\n<p><img loading=\"lazy\" decoding=\"async\" class=\"size-medium wp-image-85157 alignleft\" src=\"http:\/\/10.200.87.50\/mppee\/wp-content\/uploads\/2021\/10\/Inician-trabajos-para-mejoras-en-vialidad-y-obras-p\u00fablicas-en-el-estado-Sucre-7-300x200.jpeg\" alt=\"\" width=\"300\" height=\"200\" srcset=\"https:\/\/mppee.gob.ve\/wp-content\/uploads\/2021\/10\/Inician-trabajos-para-mejoras-en-vialidad-y-obras-p\u00fablicas-en-el-estado-Sucre-7-300x200.jpeg 300w, https:\/\/mppee.gob.ve\/wp-content\/uploads\/2021\/10\/Inician-trabajos-para-mejoras-en-vialidad-y-obras-p\u00fablicas-en-el-estado-Sucre-7-768x512.jpeg 768w, https:\/\/mppee.gob.ve\/wp-content\/uploads\/2021\/10\/Inician-trabajos-para-mejoras-en-vialidad-y-obras-p\u00fablicas-en-el-estado-Sucre-7.jpeg 912w\" sizes=\"auto, (max-width: 300px) 100vw, 300px\" \/>Referente al tema ambiental, se encuentran en recuperaci\u00f3n los veh\u00edculos compactadores de desechos s\u00f3lidos y la rehabilitaci\u00f3n de los tres vertederos que existen en la entidad.<\/p>\n<p>En el \u00e1rea de las telecomunicaciones, se atender\u00e1n 5 mil aver\u00edas telef\u00f3nicas y de internet, durante el \u00faltimo trimestre del 2021, que se sumar\u00e1n a las 27 mil 500 ya reparadas.<\/p>\n<p><b><em>Seguridad para los servicios p\u00fablicos<\/em><\/b><\/p>\n<p>El vicepresidente Sectorial de Obras P\u00fablicas y Servicios, G\/J N\u00e9stor Reverol, inform\u00f3 que junto a \u00a0las Fuerza Armada Nacional Bolivariana (Fanb) y los organismos de seguridad de la regi\u00f3n, coordinar\u00e1n estrategias para \u00a0evitar el robo, hurto, vandalismo sabotaje y actos terroristas que afecten a los servicios p\u00fablicos.<\/p>\n<p><strong>\u201cEstamos con el viceministro de Prevenci\u00f3n, Seguridad Ciudadana y Cuadrantes de Paz, G\/D Endes Palencia, el Comandante de la ZODI, G\/D Pablo Jos\u00e9 Bravo Parra, por instrucciones del ministro del Poder Popular para Relaciones Interiores, Justicia y Paz, A\/J Remigio Ceballos, para atender todo el eje transversal de la seguridad. Por eso hemos hecho un plan para garantizar la estabilidad en la seguridad de los servicios p\u00fablicos\u201d<\/strong>, enfatiz\u00f3 Reverol.<\/p>\n<p><b>Prensa Vpsops <\/b><\/p>\n<figure id=\"attachment_85153\" aria-describedby=\"caption-attachment-85153\" style=\"width: 912px\" class=\"wp-caption alignnone\"><img loading=\"lazy\" decoding=\"async\" class=\"wp-image-85153 size-full\" src=\"http:\/\/10.200.87.50\/mppee\/wp-content\/uploads\/2021\/10\/Inician-trabajos-para-mejoras-en-vialidad-y-obras-p\u00fablicas-en-el-estado-Sucre-3.jpeg\" alt=\"\" width=\"912\" height=\"608\" srcset=\"https:\/\/mppee.gob.ve\/wp-content\/uploads\/2021\/10\/Inician-trabajos-para-mejoras-en-vialidad-y-obras-p\u00fablicas-en-el-estado-Sucre-3.jpeg 912w, https:\/\/mppee.gob.ve\/wp-content\/uploads\/2021\/10\/Inician-trabajos-para-mejoras-en-vialidad-y-obras-p\u00fablicas-en-el-estado-Sucre-3-300x200.jpeg 300w, https:\/\/mppee.gob.ve\/wp-content\/uploads\/2021\/10\/Inician-trabajos-para-mejoras-en-vialidad-y-obras-p\u00fablicas-en-el-estado-Sucre-3-768x512.jpeg 768w\" sizes=\"auto, (max-width: 912px) 100vw, 912px\" \/><figcaption id=\"caption-attachment-85153\" class=\"wp-caption-text\">vicepresidente Sectorial de Obras P\u00fablicas y Servicios; Ministro del Poder Popular para la Energ\u00eda El\u00e9ctrica, G\/J N\u00e9stor Reverol<\/figcaption><\/figure>\n<p><img loading=\"lazy\" decoding=\"async\" class=\"alignnone wp-image-85156 size-full\" src=\"http:\/\/10.200.87.50\/mppee\/wp-content\/uploads\/2021\/10\/Inician-trabajos-para-mejoras-en-vialidad-y-obras-p\u00fablicas-en-el-estado-Sucre-6.jpeg\" alt=\"\" width=\"1080\" height=\"765\" srcset=\"https:\/\/mppee.gob.ve\/wp-content\/uploads\/2021\/10\/Inician-trabajos-para-mejoras-en-vialidad-y-obras-p\u00fablicas-en-el-estado-Sucre-6.jpeg 1080w, https:\/\/mppee.gob.ve\/wp-content\/uploads\/2021\/10\/Inician-trabajos-para-mejoras-en-vialidad-y-obras-p\u00fablicas-en-el-estado-Sucre-6-300x213.jpeg 300w, https:\/\/mppee.gob.ve\/wp-content\/uploads\/2021\/10\/Inician-trabajos-para-mejoras-en-vialidad-y-obras-p\u00fablicas-en-el-estado-Sucre-6-1024x725.jpeg 1024w, https:\/\/mppee.gob.ve\/wp-content\/uploads\/2021\/10\/Inician-trabajos-para-mejoras-en-vialidad-y-obras-p\u00fablicas-en-el-estado-Sucre-6-768x544.jpeg 768w\" sizes=\"auto, (max-width: 1080px) 100vw, 1080px\" \/> <img loading=\"lazy\" decoding=\"async\" class=\"alignnone wp-image-85155 size-full\" src=\"http:\/\/10.200.87.50\/mppee\/wp-content\/uploads\/2021\/10\/Inician-trabajos-para-mejoras-en-vialidad-y-obras-p\u00fablicas-en-el-estado-Sucre-5.jpeg\" alt=\"\" width=\"1080\" height=\"750\" srcset=\"https:\/\/mppee.gob.ve\/wp-content\/uploads\/2021\/10\/Inician-trabajos-para-mejoras-en-vialidad-y-obras-p\u00fablicas-en-el-estado-Sucre-5.jpeg 1080w, https:\/\/mppee.gob.ve\/wp-content\/uploads\/2021\/10\/Inician-trabajos-para-mejoras-en-vialidad-y-obras-p\u00fablicas-en-el-estado-Sucre-5-300x208.jpeg 300w, https:\/\/mppee.gob.ve\/wp-content\/uploads\/2021\/10\/Inician-trabajos-para-mejoras-en-vialidad-y-obras-p\u00fablicas-en-el-estado-Sucre-5-1024x711.jpeg 1024w, https:\/\/mppee.gob.ve\/wp-content\/uploads\/2021\/10\/Inician-trabajos-para-mejoras-en-vialidad-y-obras-p\u00fablicas-en-el-estado-Sucre-5-768x533.jpeg 768w, https:\/\/mppee.gob.ve\/wp-content\/uploads\/2021\/10\/Inician-trabajos-para-mejoras-en-vialidad-y-obras-p\u00fablicas-en-el-estado-Sucre-5-392x272.jpeg 392w, https:\/\/mppee.gob.ve\/wp-content\/uploads\/2021\/10\/Inician-trabajos-para-mejoras-en-vialidad-y-obras-p\u00fablicas-en-el-estado-Sucre-5-130x90.jpeg 130w\" sizes=\"auto, (max-width: 1080px) 100vw, 1080px\" \/> <img loading=\"lazy\" decoding=\"async\" class=\"alignnone wp-image-85154 size-full\" src=\"http:\/\/10.200.87.50\/mppee\/wp-content\/uploads\/2021\/10\/Inician-trabajos-para-mejoras-en-vialidad-y-obras-p\u00fablicas-en-el-estado-Sucre-4.jpeg\" alt=\"\" width=\"1080\" height=\"776\" srcset=\"https:\/\/mppee.gob.ve\/wp-content\/uploads\/2021\/10\/Inician-trabajos-para-mejoras-en-vialidad-y-obras-p\u00fablicas-en-el-estado-Sucre-4.jpeg 1080w, https:\/\/mppee.gob.ve\/wp-content\/uploads\/2021\/10\/Inician-trabajos-para-mejoras-en-vialidad-y-obras-p\u00fablicas-en-el-estado-Sucre-4-300x216.jpeg 300w, https:\/\/mppee.gob.ve\/wp-content\/uploads\/2021\/10\/Inician-trabajos-para-mejoras-en-vialidad-y-obras-p\u00fablicas-en-el-estado-Sucre-4-1024x736.jpeg 1024w, https:\/\/mppee.gob.ve\/wp-content\/uploads\/2021\/10\/Inician-trabajos-para-mejoras-en-vialidad-y-obras-p\u00fablicas-en-el-estado-Sucre-4-768x552.jpeg 768w\" sizes=\"auto, (max-width: 1080px) 100vw, 1080px\" \/> <img loading=\"lazy\" decoding=\"async\" class=\"alignnone wp-image-85151 size-full\" src=\"http:\/\/10.200.87.50\/mppee\/wp-content\/uploads\/2021\/10\/Inician-trabajos-para-mejoras-en-vialidad-y-obras-p\u00fablicas-en-el-estado-Sucre-1.jpeg\" alt=\"\" width=\"912\" height=\"608\" srcset=\"https:\/\/mppee.gob.ve\/wp-content\/uploads\/2021\/10\/Inician-trabajos-para-mejoras-en-vialidad-y-obras-p\u00fablicas-en-el-estado-Sucre-1.jpeg 912w, https:\/\/mppee.gob.ve\/wp-content\/uploads\/2021\/10\/Inician-trabajos-para-mejoras-en-vialidad-y-obras-p\u00fablicas-en-el-estado-Sucre-1-300x200.jpeg 300w, https:\/\/mppee.gob.ve\/wp-content\/uploads\/2021\/10\/Inician-trabajos-para-mejoras-en-vialidad-y-obras-p\u00fablicas-en-el-estado-Sucre-1-768x512.jpeg 768w\" sizes=\"auto, (max-width: 912px) 100vw, 912px\" \/> <img loading=\"lazy\" decoding=\"async\" class=\"alignnone wp-image-85148 size-full\" src=\"http:\/\/10.200.87.50\/mppee\/wp-content\/uploads\/2021\/10\/Instalan-Planta-M\u00f3vil-de-Llenado-y-entregan-3-mil-bombonas-de-gas-en-el-estado-Sucre-4.jpeg\" alt=\"\" width=\"1080\" height=\"776\" srcset=\"https:\/\/mppee.gob.ve\/wp-content\/uploads\/2021\/10\/Instalan-Planta-M\u00f3vil-de-Llenado-y-entregan-3-mil-bombonas-de-gas-en-el-estado-Sucre-4.jpeg 1080w, https:\/\/mppee.gob.ve\/wp-content\/uploads\/2021\/10\/Instalan-Planta-M\u00f3vil-de-Llenado-y-entregan-3-mil-bombonas-de-gas-en-el-estado-Sucre-4-300x216.jpeg 300w, https:\/\/mppee.gob.ve\/wp-content\/uploads\/2021\/10\/Instalan-Planta-M\u00f3vil-de-Llenado-y-entregan-3-mil-bombonas-de-gas-en-el-estado-Sucre-4-1024x736.jpeg 1024w, https:\/\/mppee.gob.ve\/wp-content\/uploads\/2021\/10\/Instalan-Planta-M\u00f3vil-de-Llenado-y-entregan-3-mil-bombonas-de-gas-en-el-estado-Sucre-4-768x552.jpeg 768w\" sizes=\"auto, (max-width: 1080px) 100vw, 1080px\" \/><\/p>\n","protected":false},"excerpt":{"rendered":"<p>Este mi\u00e9rcoles, el vicepresidente Sectorial de Obras P\u00fablicas y Servicios, G\/J N\u00e9stor Reverol, inform\u00f3 durante una reuni\u00f3n con el gobernador<\/p>\n","protected":false},"author":12,"featured_media":85152,"comment_status":"open","ping_status":"open","sticky":false,"template":"","format":"standard","meta":{"footnotes":""},"categories":[30],"tags":[327],"class_list":["post-85150","post","type-post","status-publish","format-standard","has-post-thumbnail","hentry","category-regionales","tag-vsops"],"_links":{"self":[{"href":"https:\/\/mppee.gob.ve\/index.php?rest_route=\/wp\/v2\/posts\/85150","targetHints":{"allow":["GET"]}}],"collection":[{"href":"https:\/\/mppee.gob.ve\/index.php?rest_route=\/wp\/v2\/posts"}],"about":[{"href":"https:\/\/mppee.gob.ve\/index.php?rest_route=\/wp\/v2\/types\/post"}],"author":[{"embeddable":true,"href":"https:\/\/mppee.gob.ve\/index.php?rest_route=\/wp\/v2\/users\/12"}],"replies":[{"embeddable":true,"href":"https:\/\/mppee.gob.ve\/index.php?rest_route=%2Fwp%2Fv2%2Fcomments&post=85150"}],"version-history":[{"count":1,"href":"https:\/\/mppee.gob.ve\/index.php?rest_route=\/wp\/v2\/posts\/85150\/revisions"}],"predecessor-version":[{"id":85160,"href":"https:\/\/mppee.gob.ve\/index.php?rest_route=\/wp\/v2\/posts\/85150\/revisions\/85160"}],"wp:featuredmedia":[{"embeddable":true,"href":"https:\/\/mppee.gob.ve\/index.php?rest_route=\/wp\/v2\/media\/85152"}],"wp:attachment":[{"href":"https:\/\/mppee.gob.ve\/index.php?rest_route=%2Fwp%2Fv2%2Fmedia&parent=85150"}],"wp:term":[{"taxonomy":"category","embeddable":true,"href":"https:\/\/mppee.gob.ve\/index.php?rest_route=%2Fwp%2Fv2%2Fcategories&post=85150"},{"taxonomy":"post_tag","embeddable":true,"href":"https:\/\/mppee.gob.ve\/index.php?rest_route=%2Fwp%2Fv2%2Ftags&post=85150"}],"curies":[{"name":"wp","href":"https:\/\/api.w.org\/{rel}","templated":true}]}}