{"id":85204,"date":"2021-10-18T14:10:00","date_gmt":"2021-10-18T14:10:00","guid":{"rendered":"http:\/\/10.200.87.50\/mppee\/?p=85204"},"modified":"2021-10-19T14:18:49","modified_gmt":"2021-10-19T14:18:49","slug":"fortalecen-sistema-hidrico-en-el-estado-la-guaira","status":"publish","type":"post","link":"https:\/\/mppee.gob.ve\/?p=85204","title":{"rendered":"Fortalecen sistema h\u00eddrico en el estado La Guaira"},"content":{"rendered":"<p style=\"text-align: justify;\"><img loading=\"lazy\" decoding=\"async\" class=\"size-medium wp-image-85211 alignleft\" src=\"http:\/\/10.200.87.50\/mppee\/wp-content\/uploads\/2021\/10\/Fortalecen-sistema-h\u00eddrico-en-el-estado-La-Guaira-7-300x200.jpeg\" alt=\"\" width=\"300\" height=\"200\" srcset=\"https:\/\/mppee.gob.ve\/wp-content\/uploads\/2021\/10\/Fortalecen-sistema-h\u00eddrico-en-el-estado-La-Guaira-7-300x200.jpeg 300w, https:\/\/mppee.gob.ve\/wp-content\/uploads\/2021\/10\/Fortalecen-sistema-h\u00eddrico-en-el-estado-La-Guaira-7-768x512.jpeg 768w, https:\/\/mppee.gob.ve\/wp-content\/uploads\/2021\/10\/Fortalecen-sistema-h\u00eddrico-en-el-estado-La-Guaira-7.jpeg 912w\" sizes=\"auto, (max-width: 300px) 100vw, 300px\" \/>El vicepresidente Sectorial de Obras P\u00fablicas y Servicios, G\/J N\u00e9stor Reverol, inform\u00f3 la aducci\u00f3n del acueducto Maya \u2013 Picure, que permitir\u00e1 la suma de 250 litros de agua por segundo, adicionales para el estado La Guaira. <br \/><br \/>La informaci\u00f3n la dio a conocer durante una reuni\u00f3n efectuada como parte del Plan de Visitas de Inspecci\u00f3n y Supervisi\u00f3n de Servicios P\u00fablicos, junto al gobernador encargado de la entidad, Jos\u00e9 Manuel Su\u00e1rez; alcalde del municipio Vargas, Jos\u00e9 Ter\u00e1n, ministros y presidentes de los entes de este despacho, donde destac\u00f3 que,<strong> \u201cse ejecutar\u00e1 la rehabilitaci\u00f3n de nueve pozos profundos, para garantizar el vital l\u00edquido a las comunidades, adem\u00e1s del plan de atenci\u00f3n de aver\u00edas y la entrega de tanques azules al pueblo guaire\u00f1o\u201d.<\/strong><br \/><br \/>El General en Jefe indic\u00f3 la incorporaci\u00f3n de las plantas desalinizadoras, as\u00ed como tambi\u00e9n el desarrollo del plan de atenci\u00f3n de fugas mayores, plan de tomas ilegales para evitar el robo de las mismas, y aumentar el caudal en todas las zonas de la entidad costera. <br \/><br \/><strong><img loading=\"lazy\" decoding=\"async\" class=\"size-medium wp-image-85210 alignright\" src=\"http:\/\/10.200.87.50\/mppee\/wp-content\/uploads\/2021\/10\/Fortalecen-sistema-h\u00eddrico-en-el-estado-La-Guaira-6-300x200.jpeg\" alt=\"\" width=\"300\" height=\"200\" srcset=\"https:\/\/mppee.gob.ve\/wp-content\/uploads\/2021\/10\/Fortalecen-sistema-h\u00eddrico-en-el-estado-La-Guaira-6-300x200.jpeg 300w, https:\/\/mppee.gob.ve\/wp-content\/uploads\/2021\/10\/Fortalecen-sistema-h\u00eddrico-en-el-estado-La-Guaira-6-768x512.jpeg 768w, https:\/\/mppee.gob.ve\/wp-content\/uploads\/2021\/10\/Fortalecen-sistema-h\u00eddrico-en-el-estado-La-Guaira-6.jpeg 912w\" sizes=\"auto, (max-width: 300px) 100vw, 300px\" \/>\u201cAprovechando la territorializaci\u00f3n del estado La Guaira, vamos a organizar 11 Brigadas del Poder Popular para la Atenci\u00f3n de las Aguas, donde Hidrocapital les dar\u00e1 todas las herramientas necesarias y la inducci\u00f3n, para garantizar la reparaci\u00f3n de las aver\u00edas junto al Poder Popular\u201d<\/strong>, dijo Reverol.<br \/><br \/>Asimismo, enfatiz\u00f3 que antes de finalizar el a\u00f1o 2021 se realizar\u00e1n las adecuaciones y entrega de de cisternas y el reimpulso de las Mesas T\u00e9cnicas de Agua.<br \/><br \/>El tambi\u00e9n Ministro del Poder Popular para la Energ\u00eda El\u00e9ctrica, subray\u00f3 la adecuaci\u00f3n de la Planta Termoel\u00e9ctrica Picure, con lo que se sumar\u00e1n 75 megavatios para el \u00faltimo trimestre del a\u00f1o, as\u00ed como el inicio de las reparaciones de la unidad N\u00b0 8 de la Planta Termoel\u00e9ctrica Josefa Joaquina S\u00e1nchez, que ayudar\u00e1 a la estabilizaci\u00f3n del sistema el\u00e9ctrico en la entidad. As\u00ed como tambi\u00e9n, continuar\u00e1n con la ejecuci\u00f3n del Plan Integral de Iluminaci\u00f3n de V\u00edas Expresas en la autopista Caracas \u2013 La Guaira. <br \/><br \/>En el tema de las telecomunicaciones, anunci\u00f3 la reparaci\u00f3n de 7 mil aver\u00edas en el estado, que sumar\u00e1n a las 24 mil ya reparadas. As\u00ed como la afiliaci\u00f3n de 400 nuevos usuarios de los urbanismos de la Gran Misi\u00f3n Vivienda Venezuela (Gmvv). <br \/><br \/><strong><img loading=\"lazy\" decoding=\"async\" class=\"size-medium wp-image-85209 alignleft\" src=\"http:\/\/10.200.87.50\/mppee\/wp-content\/uploads\/2021\/10\/Fortalecen-sistema-h\u00eddrico-en-el-estado-La-Guaira-5-300x200.jpeg\" alt=\"\" width=\"300\" height=\"200\" srcset=\"https:\/\/mppee.gob.ve\/wp-content\/uploads\/2021\/10\/Fortalecen-sistema-h\u00eddrico-en-el-estado-La-Guaira-5-300x200.jpeg 300w, https:\/\/mppee.gob.ve\/wp-content\/uploads\/2021\/10\/Fortalecen-sistema-h\u00eddrico-en-el-estado-La-Guaira-5-768x512.jpeg 768w, https:\/\/mppee.gob.ve\/wp-content\/uploads\/2021\/10\/Fortalecen-sistema-h\u00eddrico-en-el-estado-La-Guaira-5.jpeg 912w\" sizes=\"auto, (max-width: 300px) 100vw, 300px\" \/>\u201cTambi\u00e9n colocaremos fibra \u00f3ptica para mejorar la calidad del servicio. Y la colocaci\u00f3n de 14 radiobases que se van a instalar en el estado para el mejoramiento de la telefon\u00eda celular, Movilnet\u201d<\/strong>, manifest\u00f3 el General en Jefe. <br \/><br \/>En materia de Obras P\u00fablicas, comunic\u00f3 el inicio del plan de rehabilitaci\u00f3n de 870 viviendas en la parroquia La Guaira y de 19 canchas deportivas. Adem\u00e1s, se entregar\u00e1n 10 nuevas unidades que se unir\u00e1n al sistema de transporte de La Guaira. <br \/><br \/>Asimismo, agreg\u00f3 que el Ministerio del Poder Popular para el Ecosocialismo desarrolla planes de mantenimiento de playas, \u00a0la rehabilitaci\u00f3n y adecuaci\u00f3n de las \u00e1reas que unen a La Guaira con el Waraira Repano.<br \/><br \/>Todas estas acciones se ejecutan bajo la instrucci\u00f3n del presidente de la Rep\u00fablica, Nicol\u00e1s Maduro, para mejorar y optimizar los servicios p\u00fablicos en los 24 estados del pa\u00eds, para garantizar el buen vivir de los venezolanos.<br \/><br \/><b>Prensa Vpsops<\/b><\/p>\n<p><img loading=\"lazy\" decoding=\"async\" class=\"alignnone wp-image-85207 size-full\" src=\"http:\/\/10.200.87.50\/mppee\/wp-content\/uploads\/2021\/10\/Fortalecen-sistema-h\u00eddrico-en-el-estado-La-Guaira-3.jpeg\" alt=\"\" width=\"912\" height=\"608\" srcset=\"https:\/\/mppee.gob.ve\/wp-content\/uploads\/2021\/10\/Fortalecen-sistema-h\u00eddrico-en-el-estado-La-Guaira-3.jpeg 912w, https:\/\/mppee.gob.ve\/wp-content\/uploads\/2021\/10\/Fortalecen-sistema-h\u00eddrico-en-el-estado-La-Guaira-3-300x200.jpeg 300w, https:\/\/mppee.gob.ve\/wp-content\/uploads\/2021\/10\/Fortalecen-sistema-h\u00eddrico-en-el-estado-La-Guaira-3-768x512.jpeg 768w\" sizes=\"auto, (max-width: 912px) 100vw, 912px\" \/> <img loading=\"lazy\" decoding=\"async\" class=\"alignnone wp-image-85206 size-full\" src=\"http:\/\/10.200.87.50\/mppee\/wp-content\/uploads\/2021\/10\/Fortalecen-sistema-h\u00eddrico-en-el-estado-La-Guaira-2.jpeg\" alt=\"\" width=\"1080\" height=\"782\" srcset=\"https:\/\/mppee.gob.ve\/wp-content\/uploads\/2021\/10\/Fortalecen-sistema-h\u00eddrico-en-el-estado-La-Guaira-2.jpeg 1080w, https:\/\/mppee.gob.ve\/wp-content\/uploads\/2021\/10\/Fortalecen-sistema-h\u00eddrico-en-el-estado-La-Guaira-2-300x217.jpeg 300w, https:\/\/mppee.gob.ve\/wp-content\/uploads\/2021\/10\/Fortalecen-sistema-h\u00eddrico-en-el-estado-La-Guaira-2-1024x741.jpeg 1024w, https:\/\/mppee.gob.ve\/wp-content\/uploads\/2021\/10\/Fortalecen-sistema-h\u00eddrico-en-el-estado-La-Guaira-2-768x556.jpeg 768w\" sizes=\"auto, (max-width: 1080px) 100vw, 1080px\" \/><\/p>\n\n\n<p><\/p>\n","protected":false},"excerpt":{"rendered":"<p>El vicepresidente Sectorial de Obras P\u00fablicas y Servicios, G\/J N\u00e9stor Reverol, inform\u00f3 la aducci\u00f3n del acueducto Maya \u2013 Picure, que<\/p>\n","protected":false},"author":12,"featured_media":85208,"comment_status":"open","ping_status":"open","sticky":false,"template":"","format":"standard","meta":{"footnotes":""},"categories":[30],"tags":[327],"class_list":["post-85204","post","type-post","status-publish","format-standard","has-post-thumbnail","hentry","category-regionales","tag-vsops"],"_links":{"self":[{"href":"https:\/\/mppee.gob.ve\/index.php?rest_route=\/wp\/v2\/posts\/85204","targetHints":{"allow":["GET"]}}],"collection":[{"href":"https:\/\/mppee.gob.ve\/index.php?rest_route=\/wp\/v2\/posts"}],"about":[{"href":"https:\/\/mppee.gob.ve\/index.php?rest_route=\/wp\/v2\/types\/post"}],"author":[{"embeddable":true,"href":"https:\/\/mppee.gob.ve\/index.php?rest_route=\/wp\/v2\/users\/12"}],"replies":[{"embeddable":true,"href":"https:\/\/mppee.gob.ve\/index.php?rest_route=%2Fwp%2Fv2%2Fcomments&post=85204"}],"version-history":[{"count":1,"href":"https:\/\/mppee.gob.ve\/index.php?rest_route=\/wp\/v2\/posts\/85204\/revisions"}],"predecessor-version":[{"id":85212,"href":"https:\/\/mppee.gob.ve\/index.php?rest_route=\/wp\/v2\/posts\/85204\/revisions\/85212"}],"wp:featuredmedia":[{"embeddable":true,"href":"https:\/\/mppee.gob.ve\/index.php?rest_route=\/wp\/v2\/media\/85208"}],"wp:attachment":[{"href":"https:\/\/mppee.gob.ve\/index.php?rest_route=%2Fwp%2Fv2%2Fmedia&parent=85204"}],"wp:term":[{"taxonomy":"category","embeddable":true,"href":"https:\/\/mppee.gob.ve\/index.php?rest_route=%2Fwp%2Fv2%2Fcategories&post=85204"},{"taxonomy":"post_tag","embeddable":true,"href":"https:\/\/mppee.gob.ve\/index.php?rest_route=%2Fwp%2Fv2%2Ftags&post=85204"}],"curies":[{"name":"wp","href":"https:\/\/api.w.org\/{rel}","templated":true}]}}