{"id":85243,"date":"2021-10-21T15:53:00","date_gmt":"2021-10-21T15:53:00","guid":{"rendered":"http:\/\/10.200.87.50\/mppee\/?p=85243"},"modified":"2021-10-22T16:10:27","modified_gmt":"2021-10-22T16:10:27","slug":"entregan-unidades-de-transporte-fuerza-trabajadora-de-corpoelec-en-carabobo-y-zulia","status":"publish","type":"post","link":"https:\/\/mppee.gob.ve\/?p=85243","title":{"rendered":"Entregan unidades de transporte fuerza trabajadora de Corpoelec en Carabobo y Zulia"},"content":{"rendered":"<p style=\"text-align: justify;\"><img loading=\"lazy\" decoding=\"async\" class=\"size-medium wp-image-85250 alignleft\" src=\"http:\/\/10.200.87.50\/mppee\/wp-content\/uploads\/2021\/10\/9465097b-e666-42db-a3a1-63074836b5ac-300x225.jpg\" alt=\"\" width=\"300\" height=\"225\" srcset=\"https:\/\/mppee.gob.ve\/wp-content\/uploads\/2021\/10\/9465097b-e666-42db-a3a1-63074836b5ac-300x225.jpg 300w, https:\/\/mppee.gob.ve\/wp-content\/uploads\/2021\/10\/9465097b-e666-42db-a3a1-63074836b5ac-768x576.jpg 768w, https:\/\/mppee.gob.ve\/wp-content\/uploads\/2021\/10\/9465097b-e666-42db-a3a1-63074836b5ac.jpg 1000w\" sizes=\"auto, (max-width: 300px) 100vw, 300px\" \/>Como parte de las pol\u00edticas del Plan de Atenci\u00f3n Integral a las y los trabajadores de Corpoelec, en los estados Carabobo y Zulia, fueron incorporadas dos nuevas unidades a la flota de vehicular de ambos estados.<\/p>\n<p style=\"text-align: justify;\">Los veh\u00edculos marca Yutong, de 25 puestos, permitir\u00e1n el traslado de la fuerza laboral que hace vida en la planta de generaci\u00f3n Termocarabobo II y en la subestaci\u00f3n el\u00e9ctrica \u00abEl Tablazo\u00bb, ubicadas en Puerto Cabello, estado Carabobo y en la Costa Oriental del Lago, estado Zulia, respectivamente.<\/p>\n<p style=\"text-align: justify;\">Estos autobuses permitir\u00e1n realizar el traslado de los trabajadores de la Estatal el\u00e9ctrica, quienes d\u00eda a d\u00eda ejercen labores de importancia para la estabilizaci\u00f3n y fortalecimiento del Sistema El\u00e9ctrico Nacional.<\/p>\n<p style=\"text-align: justify;\"><img loading=\"lazy\" decoding=\"async\" class=\"size-medium wp-image-85249 alignright\" src=\"http:\/\/10.200.87.50\/mppee\/wp-content\/uploads\/2021\/10\/9225ed1a-b984-4a48-a1c5-e2af99640329-300x150.jpg\" alt=\"\" width=\"300\" height=\"150\" srcset=\"https:\/\/mppee.gob.ve\/wp-content\/uploads\/2021\/10\/9225ed1a-b984-4a48-a1c5-e2af99640329-300x150.jpg 300w, https:\/\/mppee.gob.ve\/wp-content\/uploads\/2021\/10\/9225ed1a-b984-4a48-a1c5-e2af99640329-768x384.jpg 768w, https:\/\/mppee.gob.ve\/wp-content\/uploads\/2021\/10\/9225ed1a-b984-4a48-a1c5-e2af99640329.jpg 1000w\" sizes=\"auto, (max-width: 300px) 100vw, 300px\" \/>En el estado Carabobo, el viceministro de Servicio El\u00e9ctrico del Ministerio del Poder Popular para la Energ\u00eda El\u00e9ctrica (Mppee), M\/G Juan Romero Figueroa, en compa\u00f1\u00eda del Gerente de Generaci\u00f3n de la Regi\u00f3n Central y el Gerente de Termo Carabobo, hizo entrega de una unidad vehicular para el transporte de los trabajadores.<\/p>\n<p style=\"text-align: justify;\"><strong>\u201cEstamos cumpliendo con lo asignado por el ministro G\/J N\u00e9stor Reverol, entregando este autob\u00fas que dar\u00e1 bienestar al personal que labora en Termo Carabobo y de esa forma se le cumple a los trabajadores en Venezuela\u201d<\/strong>, resalt\u00f3 el viceministro Romero Figueroa.<\/p>\n<p style=\"text-align: justify;\">Por otra parte, en el estado Zulia, la entrega del autob\u00fas, estuvo a cargo del viceministro de Finanzas, Inversiones y Alianzas Estrat\u00e9gicas del Mppee, G\/B Vianney Rojas y el gerente territorial de Corpoelec Zulia, Coronel Napole\u00f3n Rivero.<\/p>\n<p style=\"text-align: justify;\"><strong><img loading=\"lazy\" decoding=\"async\" class=\"size-medium wp-image-85248 alignleft\" src=\"http:\/\/10.200.87.50\/mppee\/wp-content\/uploads\/2021\/10\/8486a4ac-eabf-4173-ab49-0dbd23316372-300x225.jpg\" alt=\"\" width=\"300\" height=\"225\" srcset=\"https:\/\/mppee.gob.ve\/wp-content\/uploads\/2021\/10\/8486a4ac-eabf-4173-ab49-0dbd23316372-300x225.jpg 300w, https:\/\/mppee.gob.ve\/wp-content\/uploads\/2021\/10\/8486a4ac-eabf-4173-ab49-0dbd23316372-768x576.jpg 768w, https:\/\/mppee.gob.ve\/wp-content\/uploads\/2021\/10\/8486a4ac-eabf-4173-ab49-0dbd23316372.jpg 1000w\" sizes=\"auto, (max-width: 300px) 100vw, 300px\" \/>\u201cPor instrucciones de nuestro ministro G\/J N\u00e9stor Reverol, estamos abocados en la atenci\u00f3n de requerimientos netamente log\u00edsticos y esenciales de las principales subestaciones como lo es Cuatricentenario, El Tablazo y Morochas, siendo el traslado del personal de operadores uno de los requerimientos y necesidades que encontramos en la subestaci\u00f3n El Tablazo\u00bb<\/strong>, destac\u00f3 el viceministro Rojas.<\/p>\n<p style=\"text-align: justify;\">Con estas acciones se demuestra el compromiso desde el Mppee, en garantizar los derechos laborales de la fuerza trabajadora del sector el\u00e9ctrico, para brindar calidad de vida y continuar prestando un servicio de calidad a todo el pueblo venezolano.<\/p>\n<p style=\"text-align: justify;\"><strong>Prensa Mppee<\/strong><\/p>\n<p><img loading=\"lazy\" decoding=\"async\" class=\"alignnone wp-image-85247 size-full\" src=\"http:\/\/10.200.87.50\/mppee\/wp-content\/uploads\/2021\/10\/5491d148-572e-46dd-aaa1-89472ecd5112.jpg\" alt=\"\" width=\"1000\" height=\"500\" srcset=\"https:\/\/mppee.gob.ve\/wp-content\/uploads\/2021\/10\/5491d148-572e-46dd-aaa1-89472ecd5112.jpg 1000w, https:\/\/mppee.gob.ve\/wp-content\/uploads\/2021\/10\/5491d148-572e-46dd-aaa1-89472ecd5112-300x150.jpg 300w, https:\/\/mppee.gob.ve\/wp-content\/uploads\/2021\/10\/5491d148-572e-46dd-aaa1-89472ecd5112-768x384.jpg 768w\" sizes=\"auto, (max-width: 1000px) 100vw, 1000px\" \/> <img loading=\"lazy\" decoding=\"async\" class=\"alignnone wp-image-85246 size-full\" src=\"http:\/\/10.200.87.50\/mppee\/wp-content\/uploads\/2021\/10\/87af4d30-192d-4560-9cea-77d6fccb0b53.jpg\" alt=\"\" width=\"738\" height=\"540\" srcset=\"https:\/\/mppee.gob.ve\/wp-content\/uploads\/2021\/10\/87af4d30-192d-4560-9cea-77d6fccb0b53.jpg 738w, https:\/\/mppee.gob.ve\/wp-content\/uploads\/2021\/10\/87af4d30-192d-4560-9cea-77d6fccb0b53-300x220.jpg 300w\" sizes=\"auto, (max-width: 738px) 100vw, 738px\" \/> <img loading=\"lazy\" decoding=\"async\" class=\"alignnone wp-image-85245 size-full\" src=\"http:\/\/10.200.87.50\/mppee\/wp-content\/uploads\/2021\/10\/8ef3bf39-68c0-4175-8438-f81191708557.jpg\" alt=\"\" width=\"1000\" height=\"500\" srcset=\"https:\/\/mppee.gob.ve\/wp-content\/uploads\/2021\/10\/8ef3bf39-68c0-4175-8438-f81191708557.jpg 1000w, https:\/\/mppee.gob.ve\/wp-content\/uploads\/2021\/10\/8ef3bf39-68c0-4175-8438-f81191708557-300x150.jpg 300w, https:\/\/mppee.gob.ve\/wp-content\/uploads\/2021\/10\/8ef3bf39-68c0-4175-8438-f81191708557-768x384.jpg 768w\" sizes=\"auto, (max-width: 1000px) 100vw, 1000px\" \/><\/p>\n","protected":false},"excerpt":{"rendered":"<p>Como parte de las pol\u00edticas del Plan de Atenci\u00f3n Integral a las y los trabajadores de Corpoelec, en los estados<\/p>\n","protected":false},"author":12,"featured_media":85251,"comment_status":"open","ping_status":"open","sticky":false,"template":"","format":"standard","meta":{"footnotes":""},"categories":[30],"tags":[],"class_list":["post-85243","post","type-post","status-publish","format-standard","has-post-thumbnail","hentry","category-regionales"],"_links":{"self":[{"href":"https:\/\/mppee.gob.ve\/index.php?rest_route=\/wp\/v2\/posts\/85243","targetHints":{"allow":["GET"]}}],"collection":[{"href":"https:\/\/mppee.gob.ve\/index.php?rest_route=\/wp\/v2\/posts"}],"about":[{"href":"https:\/\/mppee.gob.ve\/index.php?rest_route=\/wp\/v2\/types\/post"}],"author":[{"embeddable":true,"href":"https:\/\/mppee.gob.ve\/index.php?rest_route=\/wp\/v2\/users\/12"}],"replies":[{"embeddable":true,"href":"https:\/\/mppee.gob.ve\/index.php?rest_route=%2Fwp%2Fv2%2Fcomments&post=85243"}],"version-history":[{"count":1,"href":"https:\/\/mppee.gob.ve\/index.php?rest_route=\/wp\/v2\/posts\/85243\/revisions"}],"predecessor-version":[{"id":85252,"href":"https:\/\/mppee.gob.ve\/index.php?rest_route=\/wp\/v2\/posts\/85243\/revisions\/85252"}],"wp:featuredmedia":[{"embeddable":true,"href":"https:\/\/mppee.gob.ve\/index.php?rest_route=\/wp\/v2\/media\/85251"}],"wp:attachment":[{"href":"https:\/\/mppee.gob.ve\/index.php?rest_route=%2Fwp%2Fv2%2Fmedia&parent=85243"}],"wp:term":[{"taxonomy":"category","embeddable":true,"href":"https:\/\/mppee.gob.ve\/index.php?rest_route=%2Fwp%2Fv2%2Fcategories&post=85243"},{"taxonomy":"post_tag","embeddable":true,"href":"https:\/\/mppee.gob.ve\/index.php?rest_route=%2Fwp%2Fv2%2Ftags&post=85243"}],"curies":[{"name":"wp","href":"https:\/\/api.w.org\/{rel}","templated":true}]}}