{"id":85253,"date":"2021-10-21T16:11:00","date_gmt":"2021-10-21T16:11:00","guid":{"rendered":"http:\/\/10.200.87.50\/mppee\/?p=85253"},"modified":"2021-10-22T16:29:49","modified_gmt":"2021-10-22T16:29:49","slug":"entregan-bombillos-led-a-fuerza-trabajadora-del-ministerio-de-habitat-y-vivienda","status":"publish","type":"post","link":"https:\/\/mppee.gob.ve\/?p=85253","title":{"rendered":"Entregan bombillos LED a fuerza trabajadora del Ministerio de H\u00e1bitat y Vivienda"},"content":{"rendered":"<p style=\"text-align: justify;\"><img loading=\"lazy\" decoding=\"async\" class=\"size-medium wp-image-85264 alignleft\" src=\"http:\/\/10.200.87.50\/mppee\/wp-content\/uploads\/2021\/10\/Entregan-bombillos-LED-a-fuerza-trabajadora-del-Ministerio-de-H\u00e1bitat-y-Vivienda-11-300x214.jpeg\" alt=\"\" width=\"300\" height=\"214\" srcset=\"https:\/\/mppee.gob.ve\/wp-content\/uploads\/2021\/10\/Entregan-bombillos-LED-a-fuerza-trabajadora-del-Ministerio-de-H\u00e1bitat-y-Vivienda-11-300x214.jpeg 300w, https:\/\/mppee.gob.ve\/wp-content\/uploads\/2021\/10\/Entregan-bombillos-LED-a-fuerza-trabajadora-del-Ministerio-de-H\u00e1bitat-y-Vivienda-11-1024x729.jpeg 1024w, https:\/\/mppee.gob.ve\/wp-content\/uploads\/2021\/10\/Entregan-bombillos-LED-a-fuerza-trabajadora-del-Ministerio-de-H\u00e1bitat-y-Vivienda-11-768x547.jpeg 768w, https:\/\/mppee.gob.ve\/wp-content\/uploads\/2021\/10\/Entregan-bombillos-LED-a-fuerza-trabajadora-del-Ministerio-de-H\u00e1bitat-y-Vivienda-11.jpeg 1080w\" sizes=\"auto, (max-width: 300px) 100vw, 300px\" \/>La viceministra para la Articulaci\u00f3n y Participaci\u00f3n Social en el Servicio El\u00e9ctrico del Ministerio del Poder Popular para la Energ\u00eda El\u00e9ctrica (Mppee), Nuris Perozo, entreg\u00f3 900 bombillos de tecnolog\u00eda LED a los trabajadores y trabajadoras del Ministerio del Poder Popular para H\u00e1bitat y Vivienda.<\/p>\n<p><strong>\u00abHoy, en el D\u00eda Mundial del Ahorro Energ\u00e9tico, nos encontramos haciendo una entrega especial a la fuerza trabajadora de la Gran Misi\u00f3n Vivienda Venezuela, apoy\u00e1ndonos y apalanc\u00e1ndonos en el trabajo articulado entre los ministerios de Energ\u00eda El\u00e9ctrica y H\u00e1bitat y Vivienda\u00bb<\/strong>, dijo Perozo.<\/p>\n<p><img loading=\"lazy\" decoding=\"async\" class=\"size-medium wp-image-85263 alignright\" src=\"http:\/\/10.200.87.50\/mppee\/wp-content\/uploads\/2021\/10\/Entregan-bombillos-LED-a-fuerza-trabajadora-del-Ministerio-de-H\u00e1bitat-y-Vivienda-10-300x239.jpeg\" alt=\"\" width=\"300\" height=\"239\" srcset=\"https:\/\/mppee.gob.ve\/wp-content\/uploads\/2021\/10\/Entregan-bombillos-LED-a-fuerza-trabajadora-del-Ministerio-de-H\u00e1bitat-y-Vivienda-10-300x239.jpeg 300w, https:\/\/mppee.gob.ve\/wp-content\/uploads\/2021\/10\/Entregan-bombillos-LED-a-fuerza-trabajadora-del-Ministerio-de-H\u00e1bitat-y-Vivienda-10-1024x815.jpeg 1024w, https:\/\/mppee.gob.ve\/wp-content\/uploads\/2021\/10\/Entregan-bombillos-LED-a-fuerza-trabajadora-del-Ministerio-de-H\u00e1bitat-y-Vivienda-10-768x612.jpeg 768w, https:\/\/mppee.gob.ve\/wp-content\/uploads\/2021\/10\/Entregan-bombillos-LED-a-fuerza-trabajadora-del-Ministerio-de-H\u00e1bitat-y-Vivienda-10.jpeg 1080w\" sizes=\"auto, (max-width: 300px) 100vw, 300px\" \/>Explic\u00f3 la importancia de llevar una nueva cultura energ\u00e9tica a todos los trabajadores y trabajadoras de los entes gubernamentales.<\/p>\n<p><strong>\u00abNo solo estamos entregando bombillos, tambi\u00e9n estamos formando a la fuerza laboral de esta instituci\u00f3n, para que se sumen al uso eficiente de la energ\u00eda el\u00e9ctrica y que contribuyan a bajar el consumo\u00bb<\/strong>, manifest\u00f3 la Viceministra.<\/p>\n<p>Asimismo, destac\u00f3 que en esta actividad tambi\u00e9n se asesora a las Unidades de Gesti\u00f3n Energ\u00e9tica que hay en el organismo.<\/p>\n<p><strong><img loading=\"lazy\" decoding=\"async\" class=\"size-medium wp-image-85262 alignleft\" src=\"http:\/\/10.200.87.50\/mppee\/wp-content\/uploads\/2021\/10\/Entregan-bombillos-LED-a-fuerza-trabajadora-del-Ministerio-de-H\u00e1bitat-y-Vivienda-9-300x168.jpeg\" alt=\"\" width=\"300\" height=\"168\" srcset=\"https:\/\/mppee.gob.ve\/wp-content\/uploads\/2021\/10\/Entregan-bombillos-LED-a-fuerza-trabajadora-del-Ministerio-de-H\u00e1bitat-y-Vivienda-9-300x168.jpeg 300w, https:\/\/mppee.gob.ve\/wp-content\/uploads\/2021\/10\/Entregan-bombillos-LED-a-fuerza-trabajadora-del-Ministerio-de-H\u00e1bitat-y-Vivienda-9-1024x573.jpeg 1024w, https:\/\/mppee.gob.ve\/wp-content\/uploads\/2021\/10\/Entregan-bombillos-LED-a-fuerza-trabajadora-del-Ministerio-de-H\u00e1bitat-y-Vivienda-9-768x430.jpeg 768w, https:\/\/mppee.gob.ve\/wp-content\/uploads\/2021\/10\/Entregan-bombillos-LED-a-fuerza-trabajadora-del-Ministerio-de-H\u00e1bitat-y-Vivienda-9-800x445.jpeg 800w, https:\/\/mppee.gob.ve\/wp-content\/uploads\/2021\/10\/Entregan-bombillos-LED-a-fuerza-trabajadora-del-Ministerio-de-H\u00e1bitat-y-Vivienda-9.jpeg 1080w\" sizes=\"auto, (max-width: 300px) 100vw, 300px\" \/>\u00abTambi\u00e9n estamos supervisando si el Ministerio de H\u00e1bitat y Vivienda, cumple con las medidas de uso racional y eficiente de la energ\u00eda el\u00e9ctrica dentro del edificio. Es importante que lo hagamos, y as\u00ed todos nos sumamos a bajar el consumo\u00bb<\/strong>, expres\u00f3.<\/p>\n<p>Durante la actividad, estuvo acompa\u00f1ada por la Viceministra de Redes Populares y Vivienda, Johana Carrillo, y la jefa de Divisi\u00f3n del Uso Racional y Eficiente de Energ\u00eda El\u00e9ctrica de Corpoelec, Simara Caldera.<\/p>\n<p><b>Prensa Mppee <\/b><\/p>\n<p><img loading=\"lazy\" decoding=\"async\" class=\"alignnone wp-image-85261 size-full\" src=\"http:\/\/10.200.87.50\/mppee\/wp-content\/uploads\/2021\/10\/Entregan-bombillos-LED-a-fuerza-trabajadora-del-Ministerio-de-H\u00e1bitat-y-Vivienda-8.jpeg\" alt=\"\" width=\"1080\" height=\"832\" srcset=\"https:\/\/mppee.gob.ve\/wp-content\/uploads\/2021\/10\/Entregan-bombillos-LED-a-fuerza-trabajadora-del-Ministerio-de-H\u00e1bitat-y-Vivienda-8.jpeg 1080w, https:\/\/mppee.gob.ve\/wp-content\/uploads\/2021\/10\/Entregan-bombillos-LED-a-fuerza-trabajadora-del-Ministerio-de-H\u00e1bitat-y-Vivienda-8-300x231.jpeg 300w, https:\/\/mppee.gob.ve\/wp-content\/uploads\/2021\/10\/Entregan-bombillos-LED-a-fuerza-trabajadora-del-Ministerio-de-H\u00e1bitat-y-Vivienda-8-1024x789.jpeg 1024w, https:\/\/mppee.gob.ve\/wp-content\/uploads\/2021\/10\/Entregan-bombillos-LED-a-fuerza-trabajadora-del-Ministerio-de-H\u00e1bitat-y-Vivienda-8-768x592.jpeg 768w\" sizes=\"auto, (max-width: 1080px) 100vw, 1080px\" \/> <img loading=\"lazy\" decoding=\"async\" class=\"alignnone wp-image-85260 size-full\" src=\"http:\/\/10.200.87.50\/mppee\/wp-content\/uploads\/2021\/10\/Entregan-bombillos-LED-a-fuerza-trabajadora-del-Ministerio-de-H\u00e1bitat-y-Vivienda-7.jpeg\" alt=\"\" width=\"1080\" height=\"646\" srcset=\"https:\/\/mppee.gob.ve\/wp-content\/uploads\/2021\/10\/Entregan-bombillos-LED-a-fuerza-trabajadora-del-Ministerio-de-H\u00e1bitat-y-Vivienda-7.jpeg 1080w, https:\/\/mppee.gob.ve\/wp-content\/uploads\/2021\/10\/Entregan-bombillos-LED-a-fuerza-trabajadora-del-Ministerio-de-H\u00e1bitat-y-Vivienda-7-300x179.jpeg 300w, https:\/\/mppee.gob.ve\/wp-content\/uploads\/2021\/10\/Entregan-bombillos-LED-a-fuerza-trabajadora-del-Ministerio-de-H\u00e1bitat-y-Vivienda-7-1024x613.jpeg 1024w, https:\/\/mppee.gob.ve\/wp-content\/uploads\/2021\/10\/Entregan-bombillos-LED-a-fuerza-trabajadora-del-Ministerio-de-H\u00e1bitat-y-Vivienda-7-768x459.jpeg 768w\" sizes=\"auto, (max-width: 1080px) 100vw, 1080px\" \/> <img loading=\"lazy\" decoding=\"async\" class=\"alignnone wp-image-85259 size-full\" src=\"http:\/\/10.200.87.50\/mppee\/wp-content\/uploads\/2021\/10\/Entregan-bombillos-LED-a-fuerza-trabajadora-del-Ministerio-de-H\u00e1bitat-y-Vivienda-6.jpeg\" alt=\"\" width=\"1080\" height=\"741\" srcset=\"https:\/\/mppee.gob.ve\/wp-content\/uploads\/2021\/10\/Entregan-bombillos-LED-a-fuerza-trabajadora-del-Ministerio-de-H\u00e1bitat-y-Vivienda-6.jpeg 1080w, https:\/\/mppee.gob.ve\/wp-content\/uploads\/2021\/10\/Entregan-bombillos-LED-a-fuerza-trabajadora-del-Ministerio-de-H\u00e1bitat-y-Vivienda-6-300x206.jpeg 300w, https:\/\/mppee.gob.ve\/wp-content\/uploads\/2021\/10\/Entregan-bombillos-LED-a-fuerza-trabajadora-del-Ministerio-de-H\u00e1bitat-y-Vivienda-6-1024x703.jpeg 1024w, https:\/\/mppee.gob.ve\/wp-content\/uploads\/2021\/10\/Entregan-bombillos-LED-a-fuerza-trabajadora-del-Ministerio-de-H\u00e1bitat-y-Vivienda-6-768x527.jpeg 768w, https:\/\/mppee.gob.ve\/wp-content\/uploads\/2021\/10\/Entregan-bombillos-LED-a-fuerza-trabajadora-del-Ministerio-de-H\u00e1bitat-y-Vivienda-6-130x90.jpeg 130w\" sizes=\"auto, (max-width: 1080px) 100vw, 1080px\" \/> <img loading=\"lazy\" decoding=\"async\" class=\"alignnone wp-image-85258 size-full\" src=\"http:\/\/10.200.87.50\/mppee\/wp-content\/uploads\/2021\/10\/Entregan-bombillos-LED-a-fuerza-trabajadora-del-Ministerio-de-H\u00e1bitat-y-Vivienda-5.jpeg\" alt=\"\" width=\"1080\" height=\"616\" srcset=\"https:\/\/mppee.gob.ve\/wp-content\/uploads\/2021\/10\/Entregan-bombillos-LED-a-fuerza-trabajadora-del-Ministerio-de-H\u00e1bitat-y-Vivienda-5.jpeg 1080w, https:\/\/mppee.gob.ve\/wp-content\/uploads\/2021\/10\/Entregan-bombillos-LED-a-fuerza-trabajadora-del-Ministerio-de-H\u00e1bitat-y-Vivienda-5-300x171.jpeg 300w, https:\/\/mppee.gob.ve\/wp-content\/uploads\/2021\/10\/Entregan-bombillos-LED-a-fuerza-trabajadora-del-Ministerio-de-H\u00e1bitat-y-Vivienda-5-1024x584.jpeg 1024w, https:\/\/mppee.gob.ve\/wp-content\/uploads\/2021\/10\/Entregan-bombillos-LED-a-fuerza-trabajadora-del-Ministerio-de-H\u00e1bitat-y-Vivienda-5-768x438.jpeg 768w\" sizes=\"auto, (max-width: 1080px) 100vw, 1080px\" \/> <img loading=\"lazy\" decoding=\"async\" class=\"alignnone wp-image-85257 size-full\" src=\"http:\/\/10.200.87.50\/mppee\/wp-content\/uploads\/2021\/10\/Entregan-bombillos-LED-a-fuerza-trabajadora-del-Ministerio-de-H\u00e1bitat-y-Vivienda-4.jpeg\" alt=\"\" width=\"1080\" height=\"662\" srcset=\"https:\/\/mppee.gob.ve\/wp-content\/uploads\/2021\/10\/Entregan-bombillos-LED-a-fuerza-trabajadora-del-Ministerio-de-H\u00e1bitat-y-Vivienda-4.jpeg 1080w, https:\/\/mppee.gob.ve\/wp-content\/uploads\/2021\/10\/Entregan-bombillos-LED-a-fuerza-trabajadora-del-Ministerio-de-H\u00e1bitat-y-Vivienda-4-300x184.jpeg 300w, https:\/\/mppee.gob.ve\/wp-content\/uploads\/2021\/10\/Entregan-bombillos-LED-a-fuerza-trabajadora-del-Ministerio-de-H\u00e1bitat-y-Vivienda-4-1024x628.jpeg 1024w, https:\/\/mppee.gob.ve\/wp-content\/uploads\/2021\/10\/Entregan-bombillos-LED-a-fuerza-trabajadora-del-Ministerio-de-H\u00e1bitat-y-Vivienda-4-768x471.jpeg 768w\" sizes=\"auto, (max-width: 1080px) 100vw, 1080px\" \/> <img loading=\"lazy\" decoding=\"async\" class=\"alignnone wp-image-85256 size-full\" src=\"http:\/\/10.200.87.50\/mppee\/wp-content\/uploads\/2021\/10\/Entregan-bombillos-LED-a-fuerza-trabajadora-del-Ministerio-de-H\u00e1bitat-y-Vivienda-3.jpeg\" alt=\"\" width=\"1080\" height=\"715\" srcset=\"https:\/\/mppee.gob.ve\/wp-content\/uploads\/2021\/10\/Entregan-bombillos-LED-a-fuerza-trabajadora-del-Ministerio-de-H\u00e1bitat-y-Vivienda-3.jpeg 1080w, https:\/\/mppee.gob.ve\/wp-content\/uploads\/2021\/10\/Entregan-bombillos-LED-a-fuerza-trabajadora-del-Ministerio-de-H\u00e1bitat-y-Vivienda-3-300x199.jpeg 300w, https:\/\/mppee.gob.ve\/wp-content\/uploads\/2021\/10\/Entregan-bombillos-LED-a-fuerza-trabajadora-del-Ministerio-de-H\u00e1bitat-y-Vivienda-3-1024x678.jpeg 1024w, https:\/\/mppee.gob.ve\/wp-content\/uploads\/2021\/10\/Entregan-bombillos-LED-a-fuerza-trabajadora-del-Ministerio-de-H\u00e1bitat-y-Vivienda-3-768x508.jpeg 768w\" sizes=\"auto, (max-width: 1080px) 100vw, 1080px\" \/> <img loading=\"lazy\" decoding=\"async\" class=\"alignnone wp-image-85255 size-full\" src=\"http:\/\/10.200.87.50\/mppee\/wp-content\/uploads\/2021\/10\/Entregan-bombillos-LED-a-fuerza-trabajadora-del-Ministerio-de-H\u00e1bitat-y-Vivienda-2.jpeg\" alt=\"\" width=\"1080\" height=\"605\" srcset=\"https:\/\/mppee.gob.ve\/wp-content\/uploads\/2021\/10\/Entregan-bombillos-LED-a-fuerza-trabajadora-del-Ministerio-de-H\u00e1bitat-y-Vivienda-2.jpeg 1080w, https:\/\/mppee.gob.ve\/wp-content\/uploads\/2021\/10\/Entregan-bombillos-LED-a-fuerza-trabajadora-del-Ministerio-de-H\u00e1bitat-y-Vivienda-2-300x168.jpeg 300w, https:\/\/mppee.gob.ve\/wp-content\/uploads\/2021\/10\/Entregan-bombillos-LED-a-fuerza-trabajadora-del-Ministerio-de-H\u00e1bitat-y-Vivienda-2-1024x574.jpeg 1024w, https:\/\/mppee.gob.ve\/wp-content\/uploads\/2021\/10\/Entregan-bombillos-LED-a-fuerza-trabajadora-del-Ministerio-de-H\u00e1bitat-y-Vivienda-2-768x430.jpeg 768w\" sizes=\"auto, (max-width: 1080px) 100vw, 1080px\" \/><\/p>\n","protected":false},"excerpt":{"rendered":"<p>La viceministra para la Articulaci\u00f3n y Participaci\u00f3n Social en el Servicio El\u00e9ctrico del Ministerio del Poder Popular para la Energ\u00eda<\/p>\n","protected":false},"author":12,"featured_media":85254,"comment_status":"open","ping_status":"open","sticky":false,"template":"","format":"standard","meta":{"footnotes":""},"categories":[30],"tags":[11],"class_list":["post-85253","post","type-post","status-publish","format-standard","has-post-thumbnail","hentry","category-regionales","tag-mppee"],"_links":{"self":[{"href":"https:\/\/mppee.gob.ve\/index.php?rest_route=\/wp\/v2\/posts\/85253","targetHints":{"allow":["GET"]}}],"collection":[{"href":"https:\/\/mppee.gob.ve\/index.php?rest_route=\/wp\/v2\/posts"}],"about":[{"href":"https:\/\/mppee.gob.ve\/index.php?rest_route=\/wp\/v2\/types\/post"}],"author":[{"embeddable":true,"href":"https:\/\/mppee.gob.ve\/index.php?rest_route=\/wp\/v2\/users\/12"}],"replies":[{"embeddable":true,"href":"https:\/\/mppee.gob.ve\/index.php?rest_route=%2Fwp%2Fv2%2Fcomments&post=85253"}],"version-history":[{"count":2,"href":"https:\/\/mppee.gob.ve\/index.php?rest_route=\/wp\/v2\/posts\/85253\/revisions"}],"predecessor-version":[{"id":85266,"href":"https:\/\/mppee.gob.ve\/index.php?rest_route=\/wp\/v2\/posts\/85253\/revisions\/85266"}],"wp:featuredmedia":[{"embeddable":true,"href":"https:\/\/mppee.gob.ve\/index.php?rest_route=\/wp\/v2\/media\/85254"}],"wp:attachment":[{"href":"https:\/\/mppee.gob.ve\/index.php?rest_route=%2Fwp%2Fv2%2Fmedia&parent=85253"}],"wp:term":[{"taxonomy":"category","embeddable":true,"href":"https:\/\/mppee.gob.ve\/index.php?rest_route=%2Fwp%2Fv2%2Fcategories&post=85253"},{"taxonomy":"post_tag","embeddable":true,"href":"https:\/\/mppee.gob.ve\/index.php?rest_route=%2Fwp%2Fv2%2Ftags&post=85253"}],"curies":[{"name":"wp","href":"https:\/\/api.w.org\/{rel}","templated":true}]}}