{"id":85267,"date":"2021-10-21T16:30:00","date_gmt":"2021-10-21T16:30:00","guid":{"rendered":"http:\/\/10.200.87.50\/mppee\/?p=85267"},"modified":"2021-10-22T16:41:25","modified_gmt":"2021-10-22T16:41:25","slug":"realizan-foro-sobre-uso-racional-y-eficiente-de-la-energia-electrica","status":"publish","type":"post","link":"https:\/\/mppee.gob.ve\/?p=85267","title":{"rendered":"Realizan foro sobre uso racional y eficiente de la energ\u00eda el\u00e9ctrica"},"content":{"rendered":"<p style=\"text-align: justify;\">Con el objetivo de impulsar el uso racional y eficiente de la energ\u00eda el\u00e9ctrica, el Viceministerio de Nuevas Fuentes y Uso Racional de la Energ\u00eda, realiz\u00f3 un foro formativo como parte del D\u00eda Mundial del Ahorro Energ\u00e9tico.<\/p>\n<p><strong>\u201cLa meta es crear h\u00e1bitos en la poblaci\u00f3n, como parte de la campa\u00f1a Activa la Conciencia con Energ\u00eda y Eficiencia, para reducir la demanda del consumo masivo de la electricidad\u201d<\/strong>, afirm\u00f3 el director general de Uso Racional y Eficiente de la Energ\u00eda El\u00e9ctrica, Benjam\u00edn Bustamante.<\/p>\n<p>El encuentro cont\u00f3 con la representaci\u00f3n de las oficinas de articulaci\u00f3n y participaci\u00f3n social del Mppee, y la Juventud del Partido Socialista Unido de Venezuela.<\/p>\n<p>Indic\u00f3 que los usuarios pueden sumarse a esta iniciativa mediante el uso de medidas activas con acciones puntuales, tales como: la sustituci\u00f3n de l\u00e1mparas incandescentes por luminarias LED, el uso de electrodom\u00e9sticos con certificaci\u00f3n de eficiencia A, B y C, la desconexi\u00f3n de equipos el\u00e9ctricos mientras no est\u00e9n en uso, entre otros.<\/p>\n<p><b>Pol\u00edticas de Estado en pro de la energ\u00eda<br \/>\n<\/b><br \/>\nDurante la actividad, Bustamante sostuvo que Venezuela ha tomado importantes decisiones, respecto a la mitigaci\u00f3n de impactos asociados al cambio clim\u00e1tico; como por ejemplo el Plan de Sustituci\u00f3n Tecnol\u00f3gica, el cual busca la reducci\u00f3n del consumo energ\u00e9tico.<\/p>\n<p>Record\u00f3 que recientemente se han realizado entregas de bombillos LED a las comunidades para ser distribuidos de forma gratuita, as\u00ed como la dotaci\u00f3n de 800 mil bombillos al sector educativo.<\/p>\n<p>Para finalizar, Bustamante, record\u00f3 las palabras pronunciadas por el Comandante Supremo de la Revoluci\u00f3n Bolivariana, Hugo Ch\u00e1vez, en la XV Conferencia Internacional de la ONU sobre Cambio Clim\u00e1tico, <strong>\u201cNo cambiemos el clima \u00a1Cambiemos el sistema!\u201d<\/strong>.<br \/>\n<b><br \/>\nPrensa Mppee<\/b><\/p>\n","protected":false},"excerpt":{"rendered":"<p>Con el objetivo de impulsar el uso racional y eficiente de la energ\u00eda el\u00e9ctrica, el Viceministerio de Nuevas Fuentes y<\/p>\n","protected":false},"author":12,"featured_media":85268,"comment_status":"open","ping_status":"open","sticky":false,"template":"","format":"standard","meta":{"footnotes":""},"categories":[15],"tags":[11],"class_list":["post-85267","post","type-post","status-publish","format-standard","has-post-thumbnail","hentry","category-nacionales","tag-mppee"],"_links":{"self":[{"href":"https:\/\/mppee.gob.ve\/index.php?rest_route=\/wp\/v2\/posts\/85267","targetHints":{"allow":["GET"]}}],"collection":[{"href":"https:\/\/mppee.gob.ve\/index.php?rest_route=\/wp\/v2\/posts"}],"about":[{"href":"https:\/\/mppee.gob.ve\/index.php?rest_route=\/wp\/v2\/types\/post"}],"author":[{"embeddable":true,"href":"https:\/\/mppee.gob.ve\/index.php?rest_route=\/wp\/v2\/users\/12"}],"replies":[{"embeddable":true,"href":"https:\/\/mppee.gob.ve\/index.php?rest_route=%2Fwp%2Fv2%2Fcomments&post=85267"}],"version-history":[{"count":1,"href":"https:\/\/mppee.gob.ve\/index.php?rest_route=\/wp\/v2\/posts\/85267\/revisions"}],"predecessor-version":[{"id":85269,"href":"https:\/\/mppee.gob.ve\/index.php?rest_route=\/wp\/v2\/posts\/85267\/revisions\/85269"}],"wp:featuredmedia":[{"embeddable":true,"href":"https:\/\/mppee.gob.ve\/index.php?rest_route=\/wp\/v2\/media\/85268"}],"wp:attachment":[{"href":"https:\/\/mppee.gob.ve\/index.php?rest_route=%2Fwp%2Fv2%2Fmedia&parent=85267"}],"wp:term":[{"taxonomy":"category","embeddable":true,"href":"https:\/\/mppee.gob.ve\/index.php?rest_route=%2Fwp%2Fv2%2Fcategories&post=85267"},{"taxonomy":"post_tag","embeddable":true,"href":"https:\/\/mppee.gob.ve\/index.php?rest_route=%2Fwp%2Fv2%2Ftags&post=85267"}],"curies":[{"name":"wp","href":"https:\/\/api.w.org\/{rel}","templated":true}]}}