{"id":85270,"date":"2021-10-21T16:43:00","date_gmt":"2021-10-21T16:43:00","guid":{"rendered":"http:\/\/10.200.87.50\/mppee\/?p=85270"},"modified":"2021-10-22T17:01:38","modified_gmt":"2021-10-22T17:01:38","slug":"presentan-proyectos-en-isa-para-el-uso-de-energias-alternativas-en-venezuela","status":"publish","type":"post","link":"https:\/\/mppee.gob.ve\/?p=85270","title":{"rendered":"Presentan proyectos en ISA para el uso de energ\u00edas alternativas en Venezuela"},"content":{"rendered":"<p style=\"text-align: justify;\"><img loading=\"lazy\" decoding=\"async\" class=\"size-medium wp-image-85280 alignleft\" src=\"http:\/\/10.200.87.50\/mppee\/wp-content\/uploads\/2021\/10\/c81eb6f4-5c0e-49e6-a275-cde23269529f-300x184.jpg\" alt=\"\" width=\"300\" height=\"184\" srcset=\"https:\/\/mppee.gob.ve\/wp-content\/uploads\/2021\/10\/c81eb6f4-5c0e-49e6-a275-cde23269529f-300x184.jpg 300w, https:\/\/mppee.gob.ve\/wp-content\/uploads\/2021\/10\/c81eb6f4-5c0e-49e6-a275-cde23269529f-1024x628.jpg 1024w, https:\/\/mppee.gob.ve\/wp-content\/uploads\/2021\/10\/c81eb6f4-5c0e-49e6-a275-cde23269529f-768x471.jpg 768w, https:\/\/mppee.gob.ve\/wp-content\/uploads\/2021\/10\/c81eb6f4-5c0e-49e6-a275-cde23269529f.jpg 1080w\" sizes=\"auto, (max-width: 300px) 100vw, 300px\" \/>Durante una videoconferencia de la IV Asamblea General de la Alianza Internacional Solar (ISA, por sus siglas en ingl\u00e9s), autoridades de Venezuela presentaron los nuevos proyectos de sistemas fotovoltaicos que se desarrollan en el pa\u00eds, con el compromiso de cumplirlos, como parte de su empe\u00f1o en la utilizaci\u00f3n de las energ\u00edas limpias.<\/p>\n<p style=\"text-align: justify;\">La viceministra para las Nuevas Fuentes y Uso Racional de la Energ\u00eda del Ministerio del Poder Popular para la Energ\u00eda El\u00e9ctrica (Mppee), Tania Masea, quien represent\u00f3 a la naci\u00f3n, reafirm\u00f3 el compromiso del Gobierno Bolivariano de contribuir con la preservaci\u00f3n del planeta, al mencionar que se tiene previsto la incorporaci\u00f3n de aproximadamente 1.300 Megavatios al Sistema El\u00e9ctrico Nacional (SEN), que se generar\u00e1n en diferentes energ\u00edas alternativas con impulso a los proyectos fotovoltaicos.<\/p>\n<p style=\"text-align: justify;\"><strong><img loading=\"lazy\" decoding=\"async\" class=\"size-medium wp-image-85279 alignright\" src=\"http:\/\/10.200.87.50\/mppee\/wp-content\/uploads\/2021\/10\/c1fa1778-ac11-493f-92c9-0317a2de8bf1-300x247.jpg\" alt=\"\" width=\"300\" height=\"247\" srcset=\"https:\/\/mppee.gob.ve\/wp-content\/uploads\/2021\/10\/c1fa1778-ac11-493f-92c9-0317a2de8bf1-300x247.jpg 300w, https:\/\/mppee.gob.ve\/wp-content\/uploads\/2021\/10\/c1fa1778-ac11-493f-92c9-0317a2de8bf1-1024x842.jpg 1024w, https:\/\/mppee.gob.ve\/wp-content\/uploads\/2021\/10\/c1fa1778-ac11-493f-92c9-0317a2de8bf1-768x631.jpg 768w, https:\/\/mppee.gob.ve\/wp-content\/uploads\/2021\/10\/c1fa1778-ac11-493f-92c9-0317a2de8bf1.jpg 1080w\" sizes=\"auto, (max-width: 300px) 100vw, 300px\" \/>\u201cActualmente estamos con la recuperaci\u00f3n de la f\u00e1brica de paneles solares y de aerogeneradores e, igualmente, estamos promocionando la incorporaci\u00f3n de la ley de energ\u00edas alternativas, que son dos instrumentos que tiene el pa\u00eds para mostrar el desarrollo de energ\u00eda solar ante los 72 pa\u00edses miembros que est\u00e1n participando, m\u00e1s los 30 pa\u00edses observadores\u201d<\/strong>, indic\u00f3 la Viceministra Masea.<\/p>\n<p style=\"text-align: justify;\">Durante el encuentro detall\u00f3 que, se han instalado m\u00e1s de 3 mil 300 sistemas fotovoltaicos en el territorio nacional, beneficiando a m\u00e1s de 257 mil habitantes que residen en zonas aisladas de los centros energ\u00e9ticos.<\/p>\n<p style=\"text-align: justify;\">Igualmente, reiter\u00f3 la propuesta de la iniciativa de Petrocaribe Solar, que fue presentada por el presidente de la Rep\u00fablica Bolivariana de Venezuela, Nicol\u00e1s Maduro, en 2019, como compromiso de desarrollo de energ\u00edas limpias.<\/p>\n<p style=\"text-align: justify;\"><img loading=\"lazy\" decoding=\"async\" class=\"size-medium wp-image-85278 alignleft\" src=\"http:\/\/10.200.87.50\/mppee\/wp-content\/uploads\/2021\/10\/a8176461-b15b-40fd-8f53-93c5b5149d2a-300x196.jpg\" alt=\"\" width=\"300\" height=\"196\" srcset=\"https:\/\/mppee.gob.ve\/wp-content\/uploads\/2021\/10\/a8176461-b15b-40fd-8f53-93c5b5149d2a-300x196.jpg 300w, https:\/\/mppee.gob.ve\/wp-content\/uploads\/2021\/10\/a8176461-b15b-40fd-8f53-93c5b5149d2a-1024x670.jpg 1024w, https:\/\/mppee.gob.ve\/wp-content\/uploads\/2021\/10\/a8176461-b15b-40fd-8f53-93c5b5149d2a-768x503.jpg 768w, https:\/\/mppee.gob.ve\/wp-content\/uploads\/2021\/10\/a8176461-b15b-40fd-8f53-93c5b5149d2a.jpg 1080w\" sizes=\"auto, (max-width: 300px) 100vw, 300px\" \/>Por su parte, el director general de Energ\u00edas Alternativas del Mppee, Renzo Silva, declar\u00f3 que <strong>\u201cISA es una organizaci\u00f3n consolidada para promover el desarrollo de la energ\u00eda solar y actualmente, todos los miembros participantes tienen la m\u00e1xima instancia de presentar la rendici\u00f3n de cuentas de lo realizado en los \u00faltimos a\u00f1os, su plan estrat\u00e9gico para los pr\u00f3ximos 5 a\u00f1os, as\u00ed como la incorporaci\u00f3n de dos nuevos programas que tienen que ver con el uso, reuso y reciclaje, y el hidr\u00f3geno solar.\u201d<\/strong><\/p>\n<p style=\"text-align: justify;\">La Asamblea General de la Alianza Internacional Solar, comenz\u00f3 el 18 octubre y finalizar\u00e1 el jueves 21 del mismo mes, donde Venezuela miembro desde el a\u00f1o 2016, participa en cada una de las diferentes jornadas de formaci\u00f3n que imparten pa\u00edses como Francia, varias naciones africanas y latinoamericanas, jornadas que ayudan a la capacitaci\u00f3n del personal del Ministerio del Poder Popular para la Energ\u00eda El\u00e9ctrica (Mppee), y de diferentes empresas que cooperan al desarrollo de los sistemas fotovoltaicos.<\/p>\n<p style=\"text-align: justify;\"><strong>Prensa Mppee<\/strong><\/p>\n<p><img loading=\"lazy\" decoding=\"async\" class=\"alignnone wp-image-85277 size-full\" src=\"http:\/\/10.200.87.50\/mppee\/wp-content\/uploads\/2021\/10\/718084be-5f7c-4d13-992c-2d03c0c6bfae.jpg\" alt=\"\" width=\"1080\" height=\"623\" srcset=\"https:\/\/mppee.gob.ve\/wp-content\/uploads\/2021\/10\/718084be-5f7c-4d13-992c-2d03c0c6bfae.jpg 1080w, https:\/\/mppee.gob.ve\/wp-content\/uploads\/2021\/10\/718084be-5f7c-4d13-992c-2d03c0c6bfae-300x173.jpg 300w, https:\/\/mppee.gob.ve\/wp-content\/uploads\/2021\/10\/718084be-5f7c-4d13-992c-2d03c0c6bfae-1024x591.jpg 1024w, https:\/\/mppee.gob.ve\/wp-content\/uploads\/2021\/10\/718084be-5f7c-4d13-992c-2d03c0c6bfae-768x443.jpg 768w\" sizes=\"auto, (max-width: 1080px) 100vw, 1080px\" \/> <img loading=\"lazy\" decoding=\"async\" class=\"alignnone wp-image-85276 size-full\" src=\"http:\/\/10.200.87.50\/mppee\/wp-content\/uploads\/2021\/10\/455841f9-b144-48f5-bb5e-c94166cd63dd.jpg\" alt=\"\" width=\"1080\" height=\"689\" srcset=\"https:\/\/mppee.gob.ve\/wp-content\/uploads\/2021\/10\/455841f9-b144-48f5-bb5e-c94166cd63dd.jpg 1080w, https:\/\/mppee.gob.ve\/wp-content\/uploads\/2021\/10\/455841f9-b144-48f5-bb5e-c94166cd63dd-300x191.jpg 300w, https:\/\/mppee.gob.ve\/wp-content\/uploads\/2021\/10\/455841f9-b144-48f5-bb5e-c94166cd63dd-1024x653.jpg 1024w, https:\/\/mppee.gob.ve\/wp-content\/uploads\/2021\/10\/455841f9-b144-48f5-bb5e-c94166cd63dd-768x490.jpg 768w\" sizes=\"auto, (max-width: 1080px) 100vw, 1080px\" \/> <img loading=\"lazy\" decoding=\"async\" class=\"alignnone wp-image-85275 size-full\" src=\"http:\/\/10.200.87.50\/mppee\/wp-content\/uploads\/2021\/10\/291e0dc9-34dc-4a8b-b4ed-e61c85f72dd9.jpg\" alt=\"\" width=\"1080\" height=\"755\" srcset=\"https:\/\/mppee.gob.ve\/wp-content\/uploads\/2021\/10\/291e0dc9-34dc-4a8b-b4ed-e61c85f72dd9.jpg 1080w, https:\/\/mppee.gob.ve\/wp-content\/uploads\/2021\/10\/291e0dc9-34dc-4a8b-b4ed-e61c85f72dd9-300x210.jpg 300w, https:\/\/mppee.gob.ve\/wp-content\/uploads\/2021\/10\/291e0dc9-34dc-4a8b-b4ed-e61c85f72dd9-1024x716.jpg 1024w, https:\/\/mppee.gob.ve\/wp-content\/uploads\/2021\/10\/291e0dc9-34dc-4a8b-b4ed-e61c85f72dd9-768x537.jpg 768w, https:\/\/mppee.gob.ve\/wp-content\/uploads\/2021\/10\/291e0dc9-34dc-4a8b-b4ed-e61c85f72dd9-130x90.jpg 130w\" sizes=\"auto, (max-width: 1080px) 100vw, 1080px\" \/> <img loading=\"lazy\" decoding=\"async\" class=\"alignnone wp-image-85274 size-full\" src=\"http:\/\/10.200.87.50\/mppee\/wp-content\/uploads\/2021\/10\/38b772ad-f05e-4440-89ee-a3798061ee74.jpg\" alt=\"\" width=\"1080\" height=\"790\" srcset=\"https:\/\/mppee.gob.ve\/wp-content\/uploads\/2021\/10\/38b772ad-f05e-4440-89ee-a3798061ee74.jpg 1080w, https:\/\/mppee.gob.ve\/wp-content\/uploads\/2021\/10\/38b772ad-f05e-4440-89ee-a3798061ee74-300x219.jpg 300w, https:\/\/mppee.gob.ve\/wp-content\/uploads\/2021\/10\/38b772ad-f05e-4440-89ee-a3798061ee74-1024x749.jpg 1024w, https:\/\/mppee.gob.ve\/wp-content\/uploads\/2021\/10\/38b772ad-f05e-4440-89ee-a3798061ee74-768x562.jpg 768w\" sizes=\"auto, (max-width: 1080px) 100vw, 1080px\" \/> <img loading=\"lazy\" decoding=\"async\" class=\"alignnone wp-image-85272 size-full\" src=\"http:\/\/10.200.87.50\/mppee\/wp-content\/uploads\/2021\/10\/7c95a1d2-5230-421d-b7f9-2b1672be49d2.jpg\" alt=\"\" width=\"1080\" height=\"512\" srcset=\"https:\/\/mppee.gob.ve\/wp-content\/uploads\/2021\/10\/7c95a1d2-5230-421d-b7f9-2b1672be49d2.jpg 1080w, https:\/\/mppee.gob.ve\/wp-content\/uploads\/2021\/10\/7c95a1d2-5230-421d-b7f9-2b1672be49d2-300x142.jpg 300w, https:\/\/mppee.gob.ve\/wp-content\/uploads\/2021\/10\/7c95a1d2-5230-421d-b7f9-2b1672be49d2-1024x485.jpg 1024w, https:\/\/mppee.gob.ve\/wp-content\/uploads\/2021\/10\/7c95a1d2-5230-421d-b7f9-2b1672be49d2-768x364.jpg 768w\" sizes=\"auto, (max-width: 1080px) 100vw, 1080px\" \/> <img loading=\"lazy\" decoding=\"async\" class=\"alignnone wp-image-85271 size-full\" src=\"http:\/\/10.200.87.50\/mppee\/wp-content\/uploads\/2021\/10\/5d86c3ad-5aae-44bb-9ce5-5a3b20b663c1.jpg\" alt=\"\" width=\"1080\" height=\"589\" srcset=\"https:\/\/mppee.gob.ve\/wp-content\/uploads\/2021\/10\/5d86c3ad-5aae-44bb-9ce5-5a3b20b663c1.jpg 1080w, https:\/\/mppee.gob.ve\/wp-content\/uploads\/2021\/10\/5d86c3ad-5aae-44bb-9ce5-5a3b20b663c1-300x164.jpg 300w, https:\/\/mppee.gob.ve\/wp-content\/uploads\/2021\/10\/5d86c3ad-5aae-44bb-9ce5-5a3b20b663c1-1024x558.jpg 1024w, https:\/\/mppee.gob.ve\/wp-content\/uploads\/2021\/10\/5d86c3ad-5aae-44bb-9ce5-5a3b20b663c1-768x419.jpg 768w\" sizes=\"auto, (max-width: 1080px) 100vw, 1080px\" \/><\/p>\n","protected":false},"excerpt":{"rendered":"<p>Durante una videoconferencia de la IV Asamblea General de la Alianza Internacional Solar (ISA, por sus siglas en ingl\u00e9s), autoridades<\/p>\n","protected":false},"author":12,"featured_media":85278,"comment_status":"open","ping_status":"open","sticky":false,"template":"","format":"standard","meta":{"footnotes":""},"categories":[15],"tags":[11],"class_list":["post-85270","post","type-post","status-publish","format-standard","has-post-thumbnail","hentry","category-nacionales","tag-mppee"],"_links":{"self":[{"href":"https:\/\/mppee.gob.ve\/index.php?rest_route=\/wp\/v2\/posts\/85270","targetHints":{"allow":["GET"]}}],"collection":[{"href":"https:\/\/mppee.gob.ve\/index.php?rest_route=\/wp\/v2\/posts"}],"about":[{"href":"https:\/\/mppee.gob.ve\/index.php?rest_route=\/wp\/v2\/types\/post"}],"author":[{"embeddable":true,"href":"https:\/\/mppee.gob.ve\/index.php?rest_route=\/wp\/v2\/users\/12"}],"replies":[{"embeddable":true,"href":"https:\/\/mppee.gob.ve\/index.php?rest_route=%2Fwp%2Fv2%2Fcomments&post=85270"}],"version-history":[{"count":1,"href":"https:\/\/mppee.gob.ve\/index.php?rest_route=\/wp\/v2\/posts\/85270\/revisions"}],"predecessor-version":[{"id":85281,"href":"https:\/\/mppee.gob.ve\/index.php?rest_route=\/wp\/v2\/posts\/85270\/revisions\/85281"}],"wp:featuredmedia":[{"embeddable":true,"href":"https:\/\/mppee.gob.ve\/index.php?rest_route=\/wp\/v2\/media\/85278"}],"wp:attachment":[{"href":"https:\/\/mppee.gob.ve\/index.php?rest_route=%2Fwp%2Fv2%2Fmedia&parent=85270"}],"wp:term":[{"taxonomy":"category","embeddable":true,"href":"https:\/\/mppee.gob.ve\/index.php?rest_route=%2Fwp%2Fv2%2Fcategories&post=85270"},{"taxonomy":"post_tag","embeddable":true,"href":"https:\/\/mppee.gob.ve\/index.php?rest_route=%2Fwp%2Fv2%2Ftags&post=85270"}],"curies":[{"name":"wp","href":"https:\/\/api.w.org\/{rel}","templated":true}]}}