{"id":85297,"date":"2021-10-25T14:06:00","date_gmt":"2021-10-25T14:06:00","guid":{"rendered":"http:\/\/10.200.87.50\/mppee\/?p=85297"},"modified":"2021-10-27T14:08:49","modified_gmt":"2021-10-27T14:08:49","slug":"fuerza-trabajadora-de-gas-comunal-recupera-extintores-para-proteccion-del-sen","status":"publish","type":"post","link":"https:\/\/mppee.gob.ve\/?p=85297","title":{"rendered":"Fuerza trabajadora de Gas Comunal recupera extintores para protecci\u00f3n del SEN"},"content":{"rendered":"<p style=\"text-align: justify;\"><img loading=\"lazy\" decoding=\"async\" class=\"size-full wp-image-85298 alignleft\" src=\"http:\/\/10.200.87.50\/mppee\/wp-content\/uploads\/2021\/10\/1-4.jpeg\" alt=\"\" width=\"300\" height=\"214\" \/>Fuerza trabajadora de Gas Comunal recuper\u00f3 16 mil extintores de la Corporaci\u00f3n El\u00e9ctrica Nacional (Corpoelec), para el mejoramiento de condiciones que ayuden a enfrentar cualquier eventualidad o ataque al Sistema El\u00e9ctrico Nacional (SEN).<\/p>\n<p style=\"text-align: justify;\">As\u00ed lo inform\u00f3 el vicepresidente Sectorial de Obras P\u00fablicas y Servicios, G\/J N\u00e9stor Reverol, durante un recorrido por el Taller de Carga y Mantenimiento de Extintores\u00a0<strong>\u201cComandante Eterno Hugo Ch\u00e1vez\u201d<\/strong>, en el estado Lara.<\/p>\n<p style=\"text-align: justify;\"><strong>\u201cNosotros recuperamos miles de extintores en el territorio nacional, para garantizar que nuestra fuerza trabajadora tenga como responder de manera inmediata ante cualquier evento o ataque que atente contra el Sistema El\u00e9ctrico Nacional\u201d<\/strong>, dijo.<\/p>\n<p style=\"text-align: justify;\">El tambi\u00e9n Ministro del Poder Popular para la Energ\u00eda El\u00e9ctrica, indic\u00f3 la creaci\u00f3n para el pr\u00f3ximo a\u00f1o de un Cuerpo de Bomberos Industriales del SEN que se desplegar\u00e1 en el territorio nacional.<\/p>\n<p style=\"text-align: justify;\">Durante el trayecto por la planta, dio a conocer el proceso de renovaci\u00f3n y llenado de los extintores.<\/p>\n<p style=\"text-align: justify;\">Reverol Torres destac\u00f3 la labor que realiza la fuerza trabajadora de Gas Comunal para la recuperaci\u00f3n de todo el sistema de cilindros de gas.<\/p>\n<p style=\"text-align: justify;\"><strong><img loading=\"lazy\" decoding=\"async\" class=\"wp-image-11421 size-medium alignright\" src=\"http:\/\/intranet.mppee.gob.ve\/wordpress\/wp-content\/uploads\/2021\/10\/Fuerza-trabajadora-de-Gas-Comunal-recupera-extintores-para-protecci%C3%B3n-del-SEN-7-300x204.jpeg\" sizes=\"auto, (max-width: 300px) 100vw, 300px\" srcset=\"http:\/\/intranet.mppee.gob.ve\/wordpress\/wp-content\/uploads\/2021\/10\/Fuerza-trabajadora-de-Gas-Comunal-recupera-extintores-para-protecci\u00f3n-del-SEN-7-300x204.jpeg 300w, http:\/\/intranet.mppee.gob.ve\/wordpress\/wp-content\/uploads\/2021\/10\/Fuerza-trabajadora-de-Gas-Comunal-recupera-extintores-para-protecci\u00f3n-del-SEN-7-768x523.jpeg 768w, http:\/\/intranet.mppee.gob.ve\/wordpress\/wp-content\/uploads\/2021\/10\/Fuerza-trabajadora-de-Gas-Comunal-recupera-extintores-para-protecci\u00f3n-del-SEN-7-1024x697.jpeg 1024w, http:\/\/intranet.mppee.gob.ve\/wordpress\/wp-content\/uploads\/2021\/10\/Fuerza-trabajadora-de-Gas-Comunal-recupera-extintores-para-protecci\u00f3n-del-SEN-7.jpeg 1080w\" alt=\"\" width=\"300\" height=\"204\" \/>\u201cEstamos haciendo un esfuerzo para garantizar, en este cambio de \u00e9poca, una nueva base econ\u00f3mica, un nuevo sistema de cambio, que con la inventiva de la fuerza trabajadora, lograremos el \u00e9xito\u201d<\/strong>, finaliz\u00f3.<\/p>\n<p style=\"text-align: justify;\"><b>Prensa Vpsops<\/b><\/p>\n<p style=\"text-align: justify;\"><img loading=\"lazy\" decoding=\"async\" class=\"alignnone size-full wp-image-11419\" src=\"http:\/\/intranet.mppee.gob.ve\/wordpress\/wp-content\/uploads\/2021\/10\/Fuerza-trabajadora-de-Gas-Comunal-recupera-extintores-para-protecci%C3%B3n-del-SEN-5.jpeg\" sizes=\"auto, (max-width: 1080px) 100vw, 1080px\" srcset=\"http:\/\/intranet.mppee.gob.ve\/wordpress\/wp-content\/uploads\/2021\/10\/Fuerza-trabajadora-de-Gas-Comunal-recupera-extintores-para-protecci\u00f3n-del-SEN-5.jpeg 1080w, http:\/\/intranet.mppee.gob.ve\/wordpress\/wp-content\/uploads\/2021\/10\/Fuerza-trabajadora-de-Gas-Comunal-recupera-extintores-para-protecci\u00f3n-del-SEN-5-300x228.jpeg 300w, http:\/\/intranet.mppee.gob.ve\/wordpress\/wp-content\/uploads\/2021\/10\/Fuerza-trabajadora-de-Gas-Comunal-recupera-extintores-para-protecci\u00f3n-del-SEN-5-768x582.jpeg 768w, http:\/\/intranet.mppee.gob.ve\/wordpress\/wp-content\/uploads\/2021\/10\/Fuerza-trabajadora-de-Gas-Comunal-recupera-extintores-para-protecci\u00f3n-del-SEN-5-1024x777.jpeg 1024w, http:\/\/intranet.mppee.gob.ve\/wordpress\/wp-content\/uploads\/2021\/10\/Fuerza-trabajadora-de-Gas-Comunal-recupera-extintores-para-protecci\u00f3n-del-SEN-5-80x60.jpeg 80w\" alt=\"\" width=\"1080\" height=\"819\" \/><img loading=\"lazy\" decoding=\"async\" class=\"alignnone size-full wp-image-11418\" src=\"http:\/\/intranet.mppee.gob.ve\/wordpress\/wp-content\/uploads\/2021\/10\/Fuerza-trabajadora-de-Gas-Comunal-recupera-extintores-para-protecci%C3%B3n-del-SEN-4.jpeg\" sizes=\"auto, (max-width: 1080px) 100vw, 1080px\" srcset=\"http:\/\/intranet.mppee.gob.ve\/wordpress\/wp-content\/uploads\/2021\/10\/Fuerza-trabajadora-de-Gas-Comunal-recupera-extintores-para-protecci\u00f3n-del-SEN-4.jpeg 1080w, http:\/\/intranet.mppee.gob.ve\/wordpress\/wp-content\/uploads\/2021\/10\/Fuerza-trabajadora-de-Gas-Comunal-recupera-extintores-para-protecci\u00f3n-del-SEN-4-300x200.jpeg 300w, http:\/\/intranet.mppee.gob.ve\/wordpress\/wp-content\/uploads\/2021\/10\/Fuerza-trabajadora-de-Gas-Comunal-recupera-extintores-para-protecci\u00f3n-del-SEN-4-768x512.jpeg 768w, http:\/\/intranet.mppee.gob.ve\/wordpress\/wp-content\/uploads\/2021\/10\/Fuerza-trabajadora-de-Gas-Comunal-recupera-extintores-para-protecci\u00f3n-del-SEN-4-1024x683.jpeg 1024w\" alt=\"\" width=\"1080\" height=\"720\" \/><img loading=\"lazy\" decoding=\"async\" class=\"alignnone size-full wp-image-11417\" src=\"http:\/\/intranet.mppee.gob.ve\/wordpress\/wp-content\/uploads\/2021\/10\/Fuerza-trabajadora-de-Gas-Comunal-recupera-extintores-para-protecci%C3%B3n-del-SEN-3.jpeg\" sizes=\"auto, (max-width: 1080px) 100vw, 1080px\" srcset=\"http:\/\/intranet.mppee.gob.ve\/wordpress\/wp-content\/uploads\/2021\/10\/Fuerza-trabajadora-de-Gas-Comunal-recupera-extintores-para-protecci\u00f3n-del-SEN-3.jpeg 1080w, http:\/\/intranet.mppee.gob.ve\/wordpress\/wp-content\/uploads\/2021\/10\/Fuerza-trabajadora-de-Gas-Comunal-recupera-extintores-para-protecci\u00f3n-del-SEN-3-300x224.jpeg 300w, http:\/\/intranet.mppee.gob.ve\/wordpress\/wp-content\/uploads\/2021\/10\/Fuerza-trabajadora-de-Gas-Comunal-recupera-extintores-para-protecci\u00f3n-del-SEN-3-768x572.jpeg 768w, http:\/\/intranet.mppee.gob.ve\/wordpress\/wp-content\/uploads\/2021\/10\/Fuerza-trabajadora-de-Gas-Comunal-recupera-extintores-para-protecci\u00f3n-del-SEN-3-1024x763.jpeg 1024w, http:\/\/intranet.mppee.gob.ve\/wordpress\/wp-content\/uploads\/2021\/10\/Fuerza-trabajadora-de-Gas-Comunal-recupera-extintores-para-protecci\u00f3n-del-SEN-3-80x60.jpeg 80w\" alt=\"\" width=\"1080\" height=\"805\" \/><img loading=\"lazy\" decoding=\"async\" class=\"alignnone size-full wp-image-11416\" src=\"http:\/\/intranet.mppee.gob.ve\/wordpress\/wp-content\/uploads\/2021\/10\/Fuerza-trabajadora-de-Gas-Comunal-recupera-extintores-para-protecci%C3%B3n-del-SEN-2.jpeg\" sizes=\"auto, (max-width: 1080px) 100vw, 1080px\" srcset=\"http:\/\/intranet.mppee.gob.ve\/wordpress\/wp-content\/uploads\/2021\/10\/Fuerza-trabajadora-de-Gas-Comunal-recupera-extintores-para-protecci\u00f3n-del-SEN-2.jpeg 1080w, http:\/\/intranet.mppee.gob.ve\/wordpress\/wp-content\/uploads\/2021\/10\/Fuerza-trabajadora-de-Gas-Comunal-recupera-extintores-para-protecci\u00f3n-del-SEN-2-300x232.jpeg 300w, http:\/\/intranet.mppee.gob.ve\/wordpress\/wp-content\/uploads\/2021\/10\/Fuerza-trabajadora-de-Gas-Comunal-recupera-extintores-para-protecci\u00f3n-del-SEN-2-768x593.jpeg 768w, http:\/\/intranet.mppee.gob.ve\/wordpress\/wp-content\/uploads\/2021\/10\/Fuerza-trabajadora-de-Gas-Comunal-recupera-extintores-para-protecci\u00f3n-del-SEN-2-1024x791.jpeg 1024w\" alt=\"\" width=\"1080\" height=\"834\" \/><img loading=\"lazy\" decoding=\"async\" class=\"alignnone size-full wp-image-11415\" src=\"http:\/\/intranet.mppee.gob.ve\/wordpress\/wp-content\/uploads\/2021\/10\/Fuerza-trabajadora-de-Gas-Comunal-recupera-extintores-para-protecci%C3%B3n-del-SEN-1.jpeg\" sizes=\"auto, (max-width: 1080px) 100vw, 1080px\" srcset=\"http:\/\/intranet.mppee.gob.ve\/wordpress\/wp-content\/uploads\/2021\/10\/Fuerza-trabajadora-de-Gas-Comunal-recupera-extintores-para-protecci\u00f3n-del-SEN-1.jpeg 1080w, http:\/\/intranet.mppee.gob.ve\/wordpress\/wp-content\/uploads\/2021\/10\/Fuerza-trabajadora-de-Gas-Comunal-recupera-extintores-para-protecci\u00f3n-del-SEN-1-300x201.jpeg 300w, http:\/\/intranet.mppee.gob.ve\/wordpress\/wp-content\/uploads\/2021\/10\/Fuerza-trabajadora-de-Gas-Comunal-recupera-extintores-para-protecci\u00f3n-del-SEN-1-768x516.jpeg 768w, http:\/\/intranet.mppee.gob.ve\/wordpress\/wp-content\/uploads\/2021\/10\/Fuerza-trabajadora-de-Gas-Comunal-recupera-extintores-para-protecci\u00f3n-del-SEN-1-1024x687.jpeg 1024w\" alt=\"\" width=\"1080\" height=\"725\" \/><\/p>\n<div class=\"post-views post-11414 entry-meta\"><\/div>\n","protected":false},"excerpt":{"rendered":"<p>Fuerza trabajadora de Gas Comunal recuper\u00f3 16 mil extintores de la Corporaci\u00f3n El\u00e9ctrica Nacional (Corpoelec), para el mejoramiento de condiciones<\/p>\n","protected":false},"author":12,"featured_media":85299,"comment_status":"open","ping_status":"open","sticky":false,"template":"","format":"standard","meta":{"footnotes":""},"categories":[30],"tags":[11,327],"class_list":["post-85297","post","type-post","status-publish","format-standard","has-post-thumbnail","hentry","category-regionales","tag-mppee","tag-vsops"],"_links":{"self":[{"href":"https:\/\/mppee.gob.ve\/index.php?rest_route=\/wp\/v2\/posts\/85297","targetHints":{"allow":["GET"]}}],"collection":[{"href":"https:\/\/mppee.gob.ve\/index.php?rest_route=\/wp\/v2\/posts"}],"about":[{"href":"https:\/\/mppee.gob.ve\/index.php?rest_route=\/wp\/v2\/types\/post"}],"author":[{"embeddable":true,"href":"https:\/\/mppee.gob.ve\/index.php?rest_route=\/wp\/v2\/users\/12"}],"replies":[{"embeddable":true,"href":"https:\/\/mppee.gob.ve\/index.php?rest_route=%2Fwp%2Fv2%2Fcomments&post=85297"}],"version-history":[{"count":1,"href":"https:\/\/mppee.gob.ve\/index.php?rest_route=\/wp\/v2\/posts\/85297\/revisions"}],"predecessor-version":[{"id":85300,"href":"https:\/\/mppee.gob.ve\/index.php?rest_route=\/wp\/v2\/posts\/85297\/revisions\/85300"}],"wp:featuredmedia":[{"embeddable":true,"href":"https:\/\/mppee.gob.ve\/index.php?rest_route=\/wp\/v2\/media\/85299"}],"wp:attachment":[{"href":"https:\/\/mppee.gob.ve\/index.php?rest_route=%2Fwp%2Fv2%2Fmedia&parent=85297"}],"wp:term":[{"taxonomy":"category","embeddable":true,"href":"https:\/\/mppee.gob.ve\/index.php?rest_route=%2Fwp%2Fv2%2Fcategories&post=85297"},{"taxonomy":"post_tag","embeddable":true,"href":"https:\/\/mppee.gob.ve\/index.php?rest_route=%2Fwp%2Fv2%2Ftags&post=85297"}],"curies":[{"name":"wp","href":"https:\/\/api.w.org\/{rel}","templated":true}]}}