{"id":85384,"date":"2021-11-02T13:03:00","date_gmt":"2021-11-02T13:03:00","guid":{"rendered":"http:\/\/10.200.87.50\/mppee\/?p=85384"},"modified":"2021-11-04T13:10:27","modified_gmt":"2021-11-04T13:10:27","slug":"inspeccionan-areas-del-mppee-para-garantizar-espacios-adecuados-a-las-personas-con-discapacidad","status":"publish","type":"post","link":"https:\/\/mppee.gob.ve\/?p=85384","title":{"rendered":"Inspeccionan \u00e1reas del Mppee para garantizar espacios adecuados a las personas con discapacidad"},"content":{"rendered":"<p style=\"text-align: justify;\"><img loading=\"lazy\" decoding=\"async\" class=\"size-medium wp-image-85392 alignleft\" src=\"http:\/\/10.200.87.50\/mppee\/wp-content\/uploads\/2021\/11\/8-300x176.jpg\" alt=\"\" width=\"300\" height=\"176\" srcset=\"https:\/\/mppee.gob.ve\/wp-content\/uploads\/2021\/11\/8-300x176.jpg 300w, https:\/\/mppee.gob.ve\/wp-content\/uploads\/2021\/11\/8-1024x602.jpg 1024w, https:\/\/mppee.gob.ve\/wp-content\/uploads\/2021\/11\/8-768x451.jpg 768w, https:\/\/mppee.gob.ve\/wp-content\/uploads\/2021\/11\/8.jpg 1280w\" sizes=\"auto, (max-width: 300px) 100vw, 300px\" \/>Como parte del convenio interinstitucional entre el Ministerio del Poder Para la Energ\u00eda El\u00e9ctrica (Mppee) y \u00a0el Consejo Nacional para las Personas con Discapacidad (Conapdis), \u00a0este martes \u00a0se \u00a0llev\u00f3 a cabo un recorrido de inspecci\u00f3n en las instalaciones \u00a0del ente, con el prop\u00f3sito de garantizar \u00a0al personal con discapacidad \u00a0que labora en la sede espacios acordes, para su mejor desempe\u00f1o.<\/p>\n<p>Durante el desarrollo de la actividad, la viceministra para la Articulaci\u00f3n y Participaci\u00f3n Social en el Servicio El\u00e9ctrico, Nuris Perozo, destac\u00f3 que estas acciones forman parte de las pol\u00edticas p\u00fablicas que desde el Mppee, y como parte del programa <strong>\u201cCreo en ti\u201d<\/strong>, buscan consolidar y establecer los tres principios fundamentales hacia las personas con discapacidad: accesibilidad, inclusi\u00f3n laboral y trato adecuado.<\/p>\n<p><strong><img loading=\"lazy\" decoding=\"async\" class=\"size-medium wp-image-85391 alignright\" src=\"http:\/\/10.200.87.50\/mppee\/wp-content\/uploads\/2021\/11\/7-300x165.jpg\" alt=\"\" width=\"300\" height=\"165\" srcset=\"https:\/\/mppee.gob.ve\/wp-content\/uploads\/2021\/11\/7-300x165.jpg 300w, https:\/\/mppee.gob.ve\/wp-content\/uploads\/2021\/11\/7-1024x562.jpg 1024w, https:\/\/mppee.gob.ve\/wp-content\/uploads\/2021\/11\/7-768x422.jpg 768w, https:\/\/mppee.gob.ve\/wp-content\/uploads\/2021\/11\/7.jpg 1280w\" sizes=\"auto, (max-width: 300px) 100vw, 300px\" \/>\u201cHoy \u00a0junto al personal de Conapdis, hemos realizado un recorrido por las instalaciones, donde ha sido \u00a0supervisada \u00a0la infraestructura; a fin de garantizar una f\u00e1cil movilizaci\u00f3n del personal con discapacidad en \u00a0nuestros espacios.\u00a0 Asimismo, \u00a0todo lo que tiene que ver con la inclusi\u00f3n \u00a0laboral \u00a0y cumplir de esta manera con el 5% que establece la norma\u201d<\/strong>, detall\u00f3.<\/p>\n<p>Indic\u00f3 que desde la Instituci\u00f3n, \u00a0m\u00e1s all\u00e1 de \u00a0cumplir con la inclusi\u00f3n laboral, el objetivo principal, como parte del programa \u00a0 \u201cCreo en ti\u201d, es garantizar a \u00a0este personal un \u00a0trato adecuado, \u00a0siendo este el tercer \u00a0principio hacia la personas con discapacidad.<\/p>\n<p><img loading=\"lazy\" decoding=\"async\" class=\"size-medium wp-image-85390 alignleft\" src=\"http:\/\/10.200.87.50\/mppee\/wp-content\/uploads\/2021\/11\/6-300x158.jpg\" alt=\"\" width=\"300\" height=\"158\" srcset=\"https:\/\/mppee.gob.ve\/wp-content\/uploads\/2021\/11\/6-300x158.jpg 300w, https:\/\/mppee.gob.ve\/wp-content\/uploads\/2021\/11\/6-1024x539.jpg 1024w, https:\/\/mppee.gob.ve\/wp-content\/uploads\/2021\/11\/6-768x404.jpg 768w, https:\/\/mppee.gob.ve\/wp-content\/uploads\/2021\/11\/6-390x205.jpg 390w, https:\/\/mppee.gob.ve\/wp-content\/uploads\/2021\/11\/6.jpg 1280w\" sizes=\"auto, (max-width: 300px) 100vw, 300px\" \/>Por su parte, la gerente de fiscalizaci\u00f3n del Conapdis, Mar\u00eda Granados, \u00a0se\u00f1al\u00f3 que este convenio, busca consolidar el sue\u00f1o del Comandante Supremo Hugo Ch\u00e1vez, y que hoy de la mano del presidente Nicol\u00e1s Maduro, \u00a0se ejecuta para fortalecer \u00a0la inclusi\u00f3n de las personas con discapacidad, en las diversas \u00e1reas de la vida laboral.<\/p>\n<p><strong>Prensa Mppee<\/strong><\/p>\n<p><img loading=\"lazy\" decoding=\"async\" class=\"alignnone wp-image-85389 size-full\" src=\"http:\/\/10.200.87.50\/mppee\/wp-content\/uploads\/2021\/11\/5.jpg\" alt=\"\" width=\"1105\" height=\"800\" srcset=\"https:\/\/mppee.gob.ve\/wp-content\/uploads\/2021\/11\/5.jpg 1105w, https:\/\/mppee.gob.ve\/wp-content\/uploads\/2021\/11\/5-300x217.jpg 300w, https:\/\/mppee.gob.ve\/wp-content\/uploads\/2021\/11\/5-1024x741.jpg 1024w, https:\/\/mppee.gob.ve\/wp-content\/uploads\/2021\/11\/5-768x556.jpg 768w\" sizes=\"auto, (max-width: 1105px) 100vw, 1105px\" \/> <img loading=\"lazy\" decoding=\"async\" class=\"alignnone wp-image-85388 size-full\" src=\"http:\/\/10.200.87.50\/mppee\/wp-content\/uploads\/2021\/11\/4.jpg\" alt=\"\" width=\"1204\" height=\"800\" srcset=\"https:\/\/mppee.gob.ve\/wp-content\/uploads\/2021\/11\/4.jpg 1204w, https:\/\/mppee.gob.ve\/wp-content\/uploads\/2021\/11\/4-300x199.jpg 300w, https:\/\/mppee.gob.ve\/wp-content\/uploads\/2021\/11\/4-1024x680.jpg 1024w, https:\/\/mppee.gob.ve\/wp-content\/uploads\/2021\/11\/4-768x510.jpg 768w\" sizes=\"auto, (max-width: 1204px) 100vw, 1204px\" \/> <img loading=\"lazy\" decoding=\"async\" class=\"alignnone wp-image-85387 size-full\" src=\"http:\/\/10.200.87.50\/mppee\/wp-content\/uploads\/2021\/11\/3.jpg\" alt=\"\" width=\"1189\" height=\"800\" srcset=\"https:\/\/mppee.gob.ve\/wp-content\/uploads\/2021\/11\/3.jpg 1189w, https:\/\/mppee.gob.ve\/wp-content\/uploads\/2021\/11\/3-300x202.jpg 300w, https:\/\/mppee.gob.ve\/wp-content\/uploads\/2021\/11\/3-1024x689.jpg 1024w, https:\/\/mppee.gob.ve\/wp-content\/uploads\/2021\/11\/3-768x517.jpg 768w\" sizes=\"auto, (max-width: 1189px) 100vw, 1189px\" \/> <img loading=\"lazy\" decoding=\"async\" class=\"alignnone wp-image-85386 size-full\" src=\"http:\/\/10.200.87.50\/mppee\/wp-content\/uploads\/2021\/11\/2.jpg\" alt=\"\" width=\"1280\" height=\"653\" srcset=\"https:\/\/mppee.gob.ve\/wp-content\/uploads\/2021\/11\/2.jpg 1280w, https:\/\/mppee.gob.ve\/wp-content\/uploads\/2021\/11\/2-300x153.jpg 300w, https:\/\/mppee.gob.ve\/wp-content\/uploads\/2021\/11\/2-1024x522.jpg 1024w, https:\/\/mppee.gob.ve\/wp-content\/uploads\/2021\/11\/2-768x392.jpg 768w\" sizes=\"auto, (max-width: 1280px) 100vw, 1280px\" \/> <img loading=\"lazy\" decoding=\"async\" class=\"alignnone wp-image-85385 size-full\" src=\"http:\/\/10.200.87.50\/mppee\/wp-content\/uploads\/2021\/11\/1.jpg\" alt=\"\" width=\"1280\" height=\"772\" srcset=\"https:\/\/mppee.gob.ve\/wp-content\/uploads\/2021\/11\/1.jpg 1280w, https:\/\/mppee.gob.ve\/wp-content\/uploads\/2021\/11\/1-300x181.jpg 300w, https:\/\/mppee.gob.ve\/wp-content\/uploads\/2021\/11\/1-1024x618.jpg 1024w, https:\/\/mppee.gob.ve\/wp-content\/uploads\/2021\/11\/1-768x463.jpg 768w\" sizes=\"auto, (max-width: 1280px) 100vw, 1280px\" \/><\/p>\n","protected":false},"excerpt":{"rendered":"<p>Como parte del convenio interinstitucional entre el Ministerio del Poder Para la Energ\u00eda El\u00e9ctrica (Mppee) y \u00a0el Consejo Nacional para<\/p>\n","protected":false},"author":12,"featured_media":85386,"comment_status":"open","ping_status":"open","sticky":false,"template":"","format":"standard","meta":{"footnotes":""},"categories":[30],"tags":[11],"class_list":["post-85384","post","type-post","status-publish","format-standard","has-post-thumbnail","hentry","category-regionales","tag-mppee"],"_links":{"self":[{"href":"https:\/\/mppee.gob.ve\/index.php?rest_route=\/wp\/v2\/posts\/85384","targetHints":{"allow":["GET"]}}],"collection":[{"href":"https:\/\/mppee.gob.ve\/index.php?rest_route=\/wp\/v2\/posts"}],"about":[{"href":"https:\/\/mppee.gob.ve\/index.php?rest_route=\/wp\/v2\/types\/post"}],"author":[{"embeddable":true,"href":"https:\/\/mppee.gob.ve\/index.php?rest_route=\/wp\/v2\/users\/12"}],"replies":[{"embeddable":true,"href":"https:\/\/mppee.gob.ve\/index.php?rest_route=%2Fwp%2Fv2%2Fcomments&post=85384"}],"version-history":[{"count":1,"href":"https:\/\/mppee.gob.ve\/index.php?rest_route=\/wp\/v2\/posts\/85384\/revisions"}],"predecessor-version":[{"id":85393,"href":"https:\/\/mppee.gob.ve\/index.php?rest_route=\/wp\/v2\/posts\/85384\/revisions\/85393"}],"wp:featuredmedia":[{"embeddable":true,"href":"https:\/\/mppee.gob.ve\/index.php?rest_route=\/wp\/v2\/media\/85386"}],"wp:attachment":[{"href":"https:\/\/mppee.gob.ve\/index.php?rest_route=%2Fwp%2Fv2%2Fmedia&parent=85384"}],"wp:term":[{"taxonomy":"category","embeddable":true,"href":"https:\/\/mppee.gob.ve\/index.php?rest_route=%2Fwp%2Fv2%2Fcategories&post=85384"},{"taxonomy":"post_tag","embeddable":true,"href":"https:\/\/mppee.gob.ve\/index.php?rest_route=%2Fwp%2Fv2%2Ftags&post=85384"}],"curies":[{"name":"wp","href":"https:\/\/api.w.org\/{rel}","templated":true}]}}