{"id":85394,"date":"2021-11-02T13:22:00","date_gmt":"2021-11-02T13:22:00","guid":{"rendered":"http:\/\/10.200.87.50\/mppee\/?p=85394"},"modified":"2021-11-04T13:30:03","modified_gmt":"2021-11-04T13:30:03","slug":"desarrollan-programas-para-fabricacion-de-paneles-solares","status":"publish","type":"post","link":"https:\/\/mppee.gob.ve\/?p=85394","title":{"rendered":"Desarrollan programas para fabricaci\u00f3n de paneles solares"},"content":{"rendered":"<p style=\"text-align: justify;\"><img loading=\"lazy\" decoding=\"async\" class=\"size-medium wp-image-85400 alignleft\" src=\"http:\/\/10.200.87.50\/mppee\/wp-content\/uploads\/2021\/11\/6-1-300x152.jpg\" alt=\"\" width=\"300\" height=\"152\" srcset=\"https:\/\/mppee.gob.ve\/wp-content\/uploads\/2021\/11\/6-1-300x152.jpg 300w, https:\/\/mppee.gob.ve\/wp-content\/uploads\/2021\/11\/6-1-1024x520.jpg 1024w, https:\/\/mppee.gob.ve\/wp-content\/uploads\/2021\/11\/6-1-768x390.jpg 768w, https:\/\/mppee.gob.ve\/wp-content\/uploads\/2021\/11\/6-1.jpg 1280w\" sizes=\"auto, (max-width: 300px) 100vw, 300px\" \/>Con el objetivo de expandir e impulsar la industrializaci\u00f3n de los sistemas fotovoltaicos en el pa\u00eds, este martes desde la sede principal del Ministerio del Poder Popular para la Energ\u00eda El\u00e9ctrica, ubicado en San Bernardino, Caracas, la viceministra para Nuevas Fuentes y Uso Racional de la Energ\u00eda El\u00e9ctrica, Tania Masea, sostuvo una reuni\u00f3n con la embajadora de la Rep\u00fablica Bolivariana de Venezuela en la India, Coromoto Godoy.<\/p>\n<p style=\"text-align: justify;\">En aras de fortalecer relaciones bilaterales con la <strong>Alianza Internacional Solar (ISA)<\/strong> de la India, se tiene previsto ejecutar programas destinados a desarrollar sistemas fotovoltaicos en techos de las edificaciones administrativas, igualmente, en comunidades aisladas, ind\u00edgenas y fronterizas, a fin de promover y estimular la fabricaci\u00f3n de paneles solares e impulsar la industrializaci\u00f3n de los sistemas fotovoltaicos en el territorio nacional.<\/p>\n<p style=\"text-align: justify;\"><img loading=\"lazy\" decoding=\"async\" class=\"size-medium wp-image-85398 alignright\" src=\"http:\/\/10.200.87.50\/mppee\/wp-content\/uploads\/2021\/11\/4-1-300x223.jpg\" alt=\"\" width=\"300\" height=\"223\" srcset=\"https:\/\/mppee.gob.ve\/wp-content\/uploads\/2021\/11\/4-1-300x223.jpg 300w, https:\/\/mppee.gob.ve\/wp-content\/uploads\/2021\/11\/4-1-1024x763.jpg 1024w, https:\/\/mppee.gob.ve\/wp-content\/uploads\/2021\/11\/4-1-768x572.jpg 768w, https:\/\/mppee.gob.ve\/wp-content\/uploads\/2021\/11\/4-1.jpg 1074w\" sizes=\"auto, (max-width: 300px) 100vw, 300px\" \/>La Viceministra manifest\u00f3 que, todo el sector el\u00e9ctrico est\u00e1 involucrado en la promoci\u00f3n y diversificaci\u00f3n de la matriz energ\u00e9tica del pa\u00eds, para ejecutar los proyectos que se est\u00e1n llevando a cabo con la Alianza Internacional Solar y concretar los planes en materia de energ\u00eda solar, sistema fotovoltaico, durante el periodo de gobierno 2021-2025, que dirige el presidente de la Rep\u00fablica Bolivariana de Venezuela, Nicol\u00e1s Maduro.<\/p>\n<p style=\"text-align: justify;\"><strong>\u201cCumpliendo con los lineamientos del vicepresidente Sectorial de Obras P\u00fablicas y Servicios y ministro del Poder Popular para la Energ\u00eda El\u00e9ctrica, G\/J N\u00e9stor Reverol, estamos empe\u00f1ados en mejorar el servicio de la energ\u00eda el\u00e9ctrica del pa\u00eds y parte de las medidas que se est\u00e1n tomando es garantizar la estabilizaci\u00f3n y confiabilidad del sector a trav\u00e9s de la generaci\u00f3n con fuentes alternativas\u201d<\/strong>, enfatiz\u00f3 Masea.<\/p>\n<p style=\"text-align: justify;\"><img loading=\"lazy\" decoding=\"async\" class=\"size-medium wp-image-85397 alignleft\" src=\"http:\/\/10.200.87.50\/mppee\/wp-content\/uploads\/2021\/11\/3-1-300x158.jpg\" alt=\"\" width=\"300\" height=\"158\" srcset=\"https:\/\/mppee.gob.ve\/wp-content\/uploads\/2021\/11\/3-1-300x158.jpg 300w, https:\/\/mppee.gob.ve\/wp-content\/uploads\/2021\/11\/3-1-1024x538.jpg 1024w, https:\/\/mppee.gob.ve\/wp-content\/uploads\/2021\/11\/3-1-768x404.jpg 768w, https:\/\/mppee.gob.ve\/wp-content\/uploads\/2021\/11\/3-1-390x205.jpg 390w, https:\/\/mppee.gob.ve\/wp-content\/uploads\/2021\/11\/3-1.jpg 1280w\" sizes=\"auto, (max-width: 300px) 100vw, 300px\" \/>En este encuentro tambi\u00e9n particip\u00f3 el presidente de Corpoelec Industrial, Juan Rodr\u00edguez, el director general de Fundelec, Carlos Borges y el gerente general de Fuentes Alternas de Uso Racional y Eficiente de la Energ\u00eda, Rafael S\u00e1nchez.<\/p>\n<p style=\"text-align: justify;\"><strong>Prensa Corpoelec<\/strong><\/p>\n<p><img loading=\"lazy\" decoding=\"async\" class=\"alignnone wp-image-85396 size-full\" src=\"http:\/\/10.200.87.50\/mppee\/wp-content\/uploads\/2021\/11\/2-1.jpg\" alt=\"\" width=\"1280\" height=\"791\" srcset=\"https:\/\/mppee.gob.ve\/wp-content\/uploads\/2021\/11\/2-1.jpg 1280w, https:\/\/mppee.gob.ve\/wp-content\/uploads\/2021\/11\/2-1-300x185.jpg 300w, https:\/\/mppee.gob.ve\/wp-content\/uploads\/2021\/11\/2-1-1024x633.jpg 1024w, https:\/\/mppee.gob.ve\/wp-content\/uploads\/2021\/11\/2-1-768x475.jpg 768w\" sizes=\"auto, (max-width: 1280px) 100vw, 1280px\" \/> <img loading=\"lazy\" decoding=\"async\" class=\"alignnone wp-image-85395 size-full\" src=\"http:\/\/10.200.87.50\/mppee\/wp-content\/uploads\/2021\/11\/1-1.jpg\" alt=\"\" width=\"1080\" height=\"607\" srcset=\"https:\/\/mppee.gob.ve\/wp-content\/uploads\/2021\/11\/1-1.jpg 1080w, https:\/\/mppee.gob.ve\/wp-content\/uploads\/2021\/11\/1-1-300x169.jpg 300w, https:\/\/mppee.gob.ve\/wp-content\/uploads\/2021\/11\/1-1-1024x576.jpg 1024w, https:\/\/mppee.gob.ve\/wp-content\/uploads\/2021\/11\/1-1-768x432.jpg 768w\" sizes=\"auto, (max-width: 1080px) 100vw, 1080px\" \/><\/p>\n","protected":false},"excerpt":{"rendered":"<p>Con el objetivo de expandir e impulsar la industrializaci\u00f3n de los sistemas fotovoltaicos en el pa\u00eds, este martes desde la<\/p>\n","protected":false},"author":12,"featured_media":85399,"comment_status":"open","ping_status":"open","sticky":false,"template":"","format":"standard","meta":{"footnotes":""},"categories":[15],"tags":[11,46],"class_list":["post-85394","post","type-post","status-publish","format-standard","has-post-thumbnail","hentry","category-nacionales","tag-mppee","tag-venezuela"],"_links":{"self":[{"href":"https:\/\/mppee.gob.ve\/index.php?rest_route=\/wp\/v2\/posts\/85394","targetHints":{"allow":["GET"]}}],"collection":[{"href":"https:\/\/mppee.gob.ve\/index.php?rest_route=\/wp\/v2\/posts"}],"about":[{"href":"https:\/\/mppee.gob.ve\/index.php?rest_route=\/wp\/v2\/types\/post"}],"author":[{"embeddable":true,"href":"https:\/\/mppee.gob.ve\/index.php?rest_route=\/wp\/v2\/users\/12"}],"replies":[{"embeddable":true,"href":"https:\/\/mppee.gob.ve\/index.php?rest_route=%2Fwp%2Fv2%2Fcomments&post=85394"}],"version-history":[{"count":1,"href":"https:\/\/mppee.gob.ve\/index.php?rest_route=\/wp\/v2\/posts\/85394\/revisions"}],"predecessor-version":[{"id":85401,"href":"https:\/\/mppee.gob.ve\/index.php?rest_route=\/wp\/v2\/posts\/85394\/revisions\/85401"}],"wp:featuredmedia":[{"embeddable":true,"href":"https:\/\/mppee.gob.ve\/index.php?rest_route=\/wp\/v2\/media\/85399"}],"wp:attachment":[{"href":"https:\/\/mppee.gob.ve\/index.php?rest_route=%2Fwp%2Fv2%2Fmedia&parent=85394"}],"wp:term":[{"taxonomy":"category","embeddable":true,"href":"https:\/\/mppee.gob.ve\/index.php?rest_route=%2Fwp%2Fv2%2Fcategories&post=85394"},{"taxonomy":"post_tag","embeddable":true,"href":"https:\/\/mppee.gob.ve\/index.php?rest_route=%2Fwp%2Fv2%2Ftags&post=85394"}],"curies":[{"name":"wp","href":"https:\/\/api.w.org\/{rel}","templated":true}]}}