{"id":85402,"date":"2021-11-03T13:34:00","date_gmt":"2021-11-03T13:34:00","guid":{"rendered":"http:\/\/10.200.87.50\/mppee\/?p=85402"},"modified":"2021-11-04T13:50:36","modified_gmt":"2021-11-04T13:50:36","slug":"acto-vandalico-contra-torre-de-energia-en-nueva-esparta-ocasiona-interrupcion-del-servicio","status":"publish","type":"post","link":"https:\/\/mppee.gob.ve\/?p=85402","title":{"rendered":"Acto vand\u00e1lico contra torre de energ\u00eda en Nueva Esparta ocasiona interrupci\u00f3n del servicio"},"content":{"rendered":"<p style=\"text-align: justify;\"><img loading=\"lazy\" decoding=\"async\" class=\"size-medium wp-image-85415 alignleft\" src=\"http:\/\/10.200.87.50\/mppee\/wp-content\/uploads\/2021\/11\/Acto-vand\u00e1lico-contra-torre-de-energ\u00eda-en-Nueva-Esparta-ocasiona-interrupci\u00f3n-del-servicio-13-300x169.jpeg\" alt=\"\" width=\"300\" height=\"169\" srcset=\"https:\/\/mppee.gob.ve\/wp-content\/uploads\/2021\/11\/Acto-vand\u00e1lico-contra-torre-de-energ\u00eda-en-Nueva-Esparta-ocasiona-interrupci\u00f3n-del-servicio-13-300x169.jpeg 300w, https:\/\/mppee.gob.ve\/wp-content\/uploads\/2021\/11\/Acto-vand\u00e1lico-contra-torre-de-energ\u00eda-en-Nueva-Esparta-ocasiona-interrupci\u00f3n-del-servicio-13-768x432.jpeg 768w, https:\/\/mppee.gob.ve\/wp-content\/uploads\/2021\/11\/Acto-vand\u00e1lico-contra-torre-de-energ\u00eda-en-Nueva-Esparta-ocasiona-interrupci\u00f3n-del-servicio-13.jpeg 1000w\" sizes=\"auto, (max-width: 300px) 100vw, 300px\" \/>El vicepresidente Sectorial de Obras P\u00fablicas y Servicios, G\/J N\u00e9stor Reverol, inform\u00f3 un acto vand\u00e1lico contra una torre de energ\u00eda en Nueva Esparta, lo que ocasion\u00f3 la interrupci\u00f3n del servicio en la entidad.<\/p>\n<p>Mediante una publicaci\u00f3n en la red social Instagram @reverolnestor indic\u00f3 que, <strong>\u00abQueremos denunciar el colapso de una torre de la l\u00ednea 115 kV en el sector Boquer\u00f3n del municipio D\u00edaz, estado Nueva Esparta, a causa de su debilitamiento, tras ser vandalizada por un sujeto, quien falleci\u00f3 tras la ca\u00edda de la estructura el\u00e9ctrica\u00bb<\/strong>, dijo.<\/p>\n<p>El tambi\u00e9n ministro del Poder Popular para la Energ\u00eda El\u00e9ctrica precis\u00f3 que, este evento ocasion\u00f3 la p\u00e9rdida de la generaci\u00f3n termoel\u00e9ctrica de la Planta Juan Bautista Arismendi.<\/p>\n<p><strong>\u00abPor ello nuestra fuerza trabajadora de Corpoelec, activ\u00f3 inmediatamente todos los protocolos correspondientes para la atenci\u00f3n de esta eventualidad\u00bb<\/strong>, expres\u00f3 el Ministro Reverol.<\/p>\n<p><img loading=\"lazy\" decoding=\"async\" class=\"size-medium wp-image-85412 alignright\" src=\"http:\/\/10.200.87.50\/mppee\/wp-content\/uploads\/2021\/11\/Acto-vand\u00e1lico-contra-torre-de-energ\u00eda-en-Nueva-Esparta-ocasiona-interrupci\u00f3n-del-servicio-10-300x169.jpeg\" alt=\"\" width=\"300\" height=\"169\" srcset=\"https:\/\/mppee.gob.ve\/wp-content\/uploads\/2021\/11\/Acto-vand\u00e1lico-contra-torre-de-energ\u00eda-en-Nueva-Esparta-ocasiona-interrupci\u00f3n-del-servicio-10-300x169.jpeg 300w, https:\/\/mppee.gob.ve\/wp-content\/uploads\/2021\/11\/Acto-vand\u00e1lico-contra-torre-de-energ\u00eda-en-Nueva-Esparta-ocasiona-interrupci\u00f3n-del-servicio-10-768x432.jpeg 768w, https:\/\/mppee.gob.ve\/wp-content\/uploads\/2021\/11\/Acto-vand\u00e1lico-contra-torre-de-energ\u00eda-en-Nueva-Esparta-ocasiona-interrupci\u00f3n-del-servicio-10.jpeg 1000w\" sizes=\"auto, (max-width: 300px) 100vw, 300px\" \/>Adem\u00e1s, destac\u00f3 que un equipo especializado en transmisi\u00f3n, se encuentra en el lugar para realizar las maniobras para la normalizaci\u00f3n y funcionamiento de la l\u00ednea afectada, y tambi\u00e9n las autoridades respectivas, han iniciado la investigaci\u00f3n del hecho.<\/p>\n<p>Finalmente, repudi\u00f3 este acto de vandalismo que atenta contra el bienestar del pueblo y, reiter\u00f3 los canales de recepci\u00f3n de denuncias: @ministerioenergiaelectrica, @CorpoelecInfo y el correo\u00a0<a href=\"mailto:denuncialasmafias@gmail.com\" target=\"_blank\" rel=\"noopener noreferrer\">denuncialasmafias@gmail.com<\/a>, para reportar cualquier amenaza que pretenda afectar el servicio el\u00e9ctrico.<\/p>\n<p><b>Prensa Vpsops<\/b><\/p>\n<p><img loading=\"lazy\" decoding=\"async\" class=\"aligncenter wp-image-85414 size-full\" src=\"http:\/\/10.200.87.50\/mppee\/wp-content\/uploads\/2021\/11\/Acto-vand\u00e1lico-contra-torre-de-energ\u00eda-en-Nueva-Esparta-ocasiona-interrupci\u00f3n-del-servicio-12.jpeg\" alt=\"\" width=\"563\" height=\"1000\" srcset=\"https:\/\/mppee.gob.ve\/wp-content\/uploads\/2021\/11\/Acto-vand\u00e1lico-contra-torre-de-energ\u00eda-en-Nueva-Esparta-ocasiona-interrupci\u00f3n-del-servicio-12.jpeg 563w, https:\/\/mppee.gob.ve\/wp-content\/uploads\/2021\/11\/Acto-vand\u00e1lico-contra-torre-de-energ\u00eda-en-Nueva-Esparta-ocasiona-interrupci\u00f3n-del-servicio-12-169x300.jpeg 169w\" sizes=\"auto, (max-width: 563px) 100vw, 563px\" \/> <img loading=\"lazy\" decoding=\"async\" class=\"alignnone wp-image-85413 size-full\" src=\"http:\/\/10.200.87.50\/mppee\/wp-content\/uploads\/2021\/11\/Acto-vand\u00e1lico-contra-torre-de-energ\u00eda-en-Nueva-Esparta-ocasiona-interrupci\u00f3n-del-servicio-11.jpeg\" alt=\"\" width=\"563\" height=\"1000\" srcset=\"https:\/\/mppee.gob.ve\/wp-content\/uploads\/2021\/11\/Acto-vand\u00e1lico-contra-torre-de-energ\u00eda-en-Nueva-Esparta-ocasiona-interrupci\u00f3n-del-servicio-11.jpeg 563w, https:\/\/mppee.gob.ve\/wp-content\/uploads\/2021\/11\/Acto-vand\u00e1lico-contra-torre-de-energ\u00eda-en-Nueva-Esparta-ocasiona-interrupci\u00f3n-del-servicio-11-169x300.jpeg 169w\" sizes=\"auto, (max-width: 563px) 100vw, 563px\" \/> <img loading=\"lazy\" decoding=\"async\" class=\"alignnone wp-image-85411 size-full\" src=\"http:\/\/10.200.87.50\/mppee\/wp-content\/uploads\/2021\/11\/Acto-vand\u00e1lico-contra-torre-de-energ\u00eda-en-Nueva-Esparta-ocasiona-interrupci\u00f3n-del-servicio-9.jpeg\" alt=\"\" width=\"563\" height=\"1000\" srcset=\"https:\/\/mppee.gob.ve\/wp-content\/uploads\/2021\/11\/Acto-vand\u00e1lico-contra-torre-de-energ\u00eda-en-Nueva-Esparta-ocasiona-interrupci\u00f3n-del-servicio-9.jpeg 563w, https:\/\/mppee.gob.ve\/wp-content\/uploads\/2021\/11\/Acto-vand\u00e1lico-contra-torre-de-energ\u00eda-en-Nueva-Esparta-ocasiona-interrupci\u00f3n-del-servicio-9-169x300.jpeg 169w\" sizes=\"auto, (max-width: 563px) 100vw, 563px\" \/> <img loading=\"lazy\" decoding=\"async\" class=\"alignnone wp-image-85410 size-full\" src=\"http:\/\/10.200.87.50\/mppee\/wp-content\/uploads\/2021\/11\/Acto-vand\u00e1lico-contra-torre-de-energ\u00eda-en-Nueva-Esparta-ocasiona-interrupci\u00f3n-del-servicio-8.jpeg\" alt=\"\" width=\"1000\" height=\"563\" srcset=\"https:\/\/mppee.gob.ve\/wp-content\/uploads\/2021\/11\/Acto-vand\u00e1lico-contra-torre-de-energ\u00eda-en-Nueva-Esparta-ocasiona-interrupci\u00f3n-del-servicio-8.jpeg 1000w, https:\/\/mppee.gob.ve\/wp-content\/uploads\/2021\/11\/Acto-vand\u00e1lico-contra-torre-de-energ\u00eda-en-Nueva-Esparta-ocasiona-interrupci\u00f3n-del-servicio-8-300x169.jpeg 300w, https:\/\/mppee.gob.ve\/wp-content\/uploads\/2021\/11\/Acto-vand\u00e1lico-contra-torre-de-energ\u00eda-en-Nueva-Esparta-ocasiona-interrupci\u00f3n-del-servicio-8-768x432.jpeg 768w\" sizes=\"auto, (max-width: 1000px) 100vw, 1000px\" \/> <img loading=\"lazy\" decoding=\"async\" class=\"alignnone wp-image-85409 size-full\" src=\"http:\/\/10.200.87.50\/mppee\/wp-content\/uploads\/2021\/11\/Acto-vand\u00e1lico-contra-torre-de-energ\u00eda-en-Nueva-Esparta-ocasiona-interrupci\u00f3n-del-servicio-7.jpeg\" alt=\"\" width=\"563\" height=\"1000\" srcset=\"https:\/\/mppee.gob.ve\/wp-content\/uploads\/2021\/11\/Acto-vand\u00e1lico-contra-torre-de-energ\u00eda-en-Nueva-Esparta-ocasiona-interrupci\u00f3n-del-servicio-7.jpeg 563w, https:\/\/mppee.gob.ve\/wp-content\/uploads\/2021\/11\/Acto-vand\u00e1lico-contra-torre-de-energ\u00eda-en-Nueva-Esparta-ocasiona-interrupci\u00f3n-del-servicio-7-169x300.jpeg 169w\" sizes=\"auto, (max-width: 563px) 100vw, 563px\" \/> <img loading=\"lazy\" decoding=\"async\" class=\"alignnone wp-image-85408 size-full\" src=\"http:\/\/10.200.87.50\/mppee\/wp-content\/uploads\/2021\/11\/Acto-vand\u00e1lico-contra-torre-de-energ\u00eda-en-Nueva-Esparta-ocasiona-interrupci\u00f3n-del-servicio-6.jpeg\" alt=\"\" width=\"1000\" height=\"563\" srcset=\"https:\/\/mppee.gob.ve\/wp-content\/uploads\/2021\/11\/Acto-vand\u00e1lico-contra-torre-de-energ\u00eda-en-Nueva-Esparta-ocasiona-interrupci\u00f3n-del-servicio-6.jpeg 1000w, https:\/\/mppee.gob.ve\/wp-content\/uploads\/2021\/11\/Acto-vand\u00e1lico-contra-torre-de-energ\u00eda-en-Nueva-Esparta-ocasiona-interrupci\u00f3n-del-servicio-6-300x169.jpeg 300w, https:\/\/mppee.gob.ve\/wp-content\/uploads\/2021\/11\/Acto-vand\u00e1lico-contra-torre-de-energ\u00eda-en-Nueva-Esparta-ocasiona-interrupci\u00f3n-del-servicio-6-768x432.jpeg 768w\" sizes=\"auto, (max-width: 1000px) 100vw, 1000px\" \/> <img loading=\"lazy\" decoding=\"async\" class=\"alignnone wp-image-85406 size-full\" src=\"http:\/\/10.200.87.50\/mppee\/wp-content\/uploads\/2021\/11\/Acto-vand\u00e1lico-contra-torre-de-energ\u00eda-en-Nueva-Esparta-ocasiona-interrupci\u00f3n-del-servicio-4.jpeg\" alt=\"\" width=\"1000\" height=\"563\" srcset=\"https:\/\/mppee.gob.ve\/wp-content\/uploads\/2021\/11\/Acto-vand\u00e1lico-contra-torre-de-energ\u00eda-en-Nueva-Esparta-ocasiona-interrupci\u00f3n-del-servicio-4.jpeg 1000w, https:\/\/mppee.gob.ve\/wp-content\/uploads\/2021\/11\/Acto-vand\u00e1lico-contra-torre-de-energ\u00eda-en-Nueva-Esparta-ocasiona-interrupci\u00f3n-del-servicio-4-300x169.jpeg 300w, https:\/\/mppee.gob.ve\/wp-content\/uploads\/2021\/11\/Acto-vand\u00e1lico-contra-torre-de-energ\u00eda-en-Nueva-Esparta-ocasiona-interrupci\u00f3n-del-servicio-4-768x432.jpeg 768w\" sizes=\"auto, (max-width: 1000px) 100vw, 1000px\" \/> <img loading=\"lazy\" decoding=\"async\" class=\"alignnone wp-image-85403 size-full\" src=\"http:\/\/10.200.87.50\/mppee\/wp-content\/uploads\/2021\/11\/Acto-vand\u00e1lico-contra-torre-de-energ\u00eda-en-Nueva-Esparta-ocasiona-interrupci\u00f3n-del-servicio-1.jpeg\" alt=\"\" width=\"1000\" height=\"563\" srcset=\"https:\/\/mppee.gob.ve\/wp-content\/uploads\/2021\/11\/Acto-vand\u00e1lico-contra-torre-de-energ\u00eda-en-Nueva-Esparta-ocasiona-interrupci\u00f3n-del-servicio-1.jpeg 1000w, https:\/\/mppee.gob.ve\/wp-content\/uploads\/2021\/11\/Acto-vand\u00e1lico-contra-torre-de-energ\u00eda-en-Nueva-Esparta-ocasiona-interrupci\u00f3n-del-servicio-1-300x169.jpeg 300w, https:\/\/mppee.gob.ve\/wp-content\/uploads\/2021\/11\/Acto-vand\u00e1lico-contra-torre-de-energ\u00eda-en-Nueva-Esparta-ocasiona-interrupci\u00f3n-del-servicio-1-768x432.jpeg 768w\" sizes=\"auto, (max-width: 1000px) 100vw, 1000px\" \/><\/p>\n","protected":false},"excerpt":{"rendered":"<p>El vicepresidente Sectorial de Obras P\u00fablicas y Servicios, G\/J N\u00e9stor Reverol, inform\u00f3 un acto vand\u00e1lico contra una torre de energ\u00eda<\/p>\n","protected":false},"author":12,"featured_media":85405,"comment_status":"open","ping_status":"open","sticky":false,"template":"","format":"standard","meta":{"footnotes":""},"categories":[15],"tags":[11],"class_list":["post-85402","post","type-post","status-publish","format-standard","has-post-thumbnail","hentry","category-nacionales","tag-mppee"],"_links":{"self":[{"href":"https:\/\/mppee.gob.ve\/index.php?rest_route=\/wp\/v2\/posts\/85402","targetHints":{"allow":["GET"]}}],"collection":[{"href":"https:\/\/mppee.gob.ve\/index.php?rest_route=\/wp\/v2\/posts"}],"about":[{"href":"https:\/\/mppee.gob.ve\/index.php?rest_route=\/wp\/v2\/types\/post"}],"author":[{"embeddable":true,"href":"https:\/\/mppee.gob.ve\/index.php?rest_route=\/wp\/v2\/users\/12"}],"replies":[{"embeddable":true,"href":"https:\/\/mppee.gob.ve\/index.php?rest_route=%2Fwp%2Fv2%2Fcomments&post=85402"}],"version-history":[{"count":1,"href":"https:\/\/mppee.gob.ve\/index.php?rest_route=\/wp\/v2\/posts\/85402\/revisions"}],"predecessor-version":[{"id":85416,"href":"https:\/\/mppee.gob.ve\/index.php?rest_route=\/wp\/v2\/posts\/85402\/revisions\/85416"}],"wp:featuredmedia":[{"embeddable":true,"href":"https:\/\/mppee.gob.ve\/index.php?rest_route=\/wp\/v2\/media\/85405"}],"wp:attachment":[{"href":"https:\/\/mppee.gob.ve\/index.php?rest_route=%2Fwp%2Fv2%2Fmedia&parent=85402"}],"wp:term":[{"taxonomy":"category","embeddable":true,"href":"https:\/\/mppee.gob.ve\/index.php?rest_route=%2Fwp%2Fv2%2Fcategories&post=85402"},{"taxonomy":"post_tag","embeddable":true,"href":"https:\/\/mppee.gob.ve\/index.php?rest_route=%2Fwp%2Fv2%2Ftags&post=85402"}],"curies":[{"name":"wp","href":"https:\/\/api.w.org\/{rel}","templated":true}]}}