{"id":85462,"date":"2021-11-04T16:24:00","date_gmt":"2021-11-04T16:24:00","guid":{"rendered":"http:\/\/10.200.87.50\/mppee\/?p=85462"},"modified":"2021-11-05T16:32:09","modified_gmt":"2021-11-05T16:32:09","slug":"realizan-labores-de-reparacion-en-subestacion-electrica-chivacoa-en-tiempo-record","status":"publish","type":"post","link":"https:\/\/mppee.gob.ve\/?p=85462","title":{"rendered":"Realizan labores de reparaci\u00f3n en subestaci\u00f3n el\u00e9ctrica Chivacoa en tiempo record"},"content":{"rendered":"<p style=\"text-align: justify;\"><img loading=\"lazy\" decoding=\"async\" class=\"wp-image-85469 size-medium alignleft\" src=\"http:\/\/10.200.87.50\/mppee\/wp-content\/uploads\/2021\/11\/Realizan-labores-de-reparaci\u00f3n-en-subestaci\u00f3n-el\u00e9ctrica-Chivacoa-en-tiempo-record-7-300x200.jpeg\" alt=\"\" width=\"300\" height=\"200\" srcset=\"https:\/\/mppee.gob.ve\/wp-content\/uploads\/2021\/11\/Realizan-labores-de-reparaci\u00f3n-en-subestaci\u00f3n-el\u00e9ctrica-Chivacoa-en-tiempo-record-7-300x200.jpeg 300w, https:\/\/mppee.gob.ve\/wp-content\/uploads\/2021\/11\/Realizan-labores-de-reparaci\u00f3n-en-subestaci\u00f3n-el\u00e9ctrica-Chivacoa-en-tiempo-record-7-768x512.jpeg 768w, https:\/\/mppee.gob.ve\/wp-content\/uploads\/2021\/11\/Realizan-labores-de-reparaci\u00f3n-en-subestaci\u00f3n-el\u00e9ctrica-Chivacoa-en-tiempo-record-7.jpeg 912w\" sizes=\"auto, (max-width: 300px) 100vw, 300px\" \/>El vicepresidente sectorial de Obras P\u00fablicas y Servicios, G\/J N\u00e9stor Reverol, realiz\u00f3 un recorrido por la Subestaci\u00f3n Chivacoa, donde se realiza una importante reparaci\u00f3n y recuperaci\u00f3n ejecutada por centinelas de la Corporaci\u00f3n El\u00e9ctrica Nacional (Corpoelec), que ayudar\u00e1 a la estabilizaci\u00f3n del servicio en estado Yaracuy.<\/p>\n<p>As\u00ed lo inform\u00f3 en una publicaci\u00f3n en su cuenta en la red social Instagram @reverolnestor. <strong>\u201cNos encontramos aqu\u00ed con los m\u00e1s de 60 trabajadores que participaron en la recuperaci\u00f3n de esta Subestaci\u00f3n, en tiempo record, que sufri\u00f3 una afectaci\u00f3n en el transformador principal\u201d<\/strong>, dijo.<\/p>\n<p>Destac\u00f3 que se cambiaron dos bushing, tres interruptores y nueve seccionadores, que ayudan a la energizaci\u00f3n de la Subestaci\u00f3n, y que la pr\u00f3xima semana se entregar\u00e1 un transformador que se ensambla en la Subestaci\u00f3n La Orquesta, ubicada en el estado Aragua, y que ser\u00e1 para la Subestaci\u00f3n Chivacoa.<\/p>\n<p><strong><img loading=\"lazy\" decoding=\"async\" class=\"size-medium wp-image-85470 alignright\" src=\"http:\/\/10.200.87.50\/mppee\/wp-content\/uploads\/2021\/11\/Realizan-labores-de-reparaci\u00f3n-en-subestaci\u00f3n-el\u00e9ctrica-Chivacoa-en-tiempo-record-8-300x200.jpeg\" alt=\"\" width=\"300\" height=\"200\" srcset=\"https:\/\/mppee.gob.ve\/wp-content\/uploads\/2021\/11\/Realizan-labores-de-reparaci\u00f3n-en-subestaci\u00f3n-el\u00e9ctrica-Chivacoa-en-tiempo-record-8-300x200.jpeg 300w, https:\/\/mppee.gob.ve\/wp-content\/uploads\/2021\/11\/Realizan-labores-de-reparaci\u00f3n-en-subestaci\u00f3n-el\u00e9ctrica-Chivacoa-en-tiempo-record-8-768x512.jpeg 768w, https:\/\/mppee.gob.ve\/wp-content\/uploads\/2021\/11\/Realizan-labores-de-reparaci\u00f3n-en-subestaci\u00f3n-el\u00e9ctrica-Chivacoa-en-tiempo-record-8.jpeg 912w\" sizes=\"auto, (max-width: 300px) 100vw, 300px\" \/>\u201cAqu\u00ed est\u00e1 Primitivo Arteaga, el jefe de Transmisi\u00f3n de Corpoelec en \u00a0Yaracuy, quien dirigi\u00f3 la operaci\u00f3n en 36 horas, en tiempo record, ya estamos haciendo las \u00faltimas maniobras para energizar la Subestaci\u00f3n y volver el sistema el\u00e9ctrico a las comunidades afectadas\u201d<\/strong>, expres\u00f3 Reverol Torres.<\/p>\n<p>En una segunda publicaci\u00f3n, el tambi\u00e9n Ministro del Poder Popular para la Energ\u00eda El\u00e9ctrica, inform\u00f3 \u00a0la entrega de 30 transformadores para garantizar que la generaci\u00f3n del servicio el\u00e9ctrico sea distribuida de manera efectiva y eficiente a las comunidades.<\/p>\n<p><strong>\u201cNos comprometimos con la entrega de 120 transformadores, hoy cumplimos con el primer lote de 30, la semana que viene enviamos otro lote de 30, y as\u00ed sucesivamente para ir solventando todas las necesidades de las comunidades\u201d<\/strong>, puntualiz\u00f3.<\/p>\n<p><img loading=\"lazy\" decoding=\"async\" class=\"size-medium wp-image-85468 alignleft\" src=\"http:\/\/10.200.87.50\/mppee\/wp-content\/uploads\/2021\/11\/Realizan-labores-de-reparaci\u00f3n-en-subestaci\u00f3n-el\u00e9ctrica-Chivacoa-en-tiempo-record-6-300x200.jpeg\" alt=\"\" width=\"300\" height=\"200\" srcset=\"https:\/\/mppee.gob.ve\/wp-content\/uploads\/2021\/11\/Realizan-labores-de-reparaci\u00f3n-en-subestaci\u00f3n-el\u00e9ctrica-Chivacoa-en-tiempo-record-6-300x200.jpeg 300w, https:\/\/mppee.gob.ve\/wp-content\/uploads\/2021\/11\/Realizan-labores-de-reparaci\u00f3n-en-subestaci\u00f3n-el\u00e9ctrica-Chivacoa-en-tiempo-record-6-768x512.jpeg 768w, https:\/\/mppee.gob.ve\/wp-content\/uploads\/2021\/11\/Realizan-labores-de-reparaci\u00f3n-en-subestaci\u00f3n-el\u00e9ctrica-Chivacoa-en-tiempo-record-6.jpeg 912w\" sizes=\"auto, (max-width: 300px) 100vw, 300px\" \/>Durante su recorrido en el estado Yaracuy, como parte del Plan de Visitas de Inspecci\u00f3n y Supervisi\u00f3n, tambi\u00e9n hizo la entrega de 120 mil bombillos LED para las diferentes comunidades organizadas. Exalt\u00f3 el trabajo desarrollado por el gobierno regional y local, d\u00f3nde se han instalado 23 mil puntos de alumbrado en la entidad, en un programa que inici\u00f3 el gobernador Julio Le\u00f3n Heredia, con los alcaldes, alcaldesas y Corpoelec que se llama <strong>\u201cYaracuy Iluminada\u201d<\/strong>.<\/p>\n<p><b>Prensa Mppee<\/b><\/p>\n<p><img loading=\"lazy\" decoding=\"async\" class=\"alignnone wp-image-85466 size-full\" src=\"http:\/\/10.200.87.50\/mppee\/wp-content\/uploads\/2021\/11\/Realizan-labores-de-reparaci\u00f3n-en-subestaci\u00f3n-el\u00e9ctrica-Chivacoa-en-tiempo-record-4.jpeg\" alt=\"\" width=\"912\" height=\"608\" srcset=\"https:\/\/mppee.gob.ve\/wp-content\/uploads\/2021\/11\/Realizan-labores-de-reparaci\u00f3n-en-subestaci\u00f3n-el\u00e9ctrica-Chivacoa-en-tiempo-record-4.jpeg 912w, https:\/\/mppee.gob.ve\/wp-content\/uploads\/2021\/11\/Realizan-labores-de-reparaci\u00f3n-en-subestaci\u00f3n-el\u00e9ctrica-Chivacoa-en-tiempo-record-4-300x200.jpeg 300w, https:\/\/mppee.gob.ve\/wp-content\/uploads\/2021\/11\/Realizan-labores-de-reparaci\u00f3n-en-subestaci\u00f3n-el\u00e9ctrica-Chivacoa-en-tiempo-record-4-768x512.jpeg 768w\" sizes=\"auto, (max-width: 912px) 100vw, 912px\" \/> <img loading=\"lazy\" decoding=\"async\" class=\"alignnone wp-image-85465 size-full\" src=\"http:\/\/10.200.87.50\/mppee\/wp-content\/uploads\/2021\/11\/Realizan-labores-de-reparaci\u00f3n-en-subestaci\u00f3n-el\u00e9ctrica-Chivacoa-en-tiempo-record-3.jpeg\" alt=\"\" width=\"912\" height=\"608\" srcset=\"https:\/\/mppee.gob.ve\/wp-content\/uploads\/2021\/11\/Realizan-labores-de-reparaci\u00f3n-en-subestaci\u00f3n-el\u00e9ctrica-Chivacoa-en-tiempo-record-3.jpeg 912w, https:\/\/mppee.gob.ve\/wp-content\/uploads\/2021\/11\/Realizan-labores-de-reparaci\u00f3n-en-subestaci\u00f3n-el\u00e9ctrica-Chivacoa-en-tiempo-record-3-300x200.jpeg 300w, https:\/\/mppee.gob.ve\/wp-content\/uploads\/2021\/11\/Realizan-labores-de-reparaci\u00f3n-en-subestaci\u00f3n-el\u00e9ctrica-Chivacoa-en-tiempo-record-3-768x512.jpeg 768w\" sizes=\"auto, (max-width: 912px) 100vw, 912px\" \/> <img loading=\"lazy\" decoding=\"async\" class=\"alignnone wp-image-85464 size-full\" src=\"http:\/\/10.200.87.50\/mppee\/wp-content\/uploads\/2021\/11\/Realizan-labores-de-reparaci\u00f3n-en-subestaci\u00f3n-el\u00e9ctrica-Chivacoa-en-tiempo-record-2.jpeg\" alt=\"\" width=\"1080\" height=\"803\" srcset=\"https:\/\/mppee.gob.ve\/wp-content\/uploads\/2021\/11\/Realizan-labores-de-reparaci\u00f3n-en-subestaci\u00f3n-el\u00e9ctrica-Chivacoa-en-tiempo-record-2.jpeg 1080w, https:\/\/mppee.gob.ve\/wp-content\/uploads\/2021\/11\/Realizan-labores-de-reparaci\u00f3n-en-subestaci\u00f3n-el\u00e9ctrica-Chivacoa-en-tiempo-record-2-300x223.jpeg 300w, https:\/\/mppee.gob.ve\/wp-content\/uploads\/2021\/11\/Realizan-labores-de-reparaci\u00f3n-en-subestaci\u00f3n-el\u00e9ctrica-Chivacoa-en-tiempo-record-2-1024x761.jpeg 1024w, https:\/\/mppee.gob.ve\/wp-content\/uploads\/2021\/11\/Realizan-labores-de-reparaci\u00f3n-en-subestaci\u00f3n-el\u00e9ctrica-Chivacoa-en-tiempo-record-2-768x571.jpeg 768w\" sizes=\"auto, (max-width: 1080px) 100vw, 1080px\" \/> <img loading=\"lazy\" decoding=\"async\" class=\"alignnone wp-image-85463 size-full\" src=\"http:\/\/10.200.87.50\/mppee\/wp-content\/uploads\/2021\/11\/Realizan-labores-de-reparaci\u00f3n-en-subestaci\u00f3n-el\u00e9ctrica-Chivacoa-en-tiempo-record-1.jpeg\" alt=\"\" width=\"912\" height=\"608\" srcset=\"https:\/\/mppee.gob.ve\/wp-content\/uploads\/2021\/11\/Realizan-labores-de-reparaci\u00f3n-en-subestaci\u00f3n-el\u00e9ctrica-Chivacoa-en-tiempo-record-1.jpeg 912w, https:\/\/mppee.gob.ve\/wp-content\/uploads\/2021\/11\/Realizan-labores-de-reparaci\u00f3n-en-subestaci\u00f3n-el\u00e9ctrica-Chivacoa-en-tiempo-record-1-300x200.jpeg 300w, https:\/\/mppee.gob.ve\/wp-content\/uploads\/2021\/11\/Realizan-labores-de-reparaci\u00f3n-en-subestaci\u00f3n-el\u00e9ctrica-Chivacoa-en-tiempo-record-1-768x512.jpeg 768w\" sizes=\"auto, (max-width: 912px) 100vw, 912px\" \/><\/p>\n","protected":false},"excerpt":{"rendered":"<p>El vicepresidente sectorial de Obras P\u00fablicas y Servicios, G\/J N\u00e9stor Reverol, realiz\u00f3 un recorrido por la Subestaci\u00f3n Chivacoa, donde se<\/p>\n","protected":false},"author":12,"featured_media":85467,"comment_status":"open","ping_status":"open","sticky":false,"template":"","format":"standard","meta":{"footnotes":""},"categories":[30],"tags":[],"class_list":["post-85462","post","type-post","status-publish","format-standard","has-post-thumbnail","hentry","category-regionales"],"_links":{"self":[{"href":"https:\/\/mppee.gob.ve\/index.php?rest_route=\/wp\/v2\/posts\/85462","targetHints":{"allow":["GET"]}}],"collection":[{"href":"https:\/\/mppee.gob.ve\/index.php?rest_route=\/wp\/v2\/posts"}],"about":[{"href":"https:\/\/mppee.gob.ve\/index.php?rest_route=\/wp\/v2\/types\/post"}],"author":[{"embeddable":true,"href":"https:\/\/mppee.gob.ve\/index.php?rest_route=\/wp\/v2\/users\/12"}],"replies":[{"embeddable":true,"href":"https:\/\/mppee.gob.ve\/index.php?rest_route=%2Fwp%2Fv2%2Fcomments&post=85462"}],"version-history":[{"count":1,"href":"https:\/\/mppee.gob.ve\/index.php?rest_route=\/wp\/v2\/posts\/85462\/revisions"}],"predecessor-version":[{"id":85471,"href":"https:\/\/mppee.gob.ve\/index.php?rest_route=\/wp\/v2\/posts\/85462\/revisions\/85471"}],"wp:featuredmedia":[{"embeddable":true,"href":"https:\/\/mppee.gob.ve\/index.php?rest_route=\/wp\/v2\/media\/85467"}],"wp:attachment":[{"href":"https:\/\/mppee.gob.ve\/index.php?rest_route=%2Fwp%2Fv2%2Fmedia&parent=85462"}],"wp:term":[{"taxonomy":"category","embeddable":true,"href":"https:\/\/mppee.gob.ve\/index.php?rest_route=%2Fwp%2Fv2%2Fcategories&post=85462"},{"taxonomy":"post_tag","embeddable":true,"href":"https:\/\/mppee.gob.ve\/index.php?rest_route=%2Fwp%2Fv2%2Ftags&post=85462"}],"curies":[{"name":"wp","href":"https:\/\/api.w.org\/{rel}","templated":true}]}}