{"id":85472,"date":"2021-11-04T16:34:00","date_gmt":"2021-11-04T16:34:00","guid":{"rendered":"http:\/\/10.200.87.50\/mppee\/?p=85472"},"modified":"2021-11-05T19:05:57","modified_gmt":"2021-11-05T19:05:57","slug":"expo-tecnologia-aeronautica-2021-abre-el-corazon-aeroespacial-al-mundo","status":"publish","type":"post","link":"https:\/\/mppee.gob.ve\/?p=85472","title":{"rendered":"Expo Tecnolog\u00eda Aeron\u00e1utica 2021 abre el coraz\u00f3n aeroespacial al mundo"},"content":{"rendered":"<p style=\"text-align: justify;\"><img loading=\"lazy\" decoding=\"async\" class=\"size-medium wp-image-85482 alignleft\" src=\"http:\/\/10.200.87.50\/mppee\/wp-content\/uploads\/2021\/11\/Expo-Tecnolog\u00eda-Aeron\u00e1utica-2021-abre-el-coraz\u00f3n-aeroespacial-al-mundo-10-300x151.jpeg\" alt=\"\" width=\"300\" height=\"151\" srcset=\"https:\/\/mppee.gob.ve\/wp-content\/uploads\/2021\/11\/Expo-Tecnolog\u00eda-Aeron\u00e1utica-2021-abre-el-coraz\u00f3n-aeroespacial-al-mundo-10-300x151.jpeg 300w, https:\/\/mppee.gob.ve\/wp-content\/uploads\/2021\/11\/Expo-Tecnolog\u00eda-Aeron\u00e1utica-2021-abre-el-coraz\u00f3n-aeroespacial-al-mundo-10-1024x516.jpeg 1024w, https:\/\/mppee.gob.ve\/wp-content\/uploads\/2021\/11\/Expo-Tecnolog\u00eda-Aeron\u00e1utica-2021-abre-el-coraz\u00f3n-aeroespacial-al-mundo-10-768x387.jpeg 768w, https:\/\/mppee.gob.ve\/wp-content\/uploads\/2021\/11\/Expo-Tecnolog\u00eda-Aeron\u00e1utica-2021-abre-el-coraz\u00f3n-aeroespacial-al-mundo-10.jpeg 1080w\" sizes=\"auto, (max-width: 300px) 100vw, 300px\" \/>Con el prop\u00f3sito de dar a conocer las diversas actividades que desde la industria aeron\u00e1utica se desarrollan en Venezuela y promover la integraci\u00f3n de los sectores aeroespaciales civiles y comerciales, fue inaugurada la Expo Tecnolog\u00eda Aeron\u00e1utica 2021.<\/p>\n<p><strong>\u201cEstamos en esta maravillosa exposici\u00f3n, donde estas empresas apuestan por nuestro pa\u00eds, en lo que llamamos la nueva \u00e9poca de transformaci\u00f3n, de establecer alianzas estrat\u00e9gicas, adem\u00e1s de definir y diversificar el intercambio econ\u00f3mico y comercial de importaciones y exportaciones para Venezuela\u201d<\/strong>, indic\u00f3 el vicepresidente sectorial de Obras P\u00fablicas y Servicios, G\/J N\u00e9stor Reverol.<\/p>\n<p>Desde el Sal\u00f3n de Eventos del Centro Comercial Parque Los Aviadores, en Maracay, estado Aragua, explic\u00f3 la importancia de construir asociaciones importantes con el centro de conexi\u00f3n de pasajeros.<\/p>\n<p><strong><img loading=\"lazy\" decoding=\"async\" class=\"size-medium wp-image-85481 alignright\" src=\"http:\/\/10.200.87.50\/mppee\/wp-content\/uploads\/2021\/11\/Expo-Tecnolog\u00eda-Aeron\u00e1utica-2021-abre-el-coraz\u00f3n-aeroespacial-al-mundo-9-300x167.jpeg\" alt=\"\" width=\"300\" height=\"167\" srcset=\"https:\/\/mppee.gob.ve\/wp-content\/uploads\/2021\/11\/Expo-Tecnolog\u00eda-Aeron\u00e1utica-2021-abre-el-coraz\u00f3n-aeroespacial-al-mundo-9-300x167.jpeg 300w, https:\/\/mppee.gob.ve\/wp-content\/uploads\/2021\/11\/Expo-Tecnolog\u00eda-Aeron\u00e1utica-2021-abre-el-coraz\u00f3n-aeroespacial-al-mundo-9-1024x569.jpeg 1024w, https:\/\/mppee.gob.ve\/wp-content\/uploads\/2021\/11\/Expo-Tecnolog\u00eda-Aeron\u00e1utica-2021-abre-el-coraz\u00f3n-aeroespacial-al-mundo-9-768x427.jpeg 768w, https:\/\/mppee.gob.ve\/wp-content\/uploads\/2021\/11\/Expo-Tecnolog\u00eda-Aeron\u00e1utica-2021-abre-el-coraz\u00f3n-aeroespacial-al-mundo-9-800x445.jpeg 800w, https:\/\/mppee.gob.ve\/wp-content\/uploads\/2021\/11\/Expo-Tecnolog\u00eda-Aeron\u00e1utica-2021-abre-el-coraz\u00f3n-aeroespacial-al-mundo-9.jpeg 1080w\" sizes=\"auto, (max-width: 300px) 100vw, 300px\" \/>\u201cPor ejemplo, trabajar sobre un sistema integral de boleter\u00eda, de reserva, de estandarizaci\u00f3n de precios; pluralizar las rutas internacionales hacia Centroam\u00e9rica, Suram\u00e9rica y el Caribe\u201d<\/strong>, dijo Reverol Torres.<\/p>\n<p>Destac\u00f3 la importancia de poseer aeropuertos que sean \u00fanica y exclusivamente destinados al sector de turismo, as\u00ed como tambi\u00e9n tener un centro de conexi\u00f3n de carga.<\/p>\n<p><strong>\u201cEl estado Aragua posee ese proyecto, queremos que sea el epicentro de un aeropuerto internacional de transporte de carga para ir y diversificar el intercambio econ\u00f3mico y comercial de importaciones y exportaciones, de manera r\u00e1pida y m\u00e1s econ\u00f3mica\u201d<\/strong>, explic\u00f3.<\/p>\n<p>Refiri\u00f3 que la Expo Tecnolog\u00eda Aeron\u00e1utica 2021, tiene centros de negociaci\u00f3n, de alianzas estrat\u00e9gicas, que permitir\u00e1 el reimpulso del sector aeron\u00e1utico.<\/p>\n<p><img loading=\"lazy\" decoding=\"async\" class=\"size-medium wp-image-85480 alignleft\" src=\"http:\/\/10.200.87.50\/mppee\/wp-content\/uploads\/2021\/11\/Expo-Tecnolog\u00eda-Aeron\u00e1utica-2021-abre-el-coraz\u00f3n-aeroespacial-al-mundo-8-300x174.jpeg\" alt=\"\" width=\"300\" height=\"174\" srcset=\"https:\/\/mppee.gob.ve\/wp-content\/uploads\/2021\/11\/Expo-Tecnolog\u00eda-Aeron\u00e1utica-2021-abre-el-coraz\u00f3n-aeroespacial-al-mundo-8-300x174.jpeg 300w, https:\/\/mppee.gob.ve\/wp-content\/uploads\/2021\/11\/Expo-Tecnolog\u00eda-Aeron\u00e1utica-2021-abre-el-coraz\u00f3n-aeroespacial-al-mundo-8-1024x594.jpeg 1024w, https:\/\/mppee.gob.ve\/wp-content\/uploads\/2021\/11\/Expo-Tecnolog\u00eda-Aeron\u00e1utica-2021-abre-el-coraz\u00f3n-aeroespacial-al-mundo-8-768x445.jpeg 768w, https:\/\/mppee.gob.ve\/wp-content\/uploads\/2021\/11\/Expo-Tecnolog\u00eda-Aeron\u00e1utica-2021-abre-el-coraz\u00f3n-aeroespacial-al-mundo-8.jpeg 1080w\" sizes=\"auto, (max-width: 300px) 100vw, 300px\" \/>Gracias al objetivo de <strong>\u201cAbrir el Coraz\u00f3n Aeroespacial al Mundo\u201d<\/strong>, la Expo Tecnolog\u00eda Aeron\u00e1utica cuenta con m\u00e1s de 15 mil metros cuadrados de exhibici\u00f3n, m\u00e1s de 400 stands y con m\u00e1s de 800 expositores.<\/p>\n<p>En esta actividad participan el Centro de Instrucci\u00f3n Aeron\u00e1utica Civil (Ciac); aviaci\u00f3n civil, comercial y de defensa; escuelas aeron\u00e1uticas; universidades y academias; hosteler\u00eda; turismo, agencias de viaje; seguridad a\u00e9rea y organismos aeron\u00e1uticos, entre otros.<\/p>\n<p>Cabe destacar, que los visitantes deben cumplir con los protocolos de bioseguridad contra la COVID-19 y as\u00ed podr\u00e1n disfrutar de conferencias de alto impacto, encuentros de negocios, espect\u00e1culos a\u00e9reos, presentaciones musicales, entre otras atracciones para el p\u00fablico.<\/p>\n<p><img loading=\"lazy\" decoding=\"async\" class=\"size-medium wp-image-85479 alignright\" src=\"http:\/\/10.200.87.50\/mppee\/wp-content\/uploads\/2021\/11\/Expo-Tecnolog\u00eda-Aeron\u00e1utica-2021-abre-el-coraz\u00f3n-aeroespacial-al-mundo-7-300x147.jpeg\" alt=\"\" width=\"300\" height=\"147\" srcset=\"https:\/\/mppee.gob.ve\/wp-content\/uploads\/2021\/11\/Expo-Tecnolog\u00eda-Aeron\u00e1utica-2021-abre-el-coraz\u00f3n-aeroespacial-al-mundo-7-300x147.jpeg 300w, https:\/\/mppee.gob.ve\/wp-content\/uploads\/2021\/11\/Expo-Tecnolog\u00eda-Aeron\u00e1utica-2021-abre-el-coraz\u00f3n-aeroespacial-al-mundo-7-1024x503.jpeg 1024w, https:\/\/mppee.gob.ve\/wp-content\/uploads\/2021\/11\/Expo-Tecnolog\u00eda-Aeron\u00e1utica-2021-abre-el-coraz\u00f3n-aeroespacial-al-mundo-7-768x377.jpeg 768w, https:\/\/mppee.gob.ve\/wp-content\/uploads\/2021\/11\/Expo-Tecnolog\u00eda-Aeron\u00e1utica-2021-abre-el-coraz\u00f3n-aeroespacial-al-mundo-7.jpeg 1080w\" sizes=\"auto, (max-width: 300px) 100vw, 300px\" \/>En la inauguraci\u00f3n de la Expo Tecnolog\u00eda Aeron\u00e1utica 2021 estuvo presente el Ministro del Poder Popular para el Transporte, Hip\u00f3lito Abreu, el Comandante General de la Aviaci\u00f3n Militar Bolivariana, Jos\u00e9 Silva Aponte, la Gobernadora (E) del estado Aragua, Daniela Gonz\u00e1lez, viceministros, alcaldes y funcionarios de la Fuerza Armada Nacional Bolivariana.<\/p>\n<p>Venezuela tierra con herencia de Caribes, en sus antepasados abor\u00edgenes y herencia de libertadores y libertadoras, se caracteriza por su solidaridad y en el marco de esa solidaridad invita a todo el pueblo venezolano, especialmente de Aragua a que visite la ExpoTecnolog\u00eda Aeron\u00e1utica 2021.<\/p>\n<p><b>Prensa Vpsops<\/b><\/p>\n<p><img loading=\"lazy\" decoding=\"async\" class=\"alignnone wp-image-85478 size-full\" src=\"http:\/\/10.200.87.50\/mppee\/wp-content\/uploads\/2021\/11\/Expo-Tecnolog\u00eda-Aeron\u00e1utica-2021-abre-el-coraz\u00f3n-aeroespacial-al-mundo-6.jpeg\" alt=\"\" width=\"1080\" height=\"615\" srcset=\"https:\/\/mppee.gob.ve\/wp-content\/uploads\/2021\/11\/Expo-Tecnolog\u00eda-Aeron\u00e1utica-2021-abre-el-coraz\u00f3n-aeroespacial-al-mundo-6.jpeg 1080w, https:\/\/mppee.gob.ve\/wp-content\/uploads\/2021\/11\/Expo-Tecnolog\u00eda-Aeron\u00e1utica-2021-abre-el-coraz\u00f3n-aeroespacial-al-mundo-6-300x171.jpeg 300w, https:\/\/mppee.gob.ve\/wp-content\/uploads\/2021\/11\/Expo-Tecnolog\u00eda-Aeron\u00e1utica-2021-abre-el-coraz\u00f3n-aeroespacial-al-mundo-6-1024x583.jpeg 1024w, https:\/\/mppee.gob.ve\/wp-content\/uploads\/2021\/11\/Expo-Tecnolog\u00eda-Aeron\u00e1utica-2021-abre-el-coraz\u00f3n-aeroespacial-al-mundo-6-768x437.jpeg 768w\" sizes=\"auto, (max-width: 1080px) 100vw, 1080px\" \/> <img loading=\"lazy\" decoding=\"async\" class=\"alignnone wp-image-85477 size-full\" src=\"http:\/\/10.200.87.50\/mppee\/wp-content\/uploads\/2021\/11\/Expo-Tecnolog\u00eda-Aeron\u00e1utica-2021-abre-el-coraz\u00f3n-aeroespacial-al-mundo-5.jpeg\" alt=\"\" width=\"1080\" height=\"588\" srcset=\"https:\/\/mppee.gob.ve\/wp-content\/uploads\/2021\/11\/Expo-Tecnolog\u00eda-Aeron\u00e1utica-2021-abre-el-coraz\u00f3n-aeroespacial-al-mundo-5.jpeg 1080w, https:\/\/mppee.gob.ve\/wp-content\/uploads\/2021\/11\/Expo-Tecnolog\u00eda-Aeron\u00e1utica-2021-abre-el-coraz\u00f3n-aeroespacial-al-mundo-5-300x163.jpeg 300w, https:\/\/mppee.gob.ve\/wp-content\/uploads\/2021\/11\/Expo-Tecnolog\u00eda-Aeron\u00e1utica-2021-abre-el-coraz\u00f3n-aeroespacial-al-mundo-5-1024x558.jpeg 1024w, https:\/\/mppee.gob.ve\/wp-content\/uploads\/2021\/11\/Expo-Tecnolog\u00eda-Aeron\u00e1utica-2021-abre-el-coraz\u00f3n-aeroespacial-al-mundo-5-768x418.jpeg 768w\" sizes=\"auto, (max-width: 1080px) 100vw, 1080px\" \/> <img loading=\"lazy\" decoding=\"async\" class=\"alignnone wp-image-85476 size-full\" src=\"http:\/\/10.200.87.50\/mppee\/wp-content\/uploads\/2021\/11\/Expo-Tecnolog\u00eda-Aeron\u00e1utica-2021-abre-el-coraz\u00f3n-aeroespacial-al-mundo-4.jpeg\" alt=\"\" width=\"885\" height=\"800\" srcset=\"https:\/\/mppee.gob.ve\/wp-content\/uploads\/2021\/11\/Expo-Tecnolog\u00eda-Aeron\u00e1utica-2021-abre-el-coraz\u00f3n-aeroespacial-al-mundo-4.jpeg 885w, https:\/\/mppee.gob.ve\/wp-content\/uploads\/2021\/11\/Expo-Tecnolog\u00eda-Aeron\u00e1utica-2021-abre-el-coraz\u00f3n-aeroespacial-al-mundo-4-300x271.jpeg 300w, https:\/\/mppee.gob.ve\/wp-content\/uploads\/2021\/11\/Expo-Tecnolog\u00eda-Aeron\u00e1utica-2021-abre-el-coraz\u00f3n-aeroespacial-al-mundo-4-768x694.jpeg 768w\" sizes=\"auto, (max-width: 885px) 100vw, 885px\" \/> <img loading=\"lazy\" decoding=\"async\" class=\"alignnone wp-image-85475 size-full\" src=\"http:\/\/10.200.87.50\/mppee\/wp-content\/uploads\/2021\/11\/Expo-Tecnolog\u00eda-Aeron\u00e1utica-2021-abre-el-coraz\u00f3n-aeroespacial-al-mundo-3.jpeg\" alt=\"\" width=\"1080\" height=\"768\" srcset=\"https:\/\/mppee.gob.ve\/wp-content\/uploads\/2021\/11\/Expo-Tecnolog\u00eda-Aeron\u00e1utica-2021-abre-el-coraz\u00f3n-aeroespacial-al-mundo-3.jpeg 1080w, https:\/\/mppee.gob.ve\/wp-content\/uploads\/2021\/11\/Expo-Tecnolog\u00eda-Aeron\u00e1utica-2021-abre-el-coraz\u00f3n-aeroespacial-al-mundo-3-300x213.jpeg 300w, https:\/\/mppee.gob.ve\/wp-content\/uploads\/2021\/11\/Expo-Tecnolog\u00eda-Aeron\u00e1utica-2021-abre-el-coraz\u00f3n-aeroespacial-al-mundo-3-1024x728.jpeg 1024w, https:\/\/mppee.gob.ve\/wp-content\/uploads\/2021\/11\/Expo-Tecnolog\u00eda-Aeron\u00e1utica-2021-abre-el-coraz\u00f3n-aeroespacial-al-mundo-3-768x546.jpeg 768w\" sizes=\"auto, (max-width: 1080px) 100vw, 1080px\" \/> <img loading=\"lazy\" decoding=\"async\" class=\"alignnone wp-image-85474 size-full\" src=\"http:\/\/10.200.87.50\/mppee\/wp-content\/uploads\/2021\/11\/Expo-Tecnolog\u00eda-Aeron\u00e1utica-2021-abre-el-coraz\u00f3n-aeroespacial-al-mundo-2.jpeg\" alt=\"\" width=\"1080\" height=\"727\" srcset=\"https:\/\/mppee.gob.ve\/wp-content\/uploads\/2021\/11\/Expo-Tecnolog\u00eda-Aeron\u00e1utica-2021-abre-el-coraz\u00f3n-aeroespacial-al-mundo-2.jpeg 1080w, https:\/\/mppee.gob.ve\/wp-content\/uploads\/2021\/11\/Expo-Tecnolog\u00eda-Aeron\u00e1utica-2021-abre-el-coraz\u00f3n-aeroespacial-al-mundo-2-300x202.jpeg 300w, https:\/\/mppee.gob.ve\/wp-content\/uploads\/2021\/11\/Expo-Tecnolog\u00eda-Aeron\u00e1utica-2021-abre-el-coraz\u00f3n-aeroespacial-al-mundo-2-1024x689.jpeg 1024w, https:\/\/mppee.gob.ve\/wp-content\/uploads\/2021\/11\/Expo-Tecnolog\u00eda-Aeron\u00e1utica-2021-abre-el-coraz\u00f3n-aeroespacial-al-mundo-2-768x517.jpeg 768w\" sizes=\"auto, (max-width: 1080px) 100vw, 1080px\" \/><\/p>\n","protected":false},"excerpt":{"rendered":"<p>Con el prop\u00f3sito de dar a conocer las diversas actividades que desde la industria aeron\u00e1utica se desarrollan en Venezuela y<\/p>\n","protected":false},"author":12,"featured_media":85473,"comment_status":"open","ping_status":"open","sticky":false,"template":"","format":"standard","meta":{"footnotes":""},"categories":[15],"tags":[327],"class_list":["post-85472","post","type-post","status-publish","format-standard","has-post-thumbnail","hentry","category-nacionales","tag-vsops"],"_links":{"self":[{"href":"https:\/\/mppee.gob.ve\/index.php?rest_route=\/wp\/v2\/posts\/85472","targetHints":{"allow":["GET"]}}],"collection":[{"href":"https:\/\/mppee.gob.ve\/index.php?rest_route=\/wp\/v2\/posts"}],"about":[{"href":"https:\/\/mppee.gob.ve\/index.php?rest_route=\/wp\/v2\/types\/post"}],"author":[{"embeddable":true,"href":"https:\/\/mppee.gob.ve\/index.php?rest_route=\/wp\/v2\/users\/12"}],"replies":[{"embeddable":true,"href":"https:\/\/mppee.gob.ve\/index.php?rest_route=%2Fwp%2Fv2%2Fcomments&post=85472"}],"version-history":[{"count":1,"href":"https:\/\/mppee.gob.ve\/index.php?rest_route=\/wp\/v2\/posts\/85472\/revisions"}],"predecessor-version":[{"id":85483,"href":"https:\/\/mppee.gob.ve\/index.php?rest_route=\/wp\/v2\/posts\/85472\/revisions\/85483"}],"wp:featuredmedia":[{"embeddable":true,"href":"https:\/\/mppee.gob.ve\/index.php?rest_route=\/wp\/v2\/media\/85473"}],"wp:attachment":[{"href":"https:\/\/mppee.gob.ve\/index.php?rest_route=%2Fwp%2Fv2%2Fmedia&parent=85472"}],"wp:term":[{"taxonomy":"category","embeddable":true,"href":"https:\/\/mppee.gob.ve\/index.php?rest_route=%2Fwp%2Fv2%2Fcategories&post=85472"},{"taxonomy":"post_tag","embeddable":true,"href":"https:\/\/mppee.gob.ve\/index.php?rest_route=%2Fwp%2Fv2%2Ftags&post=85472"}],"curies":[{"name":"wp","href":"https:\/\/api.w.org\/{rel}","templated":true}]}}