{"id":85484,"date":"2021-11-04T19:08:00","date_gmt":"2021-11-04T19:08:00","guid":{"rendered":"http:\/\/10.200.87.50\/mppee\/?p=85484"},"modified":"2021-11-05T19:15:05","modified_gmt":"2021-11-05T19:15:05","slug":"inauguran-segunda-planta-de-mortero-humedo-en-yaracuy","status":"publish","type":"post","link":"https:\/\/mppee.gob.ve\/?p=85484","title":{"rendered":"Inauguran segunda planta de mortero h\u00famedo en Yaracuy"},"content":{"rendered":"<p style=\"text-align: justify;\"><img loading=\"lazy\" decoding=\"async\" class=\"size-medium wp-image-85488 alignleft\" src=\"http:\/\/10.200.87.50\/mppee\/wp-content\/uploads\/2021\/11\/Inauguran-segunda-planta-de-mortero-h\u00famedo-en-Yaracuy-4-300x236.jpeg\" alt=\"\" width=\"300\" height=\"236\" srcset=\"https:\/\/mppee.gob.ve\/wp-content\/uploads\/2021\/11\/Inauguran-segunda-planta-de-mortero-h\u00famedo-en-Yaracuy-4-300x236.jpeg 300w, https:\/\/mppee.gob.ve\/wp-content\/uploads\/2021\/11\/Inauguran-segunda-planta-de-mortero-h\u00famedo-en-Yaracuy-4-1024x805.jpeg 1024w, https:\/\/mppee.gob.ve\/wp-content\/uploads\/2021\/11\/Inauguran-segunda-planta-de-mortero-h\u00famedo-en-Yaracuy-4-768x604.jpeg 768w, https:\/\/mppee.gob.ve\/wp-content\/uploads\/2021\/11\/Inauguran-segunda-planta-de-mortero-h\u00famedo-en-Yaracuy-4.jpeg 1080w\" sizes=\"auto, (max-width: 300px) 100vw, 300px\" \/>El vicepresidente Sectorial de Obras P\u00fablicas y Servicios, G\/J N\u00e9stor Reverol, junto al gobernador del estado Yaracuy, Julio Le\u00f3n Heredia, inaugur\u00f3 la segunda Planta de Mortero H\u00famedo<strong> \u00abBrisas de Niquitao\u00bb<\/strong>, en la entidad.<\/p>\n<p><strong>\u00abContinuamos con avances para el estado Yaracuy, donde inauguramos la Planta de Mortero H\u00famedo \u00abBrisas de Niquitao\u00bb, la segunda en esta entidad y la n\u00famero 35 en el territorio nacional, gracias al Convenio China \u2013 Venezuela\u00bb<\/strong>, as\u00ed lo inform\u00f3 mediante una publicaci\u00f3n en su cuenta en la red social Instagram @reverolnestor.<\/p>\n<p><img loading=\"lazy\" decoding=\"async\" class=\"size-medium wp-image-85487 alignright\" src=\"http:\/\/10.200.87.50\/mppee\/wp-content\/uploads\/2021\/11\/Inauguran-segunda-planta-de-mortero-h\u00famedo-en-Yaracuy-3-300x199.jpeg\" alt=\"\" width=\"300\" height=\"199\" srcset=\"https:\/\/mppee.gob.ve\/wp-content\/uploads\/2021\/11\/Inauguran-segunda-planta-de-mortero-h\u00famedo-en-Yaracuy-3-300x199.jpeg 300w, https:\/\/mppee.gob.ve\/wp-content\/uploads\/2021\/11\/Inauguran-segunda-planta-de-mortero-h\u00famedo-en-Yaracuy-3-1024x681.jpeg 1024w, https:\/\/mppee.gob.ve\/wp-content\/uploads\/2021\/11\/Inauguran-segunda-planta-de-mortero-h\u00famedo-en-Yaracuy-3-768x511.jpeg 768w, https:\/\/mppee.gob.ve\/wp-content\/uploads\/2021\/11\/Inauguran-segunda-planta-de-mortero-h\u00famedo-en-Yaracuy-3.jpeg 1080w\" sizes=\"auto, (max-width: 300px) 100vw, 300px\" \/>La planta se caracteriza por ser autosustentable, cuenta con una capacidad de 250 metros c\u00fabicos de concreto, as\u00ed como mortero h\u00famedos, maquinaria de alta tecnolog\u00eda y personal calificado para el fortalecimiento de la Gran Misi\u00f3n Barrio Nuevo Barrio Tricolor.<\/p>\n<p><strong>\u00abTambi\u00e9n hemos incorporado nuevos 6 trompos de construcci\u00f3n para garantizar todas las obras necesarias que requer\u00eda la entidad\u00bb<\/strong>, dijo Reverol Torres.<\/p>\n<p>Destac\u00f3 que con este tipo de acciones se fortalece el motor productivo y de construcci\u00f3n en el pa\u00eds, para edificar el futuro de la Patria de Bol\u00edvar y Ch\u00e1vez.<\/p>\n<p><b>Prensa Vpsops<\/b><\/p>\n<p><img loading=\"lazy\" decoding=\"async\" class=\"alignnone wp-image-85486 size-full\" src=\"http:\/\/10.200.87.50\/mppee\/wp-content\/uploads\/2021\/11\/Inauguran-segunda-planta-de-mortero-h\u00famedo-en-Yaracuy-2.jpeg\" alt=\"\" width=\"1080\" height=\"707\" srcset=\"https:\/\/mppee.gob.ve\/wp-content\/uploads\/2021\/11\/Inauguran-segunda-planta-de-mortero-h\u00famedo-en-Yaracuy-2.jpeg 1080w, https:\/\/mppee.gob.ve\/wp-content\/uploads\/2021\/11\/Inauguran-segunda-planta-de-mortero-h\u00famedo-en-Yaracuy-2-300x196.jpeg 300w, https:\/\/mppee.gob.ve\/wp-content\/uploads\/2021\/11\/Inauguran-segunda-planta-de-mortero-h\u00famedo-en-Yaracuy-2-1024x670.jpeg 1024w, https:\/\/mppee.gob.ve\/wp-content\/uploads\/2021\/11\/Inauguran-segunda-planta-de-mortero-h\u00famedo-en-Yaracuy-2-768x503.jpeg 768w\" sizes=\"auto, (max-width: 1080px) 100vw, 1080px\" \/> <img loading=\"lazy\" decoding=\"async\" class=\"alignnone wp-image-85485 size-full\" src=\"http:\/\/10.200.87.50\/mppee\/wp-content\/uploads\/2021\/11\/Inauguran-segunda-planta-de-mortero-h\u00famedo-en-Yaracuy-1.jpeg\" alt=\"\" width=\"912\" height=\"608\" srcset=\"https:\/\/mppee.gob.ve\/wp-content\/uploads\/2021\/11\/Inauguran-segunda-planta-de-mortero-h\u00famedo-en-Yaracuy-1.jpeg 912w, https:\/\/mppee.gob.ve\/wp-content\/uploads\/2021\/11\/Inauguran-segunda-planta-de-mortero-h\u00famedo-en-Yaracuy-1-300x200.jpeg 300w, https:\/\/mppee.gob.ve\/wp-content\/uploads\/2021\/11\/Inauguran-segunda-planta-de-mortero-h\u00famedo-en-Yaracuy-1-768x512.jpeg 768w\" sizes=\"auto, (max-width: 912px) 100vw, 912px\" \/><\/p>\n","protected":false},"excerpt":{"rendered":"<p>El vicepresidente Sectorial de Obras P\u00fablicas y Servicios, G\/J N\u00e9stor Reverol, junto al gobernador del estado Yaracuy, Julio Le\u00f3n Heredia,<\/p>\n","protected":false},"author":12,"featured_media":85489,"comment_status":"open","ping_status":"open","sticky":false,"template":"","format":"standard","meta":{"footnotes":""},"categories":[30],"tags":[],"class_list":["post-85484","post","type-post","status-publish","format-standard","has-post-thumbnail","hentry","category-regionales"],"_links":{"self":[{"href":"https:\/\/mppee.gob.ve\/index.php?rest_route=\/wp\/v2\/posts\/85484","targetHints":{"allow":["GET"]}}],"collection":[{"href":"https:\/\/mppee.gob.ve\/index.php?rest_route=\/wp\/v2\/posts"}],"about":[{"href":"https:\/\/mppee.gob.ve\/index.php?rest_route=\/wp\/v2\/types\/post"}],"author":[{"embeddable":true,"href":"https:\/\/mppee.gob.ve\/index.php?rest_route=\/wp\/v2\/users\/12"}],"replies":[{"embeddable":true,"href":"https:\/\/mppee.gob.ve\/index.php?rest_route=%2Fwp%2Fv2%2Fcomments&post=85484"}],"version-history":[{"count":1,"href":"https:\/\/mppee.gob.ve\/index.php?rest_route=\/wp\/v2\/posts\/85484\/revisions"}],"predecessor-version":[{"id":85490,"href":"https:\/\/mppee.gob.ve\/index.php?rest_route=\/wp\/v2\/posts\/85484\/revisions\/85490"}],"wp:featuredmedia":[{"embeddable":true,"href":"https:\/\/mppee.gob.ve\/index.php?rest_route=\/wp\/v2\/media\/85489"}],"wp:attachment":[{"href":"https:\/\/mppee.gob.ve\/index.php?rest_route=%2Fwp%2Fv2%2Fmedia&parent=85484"}],"wp:term":[{"taxonomy":"category","embeddable":true,"href":"https:\/\/mppee.gob.ve\/index.php?rest_route=%2Fwp%2Fv2%2Fcategories&post=85484"},{"taxonomy":"post_tag","embeddable":true,"href":"https:\/\/mppee.gob.ve\/index.php?rest_route=%2Fwp%2Fv2%2Ftags&post=85484"}],"curies":[{"name":"wp","href":"https:\/\/api.w.org\/{rel}","templated":true}]}}