{"id":85516,"date":"2021-11-06T13:37:00","date_gmt":"2021-11-06T13:37:00","guid":{"rendered":"http:\/\/10.200.87.50\/mppee\/?p=85516"},"modified":"2021-11-08T13:44:56","modified_gmt":"2021-11-08T13:44:56","slug":"instaladas-122-luminarias-led-en-avenida-hernan-garmendia-de-barquisimeto","status":"publish","type":"post","link":"https:\/\/mppee.gob.ve\/?p=85516","title":{"rendered":"Instaladas 122 luminarias LED en avenida Hern\u00e1n Garmendia de Barquisimeto"},"content":{"rendered":"<p style=\"text-align: justify;\"><img loading=\"lazy\" decoding=\"async\" class=\"size-medium wp-image-85526 alignleft\" src=\"http:\/\/10.200.87.50\/mppee\/wp-content\/uploads\/2021\/11\/Instaladas-122-luminarias-LED-en-avenida-Hern\u00e1n-Garmendia-de-Barquisimeto-10-300x225.jpeg\" alt=\"\" width=\"300\" height=\"225\" srcset=\"https:\/\/mppee.gob.ve\/wp-content\/uploads\/2021\/11\/Instaladas-122-luminarias-LED-en-avenida-Hern\u00e1n-Garmendia-de-Barquisimeto-10-300x225.jpeg 300w, https:\/\/mppee.gob.ve\/wp-content\/uploads\/2021\/11\/Instaladas-122-luminarias-LED-en-avenida-Hern\u00e1n-Garmendia-de-Barquisimeto-10-1024x768.jpeg 1024w, https:\/\/mppee.gob.ve\/wp-content\/uploads\/2021\/11\/Instaladas-122-luminarias-LED-en-avenida-Hern\u00e1n-Garmendia-de-Barquisimeto-10-768x576.jpeg 768w, https:\/\/mppee.gob.ve\/wp-content\/uploads\/2021\/11\/Instaladas-122-luminarias-LED-en-avenida-Hern\u00e1n-Garmendia-de-Barquisimeto-10.jpeg 1080w\" sizes=\"auto, (max-width: 300px) 100vw, 300px\" \/>Como parte del Plan Integral de Iluminaci\u00f3n de V\u00edas Expresas, la fuerza trabajadora de la Corporaci\u00f3n El\u00e9ctrica Nacional (Corpoelec), ejecut\u00f3 trabajos de rehabilitaci\u00f3n en la avenida Hern\u00e1n Garmendia, al este de Barquisimeto del estado Lara, tras instalar 122 luminarias tipo LED, en aras de garantizar seguridad integral a los peatones y conductores que se desplazan por esta importante v\u00eda.<br \/>\u00a0<br \/>Los trabajadores de la Estatal el\u00e9ctrica se desplegaron a lo largo y ancho de esta importante arteria vial, donde tambi\u00e9n realizaron labores en el sector Las Trinitarias v\u00eda al distribuidor El Ujano y en las avenidas Libertador, Venezuela, Intercomunal Barquisimeto &#8211; Cabudare, Intercomunal Barquisimeto &#8211; Duaca, Florencio Jim\u00e9nez, Rotar\u00eda, Chirgua y El Cercado en el municipio Iribarren de esta entidad.<br \/>\u00a0<br \/><img loading=\"lazy\" decoding=\"async\" class=\"size-medium wp-image-85525 alignright\" src=\"http:\/\/10.200.87.50\/mppee\/wp-content\/uploads\/2021\/11\/Instaladas-122-luminarias-LED-en-avenida-Hern\u00e1n-Garmendia-de-Barquisimeto-9-300x225.jpeg\" alt=\"\" width=\"300\" height=\"225\" srcset=\"https:\/\/mppee.gob.ve\/wp-content\/uploads\/2021\/11\/Instaladas-122-luminarias-LED-en-avenida-Hern\u00e1n-Garmendia-de-Barquisimeto-9-300x225.jpeg 300w, https:\/\/mppee.gob.ve\/wp-content\/uploads\/2021\/11\/Instaladas-122-luminarias-LED-en-avenida-Hern\u00e1n-Garmendia-de-Barquisimeto-9-1024x768.jpeg 1024w, https:\/\/mppee.gob.ve\/wp-content\/uploads\/2021\/11\/Instaladas-122-luminarias-LED-en-avenida-Hern\u00e1n-Garmendia-de-Barquisimeto-9-768x576.jpeg 768w, https:\/\/mppee.gob.ve\/wp-content\/uploads\/2021\/11\/Instaladas-122-luminarias-LED-en-avenida-Hern\u00e1n-Garmendia-de-Barquisimeto-9.jpeg 1080w\" sizes=\"auto, (max-width: 300px) 100vw, 300px\" \/>Como parte de los trabajos tambi\u00e9n realizaron reparaciones de cables subterr\u00e1neos, instalaci\u00f3n de 15 postes hexagonales de 10 metros con brazos dobles y l\u00e1mparas, e instalaci\u00f3n de un transformador.<br \/>\u00a0<br \/>Estos trabajos se ejecutan bajo las instrucciones del vicepresidente Sectorial de Obras P\u00fablicas y Servicios, G\/J N\u00e9stor Reverol, como parte del compromiso del sector el\u00e9ctrico de brindar v\u00edas seguras e iluminadas, en garant\u00eda de seguridad y recuperaci\u00f3n de los espacios p\u00fablicos de la ciudad.<br \/>\u00a0<br \/><b>Prensa Corpoelec<\/b><\/p>\n<p><img loading=\"lazy\" decoding=\"async\" class=\"alignnone wp-image-85524 size-full\" src=\"http:\/\/10.200.87.50\/mppee\/wp-content\/uploads\/2021\/11\/Instaladas-122-luminarias-LED-en-avenida-Hern\u00e1n-Garmendia-de-Barquisimeto-8.jpeg\" alt=\"\" width=\"1080\" height=\"810\" srcset=\"https:\/\/mppee.gob.ve\/wp-content\/uploads\/2021\/11\/Instaladas-122-luminarias-LED-en-avenida-Hern\u00e1n-Garmendia-de-Barquisimeto-8.jpeg 1080w, https:\/\/mppee.gob.ve\/wp-content\/uploads\/2021\/11\/Instaladas-122-luminarias-LED-en-avenida-Hern\u00e1n-Garmendia-de-Barquisimeto-8-300x225.jpeg 300w, https:\/\/mppee.gob.ve\/wp-content\/uploads\/2021\/11\/Instaladas-122-luminarias-LED-en-avenida-Hern\u00e1n-Garmendia-de-Barquisimeto-8-1024x768.jpeg 1024w, https:\/\/mppee.gob.ve\/wp-content\/uploads\/2021\/11\/Instaladas-122-luminarias-LED-en-avenida-Hern\u00e1n-Garmendia-de-Barquisimeto-8-768x576.jpeg 768w\" sizes=\"auto, (max-width: 1080px) 100vw, 1080px\" \/> <img loading=\"lazy\" decoding=\"async\" class=\"alignnone wp-image-85523 size-full\" src=\"http:\/\/10.200.87.50\/mppee\/wp-content\/uploads\/2021\/11\/Instaladas-122-luminarias-LED-en-avenida-Hern\u00e1n-Garmendia-de-Barquisimeto-7.jpeg\" alt=\"\" width=\"1080\" height=\"810\" srcset=\"https:\/\/mppee.gob.ve\/wp-content\/uploads\/2021\/11\/Instaladas-122-luminarias-LED-en-avenida-Hern\u00e1n-Garmendia-de-Barquisimeto-7.jpeg 1080w, https:\/\/mppee.gob.ve\/wp-content\/uploads\/2021\/11\/Instaladas-122-luminarias-LED-en-avenida-Hern\u00e1n-Garmendia-de-Barquisimeto-7-300x225.jpeg 300w, https:\/\/mppee.gob.ve\/wp-content\/uploads\/2021\/11\/Instaladas-122-luminarias-LED-en-avenida-Hern\u00e1n-Garmendia-de-Barquisimeto-7-1024x768.jpeg 1024w, https:\/\/mppee.gob.ve\/wp-content\/uploads\/2021\/11\/Instaladas-122-luminarias-LED-en-avenida-Hern\u00e1n-Garmendia-de-Barquisimeto-7-768x576.jpeg 768w\" sizes=\"auto, (max-width: 1080px) 100vw, 1080px\" \/> <img loading=\"lazy\" decoding=\"async\" class=\"alignnone wp-image-85522 size-full\" src=\"http:\/\/10.200.87.50\/mppee\/wp-content\/uploads\/2021\/11\/Instaladas-122-luminarias-LED-en-avenida-Hern\u00e1n-Garmendia-de-Barquisimeto-6.jpeg\" alt=\"\" width=\"1080\" height=\"810\" srcset=\"https:\/\/mppee.gob.ve\/wp-content\/uploads\/2021\/11\/Instaladas-122-luminarias-LED-en-avenida-Hern\u00e1n-Garmendia-de-Barquisimeto-6.jpeg 1080w, https:\/\/mppee.gob.ve\/wp-content\/uploads\/2021\/11\/Instaladas-122-luminarias-LED-en-avenida-Hern\u00e1n-Garmendia-de-Barquisimeto-6-300x225.jpeg 300w, https:\/\/mppee.gob.ve\/wp-content\/uploads\/2021\/11\/Instaladas-122-luminarias-LED-en-avenida-Hern\u00e1n-Garmendia-de-Barquisimeto-6-1024x768.jpeg 1024w, https:\/\/mppee.gob.ve\/wp-content\/uploads\/2021\/11\/Instaladas-122-luminarias-LED-en-avenida-Hern\u00e1n-Garmendia-de-Barquisimeto-6-768x576.jpeg 768w\" sizes=\"auto, (max-width: 1080px) 100vw, 1080px\" \/> <img loading=\"lazy\" decoding=\"async\" class=\"alignnone wp-image-85521 size-full\" src=\"http:\/\/10.200.87.50\/mppee\/wp-content\/uploads\/2021\/11\/Instaladas-122-luminarias-LED-en-avenida-Hern\u00e1n-Garmendia-de-Barquisimeto-5.jpeg\" alt=\"\" width=\"1080\" height=\"810\" srcset=\"https:\/\/mppee.gob.ve\/wp-content\/uploads\/2021\/11\/Instaladas-122-luminarias-LED-en-avenida-Hern\u00e1n-Garmendia-de-Barquisimeto-5.jpeg 1080w, https:\/\/mppee.gob.ve\/wp-content\/uploads\/2021\/11\/Instaladas-122-luminarias-LED-en-avenida-Hern\u00e1n-Garmendia-de-Barquisimeto-5-300x225.jpeg 300w, https:\/\/mppee.gob.ve\/wp-content\/uploads\/2021\/11\/Instaladas-122-luminarias-LED-en-avenida-Hern\u00e1n-Garmendia-de-Barquisimeto-5-1024x768.jpeg 1024w, https:\/\/mppee.gob.ve\/wp-content\/uploads\/2021\/11\/Instaladas-122-luminarias-LED-en-avenida-Hern\u00e1n-Garmendia-de-Barquisimeto-5-768x576.jpeg 768w\" sizes=\"auto, (max-width: 1080px) 100vw, 1080px\" \/> <img loading=\"lazy\" decoding=\"async\" class=\"alignnone wp-image-85520 size-full\" src=\"http:\/\/10.200.87.50\/mppee\/wp-content\/uploads\/2021\/11\/Instaladas-122-luminarias-LED-en-avenida-Hern\u00e1n-Garmendia-de-Barquisimeto-4.jpeg\" alt=\"\" width=\"1080\" height=\"810\" srcset=\"https:\/\/mppee.gob.ve\/wp-content\/uploads\/2021\/11\/Instaladas-122-luminarias-LED-en-avenida-Hern\u00e1n-Garmendia-de-Barquisimeto-4.jpeg 1080w, https:\/\/mppee.gob.ve\/wp-content\/uploads\/2021\/11\/Instaladas-122-luminarias-LED-en-avenida-Hern\u00e1n-Garmendia-de-Barquisimeto-4-300x225.jpeg 300w, https:\/\/mppee.gob.ve\/wp-content\/uploads\/2021\/11\/Instaladas-122-luminarias-LED-en-avenida-Hern\u00e1n-Garmendia-de-Barquisimeto-4-1024x768.jpeg 1024w, https:\/\/mppee.gob.ve\/wp-content\/uploads\/2021\/11\/Instaladas-122-luminarias-LED-en-avenida-Hern\u00e1n-Garmendia-de-Barquisimeto-4-768x576.jpeg 768w\" sizes=\"auto, (max-width: 1080px) 100vw, 1080px\" \/> <img loading=\"lazy\" decoding=\"async\" class=\"alignnone wp-image-85518 size-full\" src=\"http:\/\/10.200.87.50\/mppee\/wp-content\/uploads\/2021\/11\/Instaladas-122-luminarias-LED-en-avenida-Hern\u00e1n-Garmendia-de-Barquisimeto-2.jpeg\" alt=\"\" width=\"1080\" height=\"810\" srcset=\"https:\/\/mppee.gob.ve\/wp-content\/uploads\/2021\/11\/Instaladas-122-luminarias-LED-en-avenida-Hern\u00e1n-Garmendia-de-Barquisimeto-2.jpeg 1080w, https:\/\/mppee.gob.ve\/wp-content\/uploads\/2021\/11\/Instaladas-122-luminarias-LED-en-avenida-Hern\u00e1n-Garmendia-de-Barquisimeto-2-300x225.jpeg 300w, https:\/\/mppee.gob.ve\/wp-content\/uploads\/2021\/11\/Instaladas-122-luminarias-LED-en-avenida-Hern\u00e1n-Garmendia-de-Barquisimeto-2-1024x768.jpeg 1024w, https:\/\/mppee.gob.ve\/wp-content\/uploads\/2021\/11\/Instaladas-122-luminarias-LED-en-avenida-Hern\u00e1n-Garmendia-de-Barquisimeto-2-768x576.jpeg 768w\" sizes=\"auto, (max-width: 1080px) 100vw, 1080px\" \/> <img loading=\"lazy\" decoding=\"async\" class=\"alignnone wp-image-85517 size-full\" src=\"http:\/\/10.200.87.50\/mppee\/wp-content\/uploads\/2021\/11\/Instaladas-122-luminarias-LED-en-avenida-Hern\u00e1n-Garmendia-de-Barquisimeto-1.jpeg\" alt=\"\" width=\"750\" height=\"884\" srcset=\"https:\/\/mppee.gob.ve\/wp-content\/uploads\/2021\/11\/Instaladas-122-luminarias-LED-en-avenida-Hern\u00e1n-Garmendia-de-Barquisimeto-1.jpeg 750w, https:\/\/mppee.gob.ve\/wp-content\/uploads\/2021\/11\/Instaladas-122-luminarias-LED-en-avenida-Hern\u00e1n-Garmendia-de-Barquisimeto-1-255x300.jpeg 255w\" sizes=\"auto, (max-width: 750px) 100vw, 750px\" \/><\/p>\n\n\n<p><\/p>\n","protected":false},"excerpt":{"rendered":"<p>Como parte del Plan Integral de Iluminaci\u00f3n de V\u00edas Expresas, la fuerza trabajadora de la Corporaci\u00f3n El\u00e9ctrica Nacional (Corpoelec), ejecut\u00f3<\/p>\n","protected":false},"author":12,"featured_media":85520,"comment_status":"open","ping_status":"open","sticky":false,"template":"","format":"standard","meta":{"footnotes":""},"categories":[30],"tags":[],"class_list":["post-85516","post","type-post","status-publish","format-standard","has-post-thumbnail","hentry","category-regionales"],"_links":{"self":[{"href":"https:\/\/mppee.gob.ve\/index.php?rest_route=\/wp\/v2\/posts\/85516","targetHints":{"allow":["GET"]}}],"collection":[{"href":"https:\/\/mppee.gob.ve\/index.php?rest_route=\/wp\/v2\/posts"}],"about":[{"href":"https:\/\/mppee.gob.ve\/index.php?rest_route=\/wp\/v2\/types\/post"}],"author":[{"embeddable":true,"href":"https:\/\/mppee.gob.ve\/index.php?rest_route=\/wp\/v2\/users\/12"}],"replies":[{"embeddable":true,"href":"https:\/\/mppee.gob.ve\/index.php?rest_route=%2Fwp%2Fv2%2Fcomments&post=85516"}],"version-history":[{"count":1,"href":"https:\/\/mppee.gob.ve\/index.php?rest_route=\/wp\/v2\/posts\/85516\/revisions"}],"predecessor-version":[{"id":85527,"href":"https:\/\/mppee.gob.ve\/index.php?rest_route=\/wp\/v2\/posts\/85516\/revisions\/85527"}],"wp:featuredmedia":[{"embeddable":true,"href":"https:\/\/mppee.gob.ve\/index.php?rest_route=\/wp\/v2\/media\/85520"}],"wp:attachment":[{"href":"https:\/\/mppee.gob.ve\/index.php?rest_route=%2Fwp%2Fv2%2Fmedia&parent=85516"}],"wp:term":[{"taxonomy":"category","embeddable":true,"href":"https:\/\/mppee.gob.ve\/index.php?rest_route=%2Fwp%2Fv2%2Fcategories&post=85516"},{"taxonomy":"post_tag","embeddable":true,"href":"https:\/\/mppee.gob.ve\/index.php?rest_route=%2Fwp%2Fv2%2Ftags&post=85516"}],"curies":[{"name":"wp","href":"https:\/\/api.w.org\/{rel}","templated":true}]}}