{"id":85528,"date":"2021-11-08T20:13:35","date_gmt":"2021-11-08T20:13:35","guid":{"rendered":"http:\/\/10.200.87.50\/mppee\/?p=85528"},"modified":"2021-11-08T20:13:37","modified_gmt":"2021-11-08T20:13:37","slug":"recuperan-equipos-para-garantizar-el-vital-liquido-en-zonas-del-estado-trujillo","status":"publish","type":"post","link":"https:\/\/mppee.gob.ve\/?p=85528","title":{"rendered":"Recuperan equipos para  garantizar el vital l\u00edquido en zonas del estado Trujillo"},"content":{"rendered":"<p style=\"text-align: justify;\"><img loading=\"lazy\" decoding=\"async\" class=\"size-medium wp-image-85530 alignleft\" src=\"http:\/\/10.200.87.50\/mppee\/wp-content\/uploads\/2021\/11\/Recuperan-equipos-para-garantizar-el-vital-l\u00edquido-en-zonas-del-estado-Trujillo-2-300x167.jpeg\" alt=\"\" width=\"300\" height=\"167\" srcset=\"https:\/\/mppee.gob.ve\/wp-content\/uploads\/2021\/11\/Recuperan-equipos-para-garantizar-el-vital-l\u00edquido-en-zonas-del-estado-Trujillo-2-300x167.jpeg 300w, https:\/\/mppee.gob.ve\/wp-content\/uploads\/2021\/11\/Recuperan-equipos-para-garantizar-el-vital-l\u00edquido-en-zonas-del-estado-Trujillo-2-1024x570.jpeg 1024w, https:\/\/mppee.gob.ve\/wp-content\/uploads\/2021\/11\/Recuperan-equipos-para-garantizar-el-vital-l\u00edquido-en-zonas-del-estado-Trujillo-2-768x427.jpeg 768w, https:\/\/mppee.gob.ve\/wp-content\/uploads\/2021\/11\/Recuperan-equipos-para-garantizar-el-vital-l\u00edquido-en-zonas-del-estado-Trujillo-2-800x445.jpeg 800w, https:\/\/mppee.gob.ve\/wp-content\/uploads\/2021\/11\/Recuperan-equipos-para-garantizar-el-vital-l\u00edquido-en-zonas-del-estado-Trujillo-2.jpeg 1080w\" sizes=\"auto, (max-width: 300px) 100vw, 300px\" \/>Como parte de las acciones para optimizar los servicios p\u00fablicos en el pa\u00eds, el vicepresidente Sectorial de Obras P\u00fablicas y Servicios, G\/J N\u00e9stor Reverol, inform\u00f3 la recuperaci\u00f3n de tres equipos de motores y bombas de 450 HP, para garantizar el vital l\u00edquido en ocho parroquias de los municipios Valera y San Rafael de Carvajal, del estado Trujillo.<\/p>\n<p><strong>\u201cTrabajamos en la recuperaci\u00f3n de 18 pozos de agua profunda, como parte de las victorias tempranas en este cierre del a\u00f1o 2021\u201d<\/strong>, manifest\u00f3 Reverol Torres.<\/p>\n<p>Durante una reuni\u00f3n con las autoridades del gobierno regional, anunci\u00f3 la creaci\u00f3n de 18 Brigadas del Poder Popular para la Atenci\u00f3n de las Aguas (Brippas), que se sumar\u00e1n a las dos ya existentes, a las cuales se le entregar\u00e1n herramientas y recursos, para solventar cualquier eventualidad que se presente en este servicio.<\/p>\n<p><img loading=\"lazy\" decoding=\"async\" class=\"size-medium wp-image-85531 alignright\" src=\"http:\/\/10.200.87.50\/mppee\/wp-content\/uploads\/2021\/11\/Recuperan-equipos-para-garantizar-el-vital-l\u00edquido-en-zonas-del-estado-Trujillo-3-300x200.jpeg\" alt=\"\" width=\"300\" height=\"200\" srcset=\"https:\/\/mppee.gob.ve\/wp-content\/uploads\/2021\/11\/Recuperan-equipos-para-garantizar-el-vital-l\u00edquido-en-zonas-del-estado-Trujillo-3-300x200.jpeg 300w, https:\/\/mppee.gob.ve\/wp-content\/uploads\/2021\/11\/Recuperan-equipos-para-garantizar-el-vital-l\u00edquido-en-zonas-del-estado-Trujillo-3-768x512.jpeg 768w, https:\/\/mppee.gob.ve\/wp-content\/uploads\/2021\/11\/Recuperan-equipos-para-garantizar-el-vital-l\u00edquido-en-zonas-del-estado-Trujillo-3.jpeg 912w\" sizes=\"auto, (max-width: 300px) 100vw, 300px\" \/>El General en Jefe, tambi\u00e9n hizo menci\u00f3n a la rehabilitaci\u00f3n de los estanques existentes en Valera, capital de la entidad, para contar con suficiente agua y poder dar respuesta de manera m\u00e1s eficiente.<\/p>\n<p>Subray\u00f3 la ejecuci\u00f3n del plan sostenido de reparaci\u00f3n de aver\u00edas y fugas, as\u00ed como tambi\u00e9n el plan contra las tomas ilegales, donde participan los organismos de seguridad ciudadana y la Fuerza Armada Nacional Bolivariana (FANB).<\/p>\n<p>Durante la actividad fue acompa\u00f1ado por el diputado Gerardo M\u00e1rquez, alcaldes, alcaldesas y jefes de las instituciones dependientes de la Vicepresidencia Sectorial de Obras P\u00fablicas y Servicios.<br \/>\n<b><br \/>\nPrensa Vpsops<\/b><\/p>\n","protected":false},"excerpt":{"rendered":"<p>Como parte de las acciones para optimizar los servicios p\u00fablicos en el pa\u00eds, el vicepresidente Sectorial de Obras P\u00fablicas y<\/p>\n","protected":false},"author":12,"featured_media":85529,"comment_status":"open","ping_status":"open","sticky":false,"template":"","format":"standard","meta":{"footnotes":""},"categories":[30],"tags":[327],"class_list":["post-85528","post","type-post","status-publish","format-standard","has-post-thumbnail","hentry","category-regionales","tag-vsops"],"_links":{"self":[{"href":"https:\/\/mppee.gob.ve\/index.php?rest_route=\/wp\/v2\/posts\/85528","targetHints":{"allow":["GET"]}}],"collection":[{"href":"https:\/\/mppee.gob.ve\/index.php?rest_route=\/wp\/v2\/posts"}],"about":[{"href":"https:\/\/mppee.gob.ve\/index.php?rest_route=\/wp\/v2\/types\/post"}],"author":[{"embeddable":true,"href":"https:\/\/mppee.gob.ve\/index.php?rest_route=\/wp\/v2\/users\/12"}],"replies":[{"embeddable":true,"href":"https:\/\/mppee.gob.ve\/index.php?rest_route=%2Fwp%2Fv2%2Fcomments&post=85528"}],"version-history":[{"count":1,"href":"https:\/\/mppee.gob.ve\/index.php?rest_route=\/wp\/v2\/posts\/85528\/revisions"}],"predecessor-version":[{"id":85532,"href":"https:\/\/mppee.gob.ve\/index.php?rest_route=\/wp\/v2\/posts\/85528\/revisions\/85532"}],"wp:featuredmedia":[{"embeddable":true,"href":"https:\/\/mppee.gob.ve\/index.php?rest_route=\/wp\/v2\/media\/85529"}],"wp:attachment":[{"href":"https:\/\/mppee.gob.ve\/index.php?rest_route=%2Fwp%2Fv2%2Fmedia&parent=85528"}],"wp:term":[{"taxonomy":"category","embeddable":true,"href":"https:\/\/mppee.gob.ve\/index.php?rest_route=%2Fwp%2Fv2%2Fcategories&post=85528"},{"taxonomy":"post_tag","embeddable":true,"href":"https:\/\/mppee.gob.ve\/index.php?rest_route=%2Fwp%2Fv2%2Ftags&post=85528"}],"curies":[{"name":"wp","href":"https:\/\/api.w.org\/{rel}","templated":true}]}}