{"id":85565,"date":"2021-11-09T12:52:00","date_gmt":"2021-11-09T12:52:00","guid":{"rendered":"http:\/\/10.200.87.50\/mppee\/?p=85565"},"modified":"2021-11-22T13:07:42","modified_gmt":"2021-11-22T13:07:42","slug":"fuerza-laboral-del-sen-se-capacita-para-atender-a-personas-con-discapacidad","status":"publish","type":"post","link":"https:\/\/mppee.gob.ve\/?p=85565","title":{"rendered":"Fuerza laboral del SEN se capacita para atender a personas con discapacidad"},"content":{"rendered":"<p style=\"text-align: justify;\"><img loading=\"lazy\" decoding=\"async\" class=\"size-medium wp-image-85583 alignleft\" src=\"http:\/\/10.200.87.50\/mppee\/wp-content\/uploads\/2021\/11\/Fuerza-laboral-del-SEN-se-capacita-para-atender-a-personas-con-discapacidad-11-300x200.jpeg\" alt=\"\" width=\"300\" height=\"200\" srcset=\"https:\/\/mppee.gob.ve\/wp-content\/uploads\/2021\/11\/Fuerza-laboral-del-SEN-se-capacita-para-atender-a-personas-con-discapacidad-11-300x200.jpeg 300w, https:\/\/mppee.gob.ve\/wp-content\/uploads\/2021\/11\/Fuerza-laboral-del-SEN-se-capacita-para-atender-a-personas-con-discapacidad-11-1024x682.jpeg 1024w, https:\/\/mppee.gob.ve\/wp-content\/uploads\/2021\/11\/Fuerza-laboral-del-SEN-se-capacita-para-atender-a-personas-con-discapacidad-11-768x511.jpeg 768w, https:\/\/mppee.gob.ve\/wp-content\/uploads\/2021\/11\/Fuerza-laboral-del-SEN-se-capacita-para-atender-a-personas-con-discapacidad-11.jpeg 1080w\" sizes=\"auto, (max-width: 300px) 100vw, 300px\" \/>Con el objetivo de consolidar y establecer los acuerdos del programa<strong> \u201cCreo en ti\u201d<\/strong> que impulsa el Ministerio del Poder Popular para la Energ\u00eda El\u00e9ctrica (Mppee), conjuntamente con el Consejo Nacional para las Personas con Discapacidad (Conapdis), este martes dio inicio el ciclo de formaci\u00f3n de los trabajadores de esta instituci\u00f3n para obtener las herramientas necesarias que permitan el trato adecuado a las personas con discapacidad.<\/p>\n<p><strong>\u201cDurante un mes, un equipo de trabajadores de diferentes \u00e1reas sociales, se estar\u00e1n formando mediante un contenido integral conformado por siete m\u00f3dulos, el cual fortalecer\u00e1 la cultura de la discapacidad\u201d<\/strong>, detall\u00f3 Nuris Perozo, viceministra para la Articulaci\u00f3n y Participaci\u00f3n Social en el Servicio El\u00e9ctrico del Mppee.<\/p>\n<p><img loading=\"lazy\" decoding=\"async\" class=\"size-medium wp-image-85582 alignleft\" src=\"http:\/\/10.200.87.50\/mppee\/wp-content\/uploads\/2021\/11\/Fuerza-laboral-del-SEN-se-capacita-para-atender-a-personas-con-discapacidad-10-300x143.jpeg\" alt=\"\" width=\"300\" height=\"143\" srcset=\"https:\/\/mppee.gob.ve\/wp-content\/uploads\/2021\/11\/Fuerza-laboral-del-SEN-se-capacita-para-atender-a-personas-con-discapacidad-10-300x143.jpeg 300w, https:\/\/mppee.gob.ve\/wp-content\/uploads\/2021\/11\/Fuerza-laboral-del-SEN-se-capacita-para-atender-a-personas-con-discapacidad-10-1024x487.jpeg 1024w, https:\/\/mppee.gob.ve\/wp-content\/uploads\/2021\/11\/Fuerza-laboral-del-SEN-se-capacita-para-atender-a-personas-con-discapacidad-10-768x366.jpeg 768w, https:\/\/mppee.gob.ve\/wp-content\/uploads\/2021\/11\/Fuerza-laboral-del-SEN-se-capacita-para-atender-a-personas-con-discapacidad-10.jpeg 1080w\" sizes=\"auto, (max-width: 300px) 100vw, 300px\" \/>La Viceministra inform\u00f3 adem\u00e1s que ser\u00e1 el pr\u00f3ximo 3 de diciembre, en el contexto del D\u00eda Internacional de las Personas con Discapacidad, cuando las autoridades del Conapdis otorgar\u00e1n el certificado correspondiente.<\/p>\n<p>El taller de capacitaci\u00f3n y formaci\u00f3n cuenta con la participaci\u00f3n de 24 trabajadores que hacen vida en la sede ministerial, ubicada en Caracas, pero el objetivo es continuar la inducci\u00f3n hasta lograr llegar a todo el personal del Mppee.<\/p>\n<p><em><b>Una formaci\u00f3n s\u00f3lida e integral<\/b><\/em><\/p>\n<p><img loading=\"lazy\" decoding=\"async\" class=\"size-medium wp-image-85581 alignright\" src=\"http:\/\/10.200.87.50\/mppee\/wp-content\/uploads\/2021\/11\/Fuerza-laboral-del-SEN-se-capacita-para-atender-a-personas-con-discapacidad-9-300x208.jpeg\" alt=\"\" width=\"300\" height=\"208\" srcset=\"https:\/\/mppee.gob.ve\/wp-content\/uploads\/2021\/11\/Fuerza-laboral-del-SEN-se-capacita-para-atender-a-personas-con-discapacidad-9-300x208.jpeg 300w, https:\/\/mppee.gob.ve\/wp-content\/uploads\/2021\/11\/Fuerza-laboral-del-SEN-se-capacita-para-atender-a-personas-con-discapacidad-9-1024x711.jpeg 1024w, https:\/\/mppee.gob.ve\/wp-content\/uploads\/2021\/11\/Fuerza-laboral-del-SEN-se-capacita-para-atender-a-personas-con-discapacidad-9-768x533.jpeg 768w, https:\/\/mppee.gob.ve\/wp-content\/uploads\/2021\/11\/Fuerza-laboral-del-SEN-se-capacita-para-atender-a-personas-con-discapacidad-9-392x272.jpeg 392w, https:\/\/mppee.gob.ve\/wp-content\/uploads\/2021\/11\/Fuerza-laboral-del-SEN-se-capacita-para-atender-a-personas-con-discapacidad-9-130x90.jpeg 130w, https:\/\/mppee.gob.ve\/wp-content\/uploads\/2021\/11\/Fuerza-laboral-del-SEN-se-capacita-para-atender-a-personas-con-discapacidad-9.jpeg 1080w\" sizes=\"auto, (max-width: 300px) 100vw, 300px\" \/>Con relaci\u00f3n al contenido pragm\u00e1tico del taller, Israel Pacheco, coordinador nacional del \u00e1rea de formaci\u00f3n social de Conapdis, destac\u00f3 que los integrantes ser\u00e1n instruidos en las \u00e1reas del marco jur\u00eddico, terminolog\u00eda adecuada, \u00a0derechos humanos, buen trato, prevenci\u00f3n, herramientas pedag\u00f3gicas, entre otros aspectos que garanticen una formaci\u00f3n s\u00f3lida e integral a los participantes.<\/p>\n<p>Indic\u00f3 que, como actividad de cierre, <strong>\u201clos asistentes podr\u00e1n vivir lo que hemos denominado el reto 5D, donde durante 5 minutos experimentaran la vivencia de presentar alguna discapacidad; siendo as\u00ed un crecimiento a nivel espiritual, profesional y humano, convirti\u00e9ndolos en multiplicadores de esta informaci\u00f3n que busca la cultura de la discapacidad desde la sensibilidad\u201d<\/strong>, finaliz\u00f3 Pacheco.<\/p>\n<p><b>Prensa Mppee<\/b><\/p>\n<p><img loading=\"lazy\" decoding=\"async\" class=\"alignnone wp-image-85580 size-full\" src=\"http:\/\/10.200.87.50\/mppee\/wp-content\/uploads\/2021\/11\/Fuerza-laboral-del-SEN-se-capacita-para-atender-a-personas-con-discapacidad-8.jpeg\" alt=\"\" width=\"1080\" height=\"719\" srcset=\"https:\/\/mppee.gob.ve\/wp-content\/uploads\/2021\/11\/Fuerza-laboral-del-SEN-se-capacita-para-atender-a-personas-con-discapacidad-8.jpeg 1080w, https:\/\/mppee.gob.ve\/wp-content\/uploads\/2021\/11\/Fuerza-laboral-del-SEN-se-capacita-para-atender-a-personas-con-discapacidad-8-300x200.jpeg 300w, https:\/\/mppee.gob.ve\/wp-content\/uploads\/2021\/11\/Fuerza-laboral-del-SEN-se-capacita-para-atender-a-personas-con-discapacidad-8-1024x682.jpeg 1024w, https:\/\/mppee.gob.ve\/wp-content\/uploads\/2021\/11\/Fuerza-laboral-del-SEN-se-capacita-para-atender-a-personas-con-discapacidad-8-768x511.jpeg 768w\" sizes=\"auto, (max-width: 1080px) 100vw, 1080px\" \/> <img loading=\"lazy\" decoding=\"async\" class=\"alignnone wp-image-85579 size-full\" src=\"http:\/\/10.200.87.50\/mppee\/wp-content\/uploads\/2021\/11\/Fuerza-laboral-del-SEN-se-capacita-para-atender-a-personas-con-discapacidad-7.jpeg\" alt=\"\" width=\"1080\" height=\"640\" srcset=\"https:\/\/mppee.gob.ve\/wp-content\/uploads\/2021\/11\/Fuerza-laboral-del-SEN-se-capacita-para-atender-a-personas-con-discapacidad-7.jpeg 1080w, https:\/\/mppee.gob.ve\/wp-content\/uploads\/2021\/11\/Fuerza-laboral-del-SEN-se-capacita-para-atender-a-personas-con-discapacidad-7-300x178.jpeg 300w, https:\/\/mppee.gob.ve\/wp-content\/uploads\/2021\/11\/Fuerza-laboral-del-SEN-se-capacita-para-atender-a-personas-con-discapacidad-7-1024x607.jpeg 1024w, https:\/\/mppee.gob.ve\/wp-content\/uploads\/2021\/11\/Fuerza-laboral-del-SEN-se-capacita-para-atender-a-personas-con-discapacidad-7-768x455.jpeg 768w\" sizes=\"auto, (max-width: 1080px) 100vw, 1080px\" \/> <img loading=\"lazy\" decoding=\"async\" class=\"alignnone wp-image-85578 size-full\" src=\"http:\/\/10.200.87.50\/mppee\/wp-content\/uploads\/2021\/11\/Fuerza-laboral-del-SEN-se-capacita-para-atender-a-personas-con-discapacidad-6.jpeg\" alt=\"\" width=\"1080\" height=\"603\" srcset=\"https:\/\/mppee.gob.ve\/wp-content\/uploads\/2021\/11\/Fuerza-laboral-del-SEN-se-capacita-para-atender-a-personas-con-discapacidad-6.jpeg 1080w, https:\/\/mppee.gob.ve\/wp-content\/uploads\/2021\/11\/Fuerza-laboral-del-SEN-se-capacita-para-atender-a-personas-con-discapacidad-6-300x168.jpeg 300w, https:\/\/mppee.gob.ve\/wp-content\/uploads\/2021\/11\/Fuerza-laboral-del-SEN-se-capacita-para-atender-a-personas-con-discapacidad-6-1024x572.jpeg 1024w, https:\/\/mppee.gob.ve\/wp-content\/uploads\/2021\/11\/Fuerza-laboral-del-SEN-se-capacita-para-atender-a-personas-con-discapacidad-6-768x429.jpeg 768w\" sizes=\"auto, (max-width: 1080px) 100vw, 1080px\" \/> <img loading=\"lazy\" decoding=\"async\" class=\"alignnone wp-image-85577 size-full\" src=\"http:\/\/10.200.87.50\/mppee\/wp-content\/uploads\/2021\/11\/Fuerza-laboral-del-SEN-se-capacita-para-atender-a-personas-con-discapacidad-5.jpeg\" alt=\"\" width=\"1080\" height=\"648\" srcset=\"https:\/\/mppee.gob.ve\/wp-content\/uploads\/2021\/11\/Fuerza-laboral-del-SEN-se-capacita-para-atender-a-personas-con-discapacidad-5.jpeg 1080w, https:\/\/mppee.gob.ve\/wp-content\/uploads\/2021\/11\/Fuerza-laboral-del-SEN-se-capacita-para-atender-a-personas-con-discapacidad-5-300x180.jpeg 300w, https:\/\/mppee.gob.ve\/wp-content\/uploads\/2021\/11\/Fuerza-laboral-del-SEN-se-capacita-para-atender-a-personas-con-discapacidad-5-1024x614.jpeg 1024w, https:\/\/mppee.gob.ve\/wp-content\/uploads\/2021\/11\/Fuerza-laboral-del-SEN-se-capacita-para-atender-a-personas-con-discapacidad-5-768x461.jpeg 768w\" sizes=\"auto, (max-width: 1080px) 100vw, 1080px\" \/> <img loading=\"lazy\" decoding=\"async\" class=\"alignnone wp-image-85576 size-full\" src=\"http:\/\/10.200.87.50\/mppee\/wp-content\/uploads\/2021\/11\/Fuerza-laboral-del-SEN-se-capacita-para-atender-a-personas-con-discapacidad-4.jpeg\" alt=\"\" width=\"1080\" height=\"673\" srcset=\"https:\/\/mppee.gob.ve\/wp-content\/uploads\/2021\/11\/Fuerza-laboral-del-SEN-se-capacita-para-atender-a-personas-con-discapacidad-4.jpeg 1080w, https:\/\/mppee.gob.ve\/wp-content\/uploads\/2021\/11\/Fuerza-laboral-del-SEN-se-capacita-para-atender-a-personas-con-discapacidad-4-300x187.jpeg 300w, https:\/\/mppee.gob.ve\/wp-content\/uploads\/2021\/11\/Fuerza-laboral-del-SEN-se-capacita-para-atender-a-personas-con-discapacidad-4-1024x638.jpeg 1024w, https:\/\/mppee.gob.ve\/wp-content\/uploads\/2021\/11\/Fuerza-laboral-del-SEN-se-capacita-para-atender-a-personas-con-discapacidad-4-768x479.jpeg 768w\" sizes=\"auto, (max-width: 1080px) 100vw, 1080px\" \/> <img loading=\"lazy\" decoding=\"async\" class=\"alignnone wp-image-85575 size-full\" src=\"http:\/\/10.200.87.50\/mppee\/wp-content\/uploads\/2021\/11\/Fuerza-laboral-del-SEN-se-capacita-para-atender-a-personas-con-discapacidad-3.jpeg\" alt=\"\" width=\"1080\" height=\"630\" srcset=\"https:\/\/mppee.gob.ve\/wp-content\/uploads\/2021\/11\/Fuerza-laboral-del-SEN-se-capacita-para-atender-a-personas-con-discapacidad-3.jpeg 1080w, https:\/\/mppee.gob.ve\/wp-content\/uploads\/2021\/11\/Fuerza-laboral-del-SEN-se-capacita-para-atender-a-personas-con-discapacidad-3-300x175.jpeg 300w, https:\/\/mppee.gob.ve\/wp-content\/uploads\/2021\/11\/Fuerza-laboral-del-SEN-se-capacita-para-atender-a-personas-con-discapacidad-3-1024x597.jpeg 1024w, https:\/\/mppee.gob.ve\/wp-content\/uploads\/2021\/11\/Fuerza-laboral-del-SEN-se-capacita-para-atender-a-personas-con-discapacidad-3-768x448.jpeg 768w\" sizes=\"auto, (max-width: 1080px) 100vw, 1080px\" \/> <img loading=\"lazy\" decoding=\"async\" class=\"alignnone wp-image-85574 size-full\" src=\"http:\/\/10.200.87.50\/mppee\/wp-content\/uploads\/2021\/11\/Fuerza-laboral-del-SEN-se-capacita-para-atender-a-personas-con-discapacidad-2.jpeg\" alt=\"\" width=\"1080\" height=\"587\" srcset=\"https:\/\/mppee.gob.ve\/wp-content\/uploads\/2021\/11\/Fuerza-laboral-del-SEN-se-capacita-para-atender-a-personas-con-discapacidad-2.jpeg 1080w, https:\/\/mppee.gob.ve\/wp-content\/uploads\/2021\/11\/Fuerza-laboral-del-SEN-se-capacita-para-atender-a-personas-con-discapacidad-2-300x163.jpeg 300w, https:\/\/mppee.gob.ve\/wp-content\/uploads\/2021\/11\/Fuerza-laboral-del-SEN-se-capacita-para-atender-a-personas-con-discapacidad-2-1024x557.jpeg 1024w, https:\/\/mppee.gob.ve\/wp-content\/uploads\/2021\/11\/Fuerza-laboral-del-SEN-se-capacita-para-atender-a-personas-con-discapacidad-2-768x417.jpeg 768w\" sizes=\"auto, (max-width: 1080px) 100vw, 1080px\" \/> <img loading=\"lazy\" decoding=\"async\" class=\"alignnone wp-image-85573 size-full\" src=\"http:\/\/10.200.87.50\/mppee\/wp-content\/uploads\/2021\/11\/Fuerza-laboral-del-SEN-se-capacita-para-atender-a-personas-con-discapacidad-1.jpeg\" alt=\"\" width=\"937\" height=\"702\" srcset=\"https:\/\/mppee.gob.ve\/wp-content\/uploads\/2021\/11\/Fuerza-laboral-del-SEN-se-capacita-para-atender-a-personas-con-discapacidad-1.jpeg 937w, https:\/\/mppee.gob.ve\/wp-content\/uploads\/2021\/11\/Fuerza-laboral-del-SEN-se-capacita-para-atender-a-personas-con-discapacidad-1-300x225.jpeg 300w, https:\/\/mppee.gob.ve\/wp-content\/uploads\/2021\/11\/Fuerza-laboral-del-SEN-se-capacita-para-atender-a-personas-con-discapacidad-1-768x575.jpeg 768w\" sizes=\"auto, (max-width: 937px) 100vw, 937px\" \/><\/p>\n","protected":false},"excerpt":{"rendered":"<p>Con el objetivo de consolidar y establecer los acuerdos del programa \u201cCreo en ti\u201d que impulsa el Ministerio del Poder<\/p>\n","protected":false},"author":12,"featured_media":85584,"comment_status":"open","ping_status":"open","sticky":false,"template":"","format":"standard","meta":{"footnotes":""},"categories":[15],"tags":[11],"class_list":["post-85565","post","type-post","status-publish","format-standard","has-post-thumbnail","hentry","category-nacionales","tag-mppee"],"_links":{"self":[{"href":"https:\/\/mppee.gob.ve\/index.php?rest_route=\/wp\/v2\/posts\/85565","targetHints":{"allow":["GET"]}}],"collection":[{"href":"https:\/\/mppee.gob.ve\/index.php?rest_route=\/wp\/v2\/posts"}],"about":[{"href":"https:\/\/mppee.gob.ve\/index.php?rest_route=\/wp\/v2\/types\/post"}],"author":[{"embeddable":true,"href":"https:\/\/mppee.gob.ve\/index.php?rest_route=\/wp\/v2\/users\/12"}],"replies":[{"embeddable":true,"href":"https:\/\/mppee.gob.ve\/index.php?rest_route=%2Fwp%2Fv2%2Fcomments&post=85565"}],"version-history":[{"count":1,"href":"https:\/\/mppee.gob.ve\/index.php?rest_route=\/wp\/v2\/posts\/85565\/revisions"}],"predecessor-version":[{"id":85585,"href":"https:\/\/mppee.gob.ve\/index.php?rest_route=\/wp\/v2\/posts\/85565\/revisions\/85585"}],"wp:featuredmedia":[{"embeddable":true,"href":"https:\/\/mppee.gob.ve\/index.php?rest_route=\/wp\/v2\/media\/85584"}],"wp:attachment":[{"href":"https:\/\/mppee.gob.ve\/index.php?rest_route=%2Fwp%2Fv2%2Fmedia&parent=85565"}],"wp:term":[{"taxonomy":"category","embeddable":true,"href":"https:\/\/mppee.gob.ve\/index.php?rest_route=%2Fwp%2Fv2%2Fcategories&post=85565"},{"taxonomy":"post_tag","embeddable":true,"href":"https:\/\/mppee.gob.ve\/index.php?rest_route=%2Fwp%2Fv2%2Ftags&post=85565"}],"curies":[{"name":"wp","href":"https:\/\/api.w.org\/{rel}","templated":true}]}}