{"id":85631,"date":"2021-11-17T14:04:00","date_gmt":"2021-11-17T14:04:00","guid":{"rendered":"http:\/\/10.200.87.50\/mppee\/?p=85631"},"modified":"2021-11-22T14:12:19","modified_gmt":"2021-11-22T14:12:19","slug":"reinauguran-planta-de-llenado-jefa-apacuana-en-el-estado-miranda","status":"publish","type":"post","link":"https:\/\/mppee.gob.ve\/?p=85631","title":{"rendered":"Reinauguran Planta de Llenado Jefa Apacuana en el estado Miranda"},"content":{"rendered":"<p style=\"text-align: justify;\"><img loading=\"lazy\" decoding=\"async\" class=\"size-medium wp-image-85649 alignleft\" src=\"http:\/\/10.200.87.50\/mppee\/wp-content\/uploads\/2021\/11\/Reinauguran-Planta-de-Llenado-Jefa-Apacuana-en-el-estado-Miranda-18-300x207.jpeg\" alt=\"\" width=\"300\" height=\"207\" srcset=\"https:\/\/mppee.gob.ve\/wp-content\/uploads\/2021\/11\/Reinauguran-Planta-de-Llenado-Jefa-Apacuana-en-el-estado-Miranda-18-300x207.jpeg 300w, https:\/\/mppee.gob.ve\/wp-content\/uploads\/2021\/11\/Reinauguran-Planta-de-Llenado-Jefa-Apacuana-en-el-estado-Miranda-18-1024x705.jpeg 1024w, https:\/\/mppee.gob.ve\/wp-content\/uploads\/2021\/11\/Reinauguran-Planta-de-Llenado-Jefa-Apacuana-en-el-estado-Miranda-18-768x529.jpeg 768w, https:\/\/mppee.gob.ve\/wp-content\/uploads\/2021\/11\/Reinauguran-Planta-de-Llenado-Jefa-Apacuana-en-el-estado-Miranda-18-392x272.jpeg 392w, https:\/\/mppee.gob.ve\/wp-content\/uploads\/2021\/11\/Reinauguran-Planta-de-Llenado-Jefa-Apacuana-en-el-estado-Miranda-18-130x90.jpeg 130w, https:\/\/mppee.gob.ve\/wp-content\/uploads\/2021\/11\/Reinauguran-Planta-de-Llenado-Jefa-Apacuana-en-el-estado-Miranda-18.jpeg 1080w\" sizes=\"auto, (max-width: 300px) 100vw, 300px\" \/>Este mi\u00e9rcoles en un pase televisivo con el presidente de la Rep\u00fablica, Nicol\u00e1s Maduro, fue reinaugurada la Planta de Llenado de Gas Licuado de Petr\u00f3leo (GLP) \u00abJefa Apacuana\u00bb, en los Valles del Tuy, estado Miranda, como parte del Plan de Atenci\u00f3n de los Servicios P\u00fablicos que lleva adelante el vicepresidente sectorial de Obras P\u00fablicas y Servicios, G\/J N\u00e8stor Reverol.<\/p>\n<p>El Centro de Trabajo Jefa Apacuana tiene una capacidad de almacenamiento de 60 mil galones de GLP y contar\u00e1 con una capacidad de llenado de 216 mil cilindros mensuales, que atender\u00e1 a m\u00e1s de 142 mil familias de los Valles del Tuy.<\/p>\n<p>Dentro de las labores de la seguridad industrial para los trabajadores, se activ\u00f3 el Sistema Contra Incendio, acompa\u00f1ado de una bomba de GLP de respaldo, para garantizar de manera eficiente el llenado de los cilindros.<\/p>\n<p><img loading=\"lazy\" decoding=\"async\" class=\"size-medium wp-image-85648 alignright\" src=\"http:\/\/10.200.87.50\/mppee\/wp-content\/uploads\/2021\/11\/Reinauguran-Planta-de-Llenado-Jefa-Apacuana-en-el-estado-Miranda-17-300x200.jpeg\" alt=\"\" width=\"300\" height=\"200\" srcset=\"https:\/\/mppee.gob.ve\/wp-content\/uploads\/2021\/11\/Reinauguran-Planta-de-Llenado-Jefa-Apacuana-en-el-estado-Miranda-17-300x200.jpeg 300w, https:\/\/mppee.gob.ve\/wp-content\/uploads\/2021\/11\/Reinauguran-Planta-de-Llenado-Jefa-Apacuana-en-el-estado-Miranda-17-1024x683.jpeg 1024w, https:\/\/mppee.gob.ve\/wp-content\/uploads\/2021\/11\/Reinauguran-Planta-de-Llenado-Jefa-Apacuana-en-el-estado-Miranda-17-768x512.jpeg 768w, https:\/\/mppee.gob.ve\/wp-content\/uploads\/2021\/11\/Reinauguran-Planta-de-Llenado-Jefa-Apacuana-en-el-estado-Miranda-17.jpeg 1080w\" sizes=\"auto, (max-width: 300px) 100vw, 300px\" \/>Adem\u00e1s, se logr\u00f3 acortar los ciclos de despacho en los 21 municipios del estado Miranda.<\/p>\n<p>Pese al bloqueo econ\u00f3mico y las condiciones de la pandemia, los trabajadores de PDVSA Gas Comunal se mantienen firmes trabajando arduamente en la distribuci\u00f3n del gas dom\u00e9stico.<\/p>\n<p><img loading=\"lazy\" decoding=\"async\" class=\"alignnone wp-image-85647 size-full\" src=\"http:\/\/10.200.87.50\/mppee\/wp-content\/uploads\/2021\/11\/Reinauguran-Planta-de-Llenado-Jefa-Apacuana-en-el-estado-Miranda-16.jpeg\" alt=\"\" width=\"1080\" height=\"720\" srcset=\"https:\/\/mppee.gob.ve\/wp-content\/uploads\/2021\/11\/Reinauguran-Planta-de-Llenado-Jefa-Apacuana-en-el-estado-Miranda-16.jpeg 1080w, https:\/\/mppee.gob.ve\/wp-content\/uploads\/2021\/11\/Reinauguran-Planta-de-Llenado-Jefa-Apacuana-en-el-estado-Miranda-16-300x200.jpeg 300w, https:\/\/mppee.gob.ve\/wp-content\/uploads\/2021\/11\/Reinauguran-Planta-de-Llenado-Jefa-Apacuana-en-el-estado-Miranda-16-1024x683.jpeg 1024w, https:\/\/mppee.gob.ve\/wp-content\/uploads\/2021\/11\/Reinauguran-Planta-de-Llenado-Jefa-Apacuana-en-el-estado-Miranda-16-768x512.jpeg 768w\" sizes=\"auto, (max-width: 1080px) 100vw, 1080px\" \/> <img loading=\"lazy\" decoding=\"async\" class=\"alignnone wp-image-85646 size-full\" src=\"http:\/\/10.200.87.50\/mppee\/wp-content\/uploads\/2021\/11\/Reinauguran-Planta-de-Llenado-Jefa-Apacuana-en-el-estado-Miranda-15.jpeg\" alt=\"\" width=\"1080\" height=\"720\" srcset=\"https:\/\/mppee.gob.ve\/wp-content\/uploads\/2021\/11\/Reinauguran-Planta-de-Llenado-Jefa-Apacuana-en-el-estado-Miranda-15.jpeg 1080w, https:\/\/mppee.gob.ve\/wp-content\/uploads\/2021\/11\/Reinauguran-Planta-de-Llenado-Jefa-Apacuana-en-el-estado-Miranda-15-300x200.jpeg 300w, https:\/\/mppee.gob.ve\/wp-content\/uploads\/2021\/11\/Reinauguran-Planta-de-Llenado-Jefa-Apacuana-en-el-estado-Miranda-15-1024x683.jpeg 1024w, https:\/\/mppee.gob.ve\/wp-content\/uploads\/2021\/11\/Reinauguran-Planta-de-Llenado-Jefa-Apacuana-en-el-estado-Miranda-15-768x512.jpeg 768w\" sizes=\"auto, (max-width: 1080px) 100vw, 1080px\" \/> <img loading=\"lazy\" decoding=\"async\" class=\"alignnone wp-image-85645 size-full\" src=\"http:\/\/10.200.87.50\/mppee\/wp-content\/uploads\/2021\/11\/Reinauguran-Planta-de-Llenado-Jefa-Apacuana-en-el-estado-Miranda-14.jpeg\" alt=\"\" width=\"1080\" height=\"720\" srcset=\"https:\/\/mppee.gob.ve\/wp-content\/uploads\/2021\/11\/Reinauguran-Planta-de-Llenado-Jefa-Apacuana-en-el-estado-Miranda-14.jpeg 1080w, https:\/\/mppee.gob.ve\/wp-content\/uploads\/2021\/11\/Reinauguran-Planta-de-Llenado-Jefa-Apacuana-en-el-estado-Miranda-14-300x200.jpeg 300w, https:\/\/mppee.gob.ve\/wp-content\/uploads\/2021\/11\/Reinauguran-Planta-de-Llenado-Jefa-Apacuana-en-el-estado-Miranda-14-1024x683.jpeg 1024w, https:\/\/mppee.gob.ve\/wp-content\/uploads\/2021\/11\/Reinauguran-Planta-de-Llenado-Jefa-Apacuana-en-el-estado-Miranda-14-768x512.jpeg 768w\" sizes=\"auto, (max-width: 1080px) 100vw, 1080px\" \/> <img loading=\"lazy\" decoding=\"async\" class=\"alignnone wp-image-85644 size-full\" src=\"http:\/\/10.200.87.50\/mppee\/wp-content\/uploads\/2021\/11\/Reinauguran-Planta-de-Llenado-Jefa-Apacuana-en-el-estado-Miranda-13.jpeg\" alt=\"\" width=\"1080\" height=\"720\" srcset=\"https:\/\/mppee.gob.ve\/wp-content\/uploads\/2021\/11\/Reinauguran-Planta-de-Llenado-Jefa-Apacuana-en-el-estado-Miranda-13.jpeg 1080w, https:\/\/mppee.gob.ve\/wp-content\/uploads\/2021\/11\/Reinauguran-Planta-de-Llenado-Jefa-Apacuana-en-el-estado-Miranda-13-300x200.jpeg 300w, https:\/\/mppee.gob.ve\/wp-content\/uploads\/2021\/11\/Reinauguran-Planta-de-Llenado-Jefa-Apacuana-en-el-estado-Miranda-13-1024x683.jpeg 1024w, https:\/\/mppee.gob.ve\/wp-content\/uploads\/2021\/11\/Reinauguran-Planta-de-Llenado-Jefa-Apacuana-en-el-estado-Miranda-13-768x512.jpeg 768w\" sizes=\"auto, (max-width: 1080px) 100vw, 1080px\" \/> <img loading=\"lazy\" decoding=\"async\" class=\"alignnone wp-image-85643 size-full\" src=\"http:\/\/10.200.87.50\/mppee\/wp-content\/uploads\/2021\/11\/Reinauguran-Planta-de-Llenado-Jefa-Apacuana-en-el-estado-Miranda-12.jpeg\" alt=\"\" width=\"1080\" height=\"720\" srcset=\"https:\/\/mppee.gob.ve\/wp-content\/uploads\/2021\/11\/Reinauguran-Planta-de-Llenado-Jefa-Apacuana-en-el-estado-Miranda-12.jpeg 1080w, https:\/\/mppee.gob.ve\/wp-content\/uploads\/2021\/11\/Reinauguran-Planta-de-Llenado-Jefa-Apacuana-en-el-estado-Miranda-12-300x200.jpeg 300w, https:\/\/mppee.gob.ve\/wp-content\/uploads\/2021\/11\/Reinauguran-Planta-de-Llenado-Jefa-Apacuana-en-el-estado-Miranda-12-1024x683.jpeg 1024w, https:\/\/mppee.gob.ve\/wp-content\/uploads\/2021\/11\/Reinauguran-Planta-de-Llenado-Jefa-Apacuana-en-el-estado-Miranda-12-768x512.jpeg 768w\" sizes=\"auto, (max-width: 1080px) 100vw, 1080px\" \/> <img loading=\"lazy\" decoding=\"async\" class=\"alignnone wp-image-85641 size-full\" src=\"http:\/\/10.200.87.50\/mppee\/wp-content\/uploads\/2021\/11\/Reinauguran-Planta-de-Llenado-Jefa-Apacuana-en-el-estado-Miranda-10.jpeg\" alt=\"\" width=\"1080\" height=\"720\" srcset=\"https:\/\/mppee.gob.ve\/wp-content\/uploads\/2021\/11\/Reinauguran-Planta-de-Llenado-Jefa-Apacuana-en-el-estado-Miranda-10.jpeg 1080w, https:\/\/mppee.gob.ve\/wp-content\/uploads\/2021\/11\/Reinauguran-Planta-de-Llenado-Jefa-Apacuana-en-el-estado-Miranda-10-300x200.jpeg 300w, https:\/\/mppee.gob.ve\/wp-content\/uploads\/2021\/11\/Reinauguran-Planta-de-Llenado-Jefa-Apacuana-en-el-estado-Miranda-10-1024x683.jpeg 1024w, https:\/\/mppee.gob.ve\/wp-content\/uploads\/2021\/11\/Reinauguran-Planta-de-Llenado-Jefa-Apacuana-en-el-estado-Miranda-10-768x512.jpeg 768w\" sizes=\"auto, (max-width: 1080px) 100vw, 1080px\" \/> <img loading=\"lazy\" decoding=\"async\" class=\"alignnone wp-image-85640 size-full\" src=\"http:\/\/10.200.87.50\/mppee\/wp-content\/uploads\/2021\/11\/Reinauguran-Planta-de-Llenado-Jefa-Apacuana-en-el-estado-Miranda-9.jpeg\" alt=\"\" width=\"1080\" height=\"720\" srcset=\"https:\/\/mppee.gob.ve\/wp-content\/uploads\/2021\/11\/Reinauguran-Planta-de-Llenado-Jefa-Apacuana-en-el-estado-Miranda-9.jpeg 1080w, https:\/\/mppee.gob.ve\/wp-content\/uploads\/2021\/11\/Reinauguran-Planta-de-Llenado-Jefa-Apacuana-en-el-estado-Miranda-9-300x200.jpeg 300w, https:\/\/mppee.gob.ve\/wp-content\/uploads\/2021\/11\/Reinauguran-Planta-de-Llenado-Jefa-Apacuana-en-el-estado-Miranda-9-1024x683.jpeg 1024w, https:\/\/mppee.gob.ve\/wp-content\/uploads\/2021\/11\/Reinauguran-Planta-de-Llenado-Jefa-Apacuana-en-el-estado-Miranda-9-768x512.jpeg 768w\" sizes=\"auto, (max-width: 1080px) 100vw, 1080px\" \/> <img loading=\"lazy\" decoding=\"async\" class=\"alignnone wp-image-85639 size-full\" src=\"http:\/\/10.200.87.50\/mppee\/wp-content\/uploads\/2021\/11\/Reinauguran-Planta-de-Llenado-Jefa-Apacuana-en-el-estado-Miranda-8.jpeg\" alt=\"\" width=\"1080\" height=\"720\" srcset=\"https:\/\/mppee.gob.ve\/wp-content\/uploads\/2021\/11\/Reinauguran-Planta-de-Llenado-Jefa-Apacuana-en-el-estado-Miranda-8.jpeg 1080w, https:\/\/mppee.gob.ve\/wp-content\/uploads\/2021\/11\/Reinauguran-Planta-de-Llenado-Jefa-Apacuana-en-el-estado-Miranda-8-300x200.jpeg 300w, https:\/\/mppee.gob.ve\/wp-content\/uploads\/2021\/11\/Reinauguran-Planta-de-Llenado-Jefa-Apacuana-en-el-estado-Miranda-8-1024x683.jpeg 1024w, https:\/\/mppee.gob.ve\/wp-content\/uploads\/2021\/11\/Reinauguran-Planta-de-Llenado-Jefa-Apacuana-en-el-estado-Miranda-8-768x512.jpeg 768w\" sizes=\"auto, (max-width: 1080px) 100vw, 1080px\" \/> <img loading=\"lazy\" decoding=\"async\" class=\"alignnone wp-image-85638 size-full\" src=\"http:\/\/10.200.87.50\/mppee\/wp-content\/uploads\/2021\/11\/Reinauguran-Planta-de-Llenado-Jefa-Apacuana-en-el-estado-Miranda-7.jpeg\" alt=\"\" width=\"1080\" height=\"720\" srcset=\"https:\/\/mppee.gob.ve\/wp-content\/uploads\/2021\/11\/Reinauguran-Planta-de-Llenado-Jefa-Apacuana-en-el-estado-Miranda-7.jpeg 1080w, https:\/\/mppee.gob.ve\/wp-content\/uploads\/2021\/11\/Reinauguran-Planta-de-Llenado-Jefa-Apacuana-en-el-estado-Miranda-7-300x200.jpeg 300w, https:\/\/mppee.gob.ve\/wp-content\/uploads\/2021\/11\/Reinauguran-Planta-de-Llenado-Jefa-Apacuana-en-el-estado-Miranda-7-1024x683.jpeg 1024w, https:\/\/mppee.gob.ve\/wp-content\/uploads\/2021\/11\/Reinauguran-Planta-de-Llenado-Jefa-Apacuana-en-el-estado-Miranda-7-768x512.jpeg 768w\" sizes=\"auto, (max-width: 1080px) 100vw, 1080px\" \/> <img loading=\"lazy\" decoding=\"async\" class=\"alignnone wp-image-85637 size-full\" src=\"http:\/\/10.200.87.50\/mppee\/wp-content\/uploads\/2021\/11\/Reinauguran-Planta-de-Llenado-Jefa-Apacuana-en-el-estado-Miranda-6.jpeg\" alt=\"\" width=\"1080\" height=\"720\" srcset=\"https:\/\/mppee.gob.ve\/wp-content\/uploads\/2021\/11\/Reinauguran-Planta-de-Llenado-Jefa-Apacuana-en-el-estado-Miranda-6.jpeg 1080w, https:\/\/mppee.gob.ve\/wp-content\/uploads\/2021\/11\/Reinauguran-Planta-de-Llenado-Jefa-Apacuana-en-el-estado-Miranda-6-300x200.jpeg 300w, https:\/\/mppee.gob.ve\/wp-content\/uploads\/2021\/11\/Reinauguran-Planta-de-Llenado-Jefa-Apacuana-en-el-estado-Miranda-6-1024x683.jpeg 1024w, https:\/\/mppee.gob.ve\/wp-content\/uploads\/2021\/11\/Reinauguran-Planta-de-Llenado-Jefa-Apacuana-en-el-estado-Miranda-6-768x512.jpeg 768w\" sizes=\"auto, (max-width: 1080px) 100vw, 1080px\" \/> <img loading=\"lazy\" decoding=\"async\" class=\"alignnone wp-image-85636 size-full\" src=\"http:\/\/10.200.87.50\/mppee\/wp-content\/uploads\/2021\/11\/Reinauguran-Planta-de-Llenado-Jefa-Apacuana-en-el-estado-Miranda-5.jpeg\" alt=\"\" width=\"1080\" height=\"720\" srcset=\"https:\/\/mppee.gob.ve\/wp-content\/uploads\/2021\/11\/Reinauguran-Planta-de-Llenado-Jefa-Apacuana-en-el-estado-Miranda-5.jpeg 1080w, https:\/\/mppee.gob.ve\/wp-content\/uploads\/2021\/11\/Reinauguran-Planta-de-Llenado-Jefa-Apacuana-en-el-estado-Miranda-5-300x200.jpeg 300w, https:\/\/mppee.gob.ve\/wp-content\/uploads\/2021\/11\/Reinauguran-Planta-de-Llenado-Jefa-Apacuana-en-el-estado-Miranda-5-1024x683.jpeg 1024w, https:\/\/mppee.gob.ve\/wp-content\/uploads\/2021\/11\/Reinauguran-Planta-de-Llenado-Jefa-Apacuana-en-el-estado-Miranda-5-768x512.jpeg 768w\" sizes=\"auto, (max-width: 1080px) 100vw, 1080px\" \/> <img loading=\"lazy\" decoding=\"async\" class=\"alignnone wp-image-85635 size-full\" src=\"http:\/\/10.200.87.50\/mppee\/wp-content\/uploads\/2021\/11\/Reinauguran-Planta-de-Llenado-Jefa-Apacuana-en-el-estado-Miranda-4.jpeg\" alt=\"\" width=\"1080\" height=\"720\" srcset=\"https:\/\/mppee.gob.ve\/wp-content\/uploads\/2021\/11\/Reinauguran-Planta-de-Llenado-Jefa-Apacuana-en-el-estado-Miranda-4.jpeg 1080w, https:\/\/mppee.gob.ve\/wp-content\/uploads\/2021\/11\/Reinauguran-Planta-de-Llenado-Jefa-Apacuana-en-el-estado-Miranda-4-300x200.jpeg 300w, https:\/\/mppee.gob.ve\/wp-content\/uploads\/2021\/11\/Reinauguran-Planta-de-Llenado-Jefa-Apacuana-en-el-estado-Miranda-4-1024x683.jpeg 1024w, https:\/\/mppee.gob.ve\/wp-content\/uploads\/2021\/11\/Reinauguran-Planta-de-Llenado-Jefa-Apacuana-en-el-estado-Miranda-4-768x512.jpeg 768w\" sizes=\"auto, (max-width: 1080px) 100vw, 1080px\" \/> <img loading=\"lazy\" decoding=\"async\" class=\"alignnone wp-image-85634 size-full\" src=\"http:\/\/10.200.87.50\/mppee\/wp-content\/uploads\/2021\/11\/Reinauguran-Planta-de-Llenado-Jefa-Apacuana-en-el-estado-Miranda-3.jpeg\" alt=\"\" width=\"1080\" height=\"720\" srcset=\"https:\/\/mppee.gob.ve\/wp-content\/uploads\/2021\/11\/Reinauguran-Planta-de-Llenado-Jefa-Apacuana-en-el-estado-Miranda-3.jpeg 1080w, https:\/\/mppee.gob.ve\/wp-content\/uploads\/2021\/11\/Reinauguran-Planta-de-Llenado-Jefa-Apacuana-en-el-estado-Miranda-3-300x200.jpeg 300w, https:\/\/mppee.gob.ve\/wp-content\/uploads\/2021\/11\/Reinauguran-Planta-de-Llenado-Jefa-Apacuana-en-el-estado-Miranda-3-1024x683.jpeg 1024w, https:\/\/mppee.gob.ve\/wp-content\/uploads\/2021\/11\/Reinauguran-Planta-de-Llenado-Jefa-Apacuana-en-el-estado-Miranda-3-768x512.jpeg 768w\" sizes=\"auto, (max-width: 1080px) 100vw, 1080px\" \/> <img loading=\"lazy\" decoding=\"async\" class=\"alignnone wp-image-85633 size-full\" src=\"http:\/\/10.200.87.50\/mppee\/wp-content\/uploads\/2021\/11\/Reinauguran-Planta-de-Llenado-Jefa-Apacuana-en-el-estado-Miranda-2.jpeg\" alt=\"\" width=\"1080\" height=\"720\" srcset=\"https:\/\/mppee.gob.ve\/wp-content\/uploads\/2021\/11\/Reinauguran-Planta-de-Llenado-Jefa-Apacuana-en-el-estado-Miranda-2.jpeg 1080w, https:\/\/mppee.gob.ve\/wp-content\/uploads\/2021\/11\/Reinauguran-Planta-de-Llenado-Jefa-Apacuana-en-el-estado-Miranda-2-300x200.jpeg 300w, https:\/\/mppee.gob.ve\/wp-content\/uploads\/2021\/11\/Reinauguran-Planta-de-Llenado-Jefa-Apacuana-en-el-estado-Miranda-2-1024x683.jpeg 1024w, https:\/\/mppee.gob.ve\/wp-content\/uploads\/2021\/11\/Reinauguran-Planta-de-Llenado-Jefa-Apacuana-en-el-estado-Miranda-2-768x512.jpeg 768w\" sizes=\"auto, (max-width: 1080px) 100vw, 1080px\" \/> <img loading=\"lazy\" decoding=\"async\" class=\"alignnone wp-image-85632 size-full\" src=\"http:\/\/10.200.87.50\/mppee\/wp-content\/uploads\/2021\/11\/Reinauguran-Planta-de-Llenado-Jefa-Apacuana-en-el-estado-Miranda-1.jpeg\" alt=\"\" width=\"1080\" height=\"720\" srcset=\"https:\/\/mppee.gob.ve\/wp-content\/uploads\/2021\/11\/Reinauguran-Planta-de-Llenado-Jefa-Apacuana-en-el-estado-Miranda-1.jpeg 1080w, https:\/\/mppee.gob.ve\/wp-content\/uploads\/2021\/11\/Reinauguran-Planta-de-Llenado-Jefa-Apacuana-en-el-estado-Miranda-1-300x200.jpeg 300w, https:\/\/mppee.gob.ve\/wp-content\/uploads\/2021\/11\/Reinauguran-Planta-de-Llenado-Jefa-Apacuana-en-el-estado-Miranda-1-1024x683.jpeg 1024w, https:\/\/mppee.gob.ve\/wp-content\/uploads\/2021\/11\/Reinauguran-Planta-de-Llenado-Jefa-Apacuana-en-el-estado-Miranda-1-768x512.jpeg 768w\" sizes=\"auto, (max-width: 1080px) 100vw, 1080px\" \/><\/p>\n","protected":false},"excerpt":{"rendered":"<p>Este mi\u00e9rcoles en un pase televisivo con el presidente de la Rep\u00fablica, Nicol\u00e1s Maduro, fue reinaugurada la Planta de Llenado<\/p>\n","protected":false},"author":12,"featured_media":85642,"comment_status":"open","ping_status":"open","sticky":false,"template":"","format":"standard","meta":{"footnotes":""},"categories":[30],"tags":[],"class_list":["post-85631","post","type-post","status-publish","format-standard","has-post-thumbnail","hentry","category-regionales"],"_links":{"self":[{"href":"https:\/\/mppee.gob.ve\/index.php?rest_route=\/wp\/v2\/posts\/85631","targetHints":{"allow":["GET"]}}],"collection":[{"href":"https:\/\/mppee.gob.ve\/index.php?rest_route=\/wp\/v2\/posts"}],"about":[{"href":"https:\/\/mppee.gob.ve\/index.php?rest_route=\/wp\/v2\/types\/post"}],"author":[{"embeddable":true,"href":"https:\/\/mppee.gob.ve\/index.php?rest_route=\/wp\/v2\/users\/12"}],"replies":[{"embeddable":true,"href":"https:\/\/mppee.gob.ve\/index.php?rest_route=%2Fwp%2Fv2%2Fcomments&post=85631"}],"version-history":[{"count":1,"href":"https:\/\/mppee.gob.ve\/index.php?rest_route=\/wp\/v2\/posts\/85631\/revisions"}],"predecessor-version":[{"id":85650,"href":"https:\/\/mppee.gob.ve\/index.php?rest_route=\/wp\/v2\/posts\/85631\/revisions\/85650"}],"wp:featuredmedia":[{"embeddable":true,"href":"https:\/\/mppee.gob.ve\/index.php?rest_route=\/wp\/v2\/media\/85642"}],"wp:attachment":[{"href":"https:\/\/mppee.gob.ve\/index.php?rest_route=%2Fwp%2Fv2%2Fmedia&parent=85631"}],"wp:term":[{"taxonomy":"category","embeddable":true,"href":"https:\/\/mppee.gob.ve\/index.php?rest_route=%2Fwp%2Fv2%2Fcategories&post=85631"},{"taxonomy":"post_tag","embeddable":true,"href":"https:\/\/mppee.gob.ve\/index.php?rest_route=%2Fwp%2Fv2%2Ftags&post=85631"}],"curies":[{"name":"wp","href":"https:\/\/api.w.org\/{rel}","templated":true}]}}