{"id":85651,"date":"2021-11-17T14:12:00","date_gmt":"2021-11-17T14:12:00","guid":{"rendered":"http:\/\/10.200.87.50\/mppee\/?p=85651"},"modified":"2021-11-22T14:21:29","modified_gmt":"2021-11-22T14:21:29","slug":"reactivan-tanque-el-calvario-para-distribuir-4-millones-283-mil-litros-de-agua-a-comunidades-caraquenas","status":"publish","type":"post","link":"https:\/\/mppee.gob.ve\/?p=85651","title":{"rendered":"Reactivan tanque El Calvario para distribuir 4 millones 283 mil litros de agua a comunidades caraque\u00f1as"},"content":{"rendered":"<p style=\"text-align: justify;\"><img loading=\"lazy\" decoding=\"async\" class=\"size-medium wp-image-85659 alignleft\" src=\"http:\/\/10.200.87.50\/mppee\/wp-content\/uploads\/2021\/11\/Reactivan-tanque-El-Calvario-para-distribuir-4-millones-283-litros-de-agua-a-comunidades-caraque\u00f1as-8-300x200.jpeg\" alt=\"\" width=\"300\" height=\"200\" srcset=\"https:\/\/mppee.gob.ve\/wp-content\/uploads\/2021\/11\/Reactivan-tanque-El-Calvario-para-distribuir-4-millones-283-litros-de-agua-a-comunidades-caraque\u00f1as-8-300x200.jpeg 300w, https:\/\/mppee.gob.ve\/wp-content\/uploads\/2021\/11\/Reactivan-tanque-El-Calvario-para-distribuir-4-millones-283-litros-de-agua-a-comunidades-caraque\u00f1as-8-768x512.jpeg 768w, https:\/\/mppee.gob.ve\/wp-content\/uploads\/2021\/11\/Reactivan-tanque-El-Calvario-para-distribuir-4-millones-283-litros-de-agua-a-comunidades-caraque\u00f1as-8.jpeg 960w\" sizes=\"auto, (max-width: 300px) 100vw, 300px\" \/>Este mi\u00e9rcoles, el ministro del Poder Popular para la Atenci\u00f3n de las Aguas, Rodolfo Marco Torres, reactiv\u00f3 la primera fase del tanque de agua de El Calvario en el Distrito Capital, que distribuir\u00e1 4 millones 283 mil litros de agua a ocho parroquias de Caracas, durante \u00a0una jornada de Ofensiva Social y Territorial de los Servicios P\u00fablicos, presidida por el Jefe de Estado, Nicol\u00e1s Maduro Moros.<\/p>\n<p>El Ministro afirm\u00f3 que <strong>\u201cel fortalecimiento del estanque en El Calvario alto, en la celda A y la actualizaci\u00f3n de sus sistemas, beneficia a ocho parroquias de la capital, como el 23 de Enero, Altagracia, San Juan, Santa Rosal\u00eda, Catedral, Santa teresa, La Pastora y San Jos\u00e9\u201d.<\/strong><\/p>\n<p><img loading=\"lazy\" decoding=\"async\" class=\"size-medium wp-image-85658 alignright\" src=\"http:\/\/10.200.87.50\/mppee\/wp-content\/uploads\/2021\/11\/Reactivan-tanque-El-Calvario-para-distribuir-4-millones-283-litros-de-agua-a-comunidades-caraque\u00f1as-7-300x135.jpeg\" alt=\"\" width=\"300\" height=\"135\" srcset=\"https:\/\/mppee.gob.ve\/wp-content\/uploads\/2021\/11\/Reactivan-tanque-El-Calvario-para-distribuir-4-millones-283-litros-de-agua-a-comunidades-caraque\u00f1as-7-300x135.jpeg 300w, https:\/\/mppee.gob.ve\/wp-content\/uploads\/2021\/11\/Reactivan-tanque-El-Calvario-para-distribuir-4-millones-283-litros-de-agua-a-comunidades-caraque\u00f1as-7-768x346.jpeg 768w, https:\/\/mppee.gob.ve\/wp-content\/uploads\/2021\/11\/Reactivan-tanque-El-Calvario-para-distribuir-4-millones-283-litros-de-agua-a-comunidades-caraque\u00f1as-7.jpeg 1000w\" sizes=\"auto, (max-width: 300px) 100vw, 300px\" \/>Destac\u00f3 que este tanque fue construido en el a\u00f1o 1874. <strong>\u201cEste lugar tiene 174 a\u00f1os funcionando, y seguimos fortaleciendo la celda B que tambi\u00e9n distribuir\u00e1 cerca de 5 millones de litros de agua para Caracas\u201d<\/strong>, dijo Marco Torres.<\/p>\n<p>Por su parte, la A\/J Carmen Mel\u00e9ndez, indic\u00f3 que se ejecutan acciones para recuperar espacios p\u00fablicos, centros educativos y asistenciales de salud que forman parte de la segunda fase del Plan Caracas Patriota, Bella y Segura.<\/p>\n<p><strong>Prensa Vpsops\u00a0<\/strong><\/p>\n<p><img loading=\"lazy\" decoding=\"async\" class=\"alignnone wp-image-85657 size-full\" src=\"http:\/\/10.200.87.50\/mppee\/wp-content\/uploads\/2021\/11\/Reactivan-tanque-El-Calvario-para-distribuir-4-millones-283-litros-de-agua-a-comunidades-caraque\u00f1as-6.jpeg\" alt=\"\" width=\"960\" height=\"640\" srcset=\"https:\/\/mppee.gob.ve\/wp-content\/uploads\/2021\/11\/Reactivan-tanque-El-Calvario-para-distribuir-4-millones-283-litros-de-agua-a-comunidades-caraque\u00f1as-6.jpeg 960w, https:\/\/mppee.gob.ve\/wp-content\/uploads\/2021\/11\/Reactivan-tanque-El-Calvario-para-distribuir-4-millones-283-litros-de-agua-a-comunidades-caraque\u00f1as-6-300x200.jpeg 300w, https:\/\/mppee.gob.ve\/wp-content\/uploads\/2021\/11\/Reactivan-tanque-El-Calvario-para-distribuir-4-millones-283-litros-de-agua-a-comunidades-caraque\u00f1as-6-768x512.jpeg 768w\" sizes=\"auto, (max-width: 960px) 100vw, 960px\" \/> <img loading=\"lazy\" decoding=\"async\" class=\"alignnone wp-image-85655 size-full\" src=\"http:\/\/10.200.87.50\/mppee\/wp-content\/uploads\/2021\/11\/Reactivan-tanque-El-Calvario-para-distribuir-4-millones-283-litros-de-agua-a-comunidades-caraque\u00f1as-4.jpeg\" alt=\"\" width=\"960\" height=\"540\" srcset=\"https:\/\/mppee.gob.ve\/wp-content\/uploads\/2021\/11\/Reactivan-tanque-El-Calvario-para-distribuir-4-millones-283-litros-de-agua-a-comunidades-caraque\u00f1as-4.jpeg 960w, https:\/\/mppee.gob.ve\/wp-content\/uploads\/2021\/11\/Reactivan-tanque-El-Calvario-para-distribuir-4-millones-283-litros-de-agua-a-comunidades-caraque\u00f1as-4-300x169.jpeg 300w, https:\/\/mppee.gob.ve\/wp-content\/uploads\/2021\/11\/Reactivan-tanque-El-Calvario-para-distribuir-4-millones-283-litros-de-agua-a-comunidades-caraque\u00f1as-4-768x432.jpeg 768w\" sizes=\"auto, (max-width: 960px) 100vw, 960px\" \/> <img loading=\"lazy\" decoding=\"async\" class=\"alignnone wp-image-85654 size-full\" src=\"http:\/\/10.200.87.50\/mppee\/wp-content\/uploads\/2021\/11\/Reactivan-tanque-El-Calvario-para-distribuir-4-millones-283-litros-de-agua-a-comunidades-caraque\u00f1as-3.jpeg\" alt=\"\" width=\"960\" height=\"540\" srcset=\"https:\/\/mppee.gob.ve\/wp-content\/uploads\/2021\/11\/Reactivan-tanque-El-Calvario-para-distribuir-4-millones-283-litros-de-agua-a-comunidades-caraque\u00f1as-3.jpeg 960w, https:\/\/mppee.gob.ve\/wp-content\/uploads\/2021\/11\/Reactivan-tanque-El-Calvario-para-distribuir-4-millones-283-litros-de-agua-a-comunidades-caraque\u00f1as-3-300x169.jpeg 300w, https:\/\/mppee.gob.ve\/wp-content\/uploads\/2021\/11\/Reactivan-tanque-El-Calvario-para-distribuir-4-millones-283-litros-de-agua-a-comunidades-caraque\u00f1as-3-768x432.jpeg 768w\" sizes=\"auto, (max-width: 960px) 100vw, 960px\" \/><\/p>\n","protected":false},"excerpt":{"rendered":"<p>Este mi\u00e9rcoles, el ministro del Poder Popular para la Atenci\u00f3n de las Aguas, Rodolfo Marco Torres, reactiv\u00f3 la primera fase<\/p>\n","protected":false},"author":12,"featured_media":85661,"comment_status":"open","ping_status":"open","sticky":false,"template":"","format":"standard","meta":{"footnotes":""},"categories":[30],"tags":[],"class_list":["post-85651","post","type-post","status-publish","format-standard","has-post-thumbnail","hentry","category-regionales"],"_links":{"self":[{"href":"https:\/\/mppee.gob.ve\/index.php?rest_route=\/wp\/v2\/posts\/85651","targetHints":{"allow":["GET"]}}],"collection":[{"href":"https:\/\/mppee.gob.ve\/index.php?rest_route=\/wp\/v2\/posts"}],"about":[{"href":"https:\/\/mppee.gob.ve\/index.php?rest_route=\/wp\/v2\/types\/post"}],"author":[{"embeddable":true,"href":"https:\/\/mppee.gob.ve\/index.php?rest_route=\/wp\/v2\/users\/12"}],"replies":[{"embeddable":true,"href":"https:\/\/mppee.gob.ve\/index.php?rest_route=%2Fwp%2Fv2%2Fcomments&post=85651"}],"version-history":[{"count":1,"href":"https:\/\/mppee.gob.ve\/index.php?rest_route=\/wp\/v2\/posts\/85651\/revisions"}],"predecessor-version":[{"id":85662,"href":"https:\/\/mppee.gob.ve\/index.php?rest_route=\/wp\/v2\/posts\/85651\/revisions\/85662"}],"wp:featuredmedia":[{"embeddable":true,"href":"https:\/\/mppee.gob.ve\/index.php?rest_route=\/wp\/v2\/media\/85661"}],"wp:attachment":[{"href":"https:\/\/mppee.gob.ve\/index.php?rest_route=%2Fwp%2Fv2%2Fmedia&parent=85651"}],"wp:term":[{"taxonomy":"category","embeddable":true,"href":"https:\/\/mppee.gob.ve\/index.php?rest_route=%2Fwp%2Fv2%2Fcategories&post=85651"},{"taxonomy":"post_tag","embeddable":true,"href":"https:\/\/mppee.gob.ve\/index.php?rest_route=%2Fwp%2Fv2%2Ftags&post=85651"}],"curies":[{"name":"wp","href":"https:\/\/api.w.org\/{rel}","templated":true}]}}