{"id":85672,"date":"2021-11-19T14:33:00","date_gmt":"2021-11-19T14:33:00","guid":{"rendered":"http:\/\/10.200.87.50\/mppee\/?p=85672"},"modified":"2021-11-22T14:37:39","modified_gmt":"2021-11-22T14:37:39","slug":"mas-de-14-mil-trabajadores-y-su-grupo-familiar-ha-beneficiado-el-fasmee-a-un-ano-de-su-creacion","status":"publish","type":"post","link":"https:\/\/mppee.gob.ve\/?p=85672","title":{"rendered":"M\u00e1s de 14 mil trabajadores y su grupo familiar ha beneficiado el Fasmee a un a\u00f1o de su creaci\u00f3n"},"content":{"rendered":"<p style=\"font-weight: 400; text-align: justify;\"><img loading=\"lazy\" decoding=\"async\" class=\"size-medium wp-image-85676 alignleft\" src=\"http:\/\/10.200.87.50\/mppee\/wp-content\/uploads\/2021\/11\/M\u00e1s-de-14-mil-trabajadores-y-su-grupo-familiar-ha-beneficiado-el-Fasmee-a-un-a\u00f1o-de-su-creaci\u00f3n-4-300x223.jpeg\" alt=\"\" width=\"300\" height=\"223\" srcset=\"https:\/\/mppee.gob.ve\/wp-content\/uploads\/2021\/11\/M\u00e1s-de-14-mil-trabajadores-y-su-grupo-familiar-ha-beneficiado-el-Fasmee-a-un-a\u00f1o-de-su-creaci\u00f3n-4-300x223.jpeg 300w, https:\/\/mppee.gob.ve\/wp-content\/uploads\/2021\/11\/M\u00e1s-de-14-mil-trabajadores-y-su-grupo-familiar-ha-beneficiado-el-Fasmee-a-un-a\u00f1o-de-su-creaci\u00f3n-4-768x570.jpeg 768w, https:\/\/mppee.gob.ve\/wp-content\/uploads\/2021\/11\/M\u00e1s-de-14-mil-trabajadores-y-su-grupo-familiar-ha-beneficiado-el-Fasmee-a-un-a\u00f1o-de-su-creaci\u00f3n-4.jpeg 943w\" sizes=\"auto, (max-width: 300px) 100vw, 300px\" \/>A un a\u00f1o de la creaci\u00f3n del Fondo Autoadministrado de Salud para el Ministerio del Poder Popular para la Energ\u00eda El\u00e9ctrica, sus \u00f3rganos integrados y entes adscritos (Fasmee), por parte del Jefe de Estado, Nicol\u00e1s Maduro, se han beneficiado a m\u00e1s de 14 mil trabajadores entre personal activo, jubilado y familiares, asever\u00f3 hoy el vicepresidente sectorial de Obras P\u00fablicas y Servicios, G\/J N\u00e9stor Reverol.<\/p>\n<p style=\"font-weight: 400; text-align: justify;\">A trav\u00e9s de una publicaci\u00f3n en su cuenta en la red social Instagram @reverolnestor, se\u00f1al\u00f3 que el Fasmee forma parte de <strong>\u201clas pol\u00edticas de protecci\u00f3n y bienestar social a la fuerza trabajadora del sector el\u00e9ctrico nacional\u201d.<\/strong><\/p>\n<p style=\"font-weight: 400; text-align: justify;\">Asimismo, el tambi\u00e9n Ministro del Poder Popular para la Energ\u00eda El\u00e9ctrica, destac\u00f3 que <strong>\u201cdurante este a\u00f1o, hemos fortalecido nuestro sistema de salud con la adecuaci\u00f3n de los servicios m\u00e9dicos de las sedes principales de Caracas; la entrega de m\u00e1s de 30 ambulancias, la dotaci\u00f3n de material m\u00e9dico y de bioseguridad, as\u00ed como la incorporaci\u00f3n de una farmacia m\u00f3vil para la adquisici\u00f3n de medicamentos a bajo costo por parte de los trabajadores\u201d.<\/strong><\/p>\n<p style=\"font-weight: 400; text-align: justify;\"><img loading=\"lazy\" decoding=\"async\" class=\"size-medium wp-image-85675 alignright\" src=\"http:\/\/10.200.87.50\/mppee\/wp-content\/uploads\/2021\/11\/M\u00e1s-de-14-mil-trabajadores-y-su-grupo-familiar-ha-beneficiado-el-Fasmee-a-un-a\u00f1o-de-su-creaci\u00f3n-3-300x204.jpeg\" alt=\"\" width=\"300\" height=\"204\" srcset=\"https:\/\/mppee.gob.ve\/wp-content\/uploads\/2021\/11\/M\u00e1s-de-14-mil-trabajadores-y-su-grupo-familiar-ha-beneficiado-el-Fasmee-a-un-a\u00f1o-de-su-creaci\u00f3n-3-300x204.jpeg 300w, https:\/\/mppee.gob.ve\/wp-content\/uploads\/2021\/11\/M\u00e1s-de-14-mil-trabajadores-y-su-grupo-familiar-ha-beneficiado-el-Fasmee-a-un-a\u00f1o-de-su-creaci\u00f3n-3-768x524.jpeg 768w, https:\/\/mppee.gob.ve\/wp-content\/uploads\/2021\/11\/M\u00e1s-de-14-mil-trabajadores-y-su-grupo-familiar-ha-beneficiado-el-Fasmee-a-un-a\u00f1o-de-su-creaci\u00f3n-3.jpeg 1024w\" sizes=\"auto, (max-width: 300px) 100vw, 300px\" \/>Resalt\u00f3 adem\u00e1s el desarrollo de las jornadas integrales de atenci\u00f3n para la salud con alcance nacional, conjuntamente con los 66 centros de asistencia primaria con las que cuenta la Corporaci\u00f3n El\u00e9ctrica Nacional (Corpoelec).<\/p>\n<p style=\"font-weight: 400; text-align: justify;\">Reverol Torres reiter\u00f3 que solo en este a\u00f1o, en medio de la pandemia por la COVID-19, el personal que labora en Fasmee ha vacunado a un total de 23 mil personas, gracias a la activaci\u00f3n de 24 centros de vacunaci\u00f3n en el territorio nacional, para garantizar la protecci\u00f3n ante este virus.<\/p>\n<p style=\"font-weight: 400; text-align: justify;\"><strong>\u201cContinuamos realizando todos los esfuerzos necesarios para garantizar la salud de nuestros centinelas del sector, quienes se encuentran en pie de lucha para brindar un \u00f3ptimo servicio el\u00e9ctrico al pueblo de Venezuela\u201d<\/strong>, dijo el Ministro Reverol.<\/p>\n<p style=\"font-weight: 400; text-align: justify;\"><strong>Prensa Mppee\u00a0<\/strong><\/p>\n<p><img loading=\"lazy\" decoding=\"async\" class=\"alignnone wp-image-85673 size-full\" src=\"http:\/\/10.200.87.50\/mppee\/wp-content\/uploads\/2021\/11\/M\u00e1s-de-14-mil-trabajadores-y-su-grupo-familiar-ha-beneficiado-el-Fasmee-a-un-a\u00f1o-de-su-creaci\u00f3n-1.jpeg\" alt=\"\" width=\"1024\" height=\"683\" srcset=\"https:\/\/mppee.gob.ve\/wp-content\/uploads\/2021\/11\/M\u00e1s-de-14-mil-trabajadores-y-su-grupo-familiar-ha-beneficiado-el-Fasmee-a-un-a\u00f1o-de-su-creaci\u00f3n-1.jpeg 1024w, https:\/\/mppee.gob.ve\/wp-content\/uploads\/2021\/11\/M\u00e1s-de-14-mil-trabajadores-y-su-grupo-familiar-ha-beneficiado-el-Fasmee-a-un-a\u00f1o-de-su-creaci\u00f3n-1-300x200.jpeg 300w, https:\/\/mppee.gob.ve\/wp-content\/uploads\/2021\/11\/M\u00e1s-de-14-mil-trabajadores-y-su-grupo-familiar-ha-beneficiado-el-Fasmee-a-un-a\u00f1o-de-su-creaci\u00f3n-1-768x512.jpeg 768w\" sizes=\"auto, (max-width: 1024px) 100vw, 1024px\" \/><\/p>\n","protected":false},"excerpt":{"rendered":"<p>A un a\u00f1o de la creaci\u00f3n del Fondo Autoadministrado de Salud para el Ministerio del Poder Popular para la Energ\u00eda<\/p>\n","protected":false},"author":12,"featured_media":85674,"comment_status":"open","ping_status":"open","sticky":false,"template":"","format":"standard","meta":{"footnotes":""},"categories":[15],"tags":[255,11],"class_list":["post-85672","post","type-post","status-publish","format-standard","has-post-thumbnail","hentry","category-nacionales","tag-fasmee","tag-mppee"],"_links":{"self":[{"href":"https:\/\/mppee.gob.ve\/index.php?rest_route=\/wp\/v2\/posts\/85672","targetHints":{"allow":["GET"]}}],"collection":[{"href":"https:\/\/mppee.gob.ve\/index.php?rest_route=\/wp\/v2\/posts"}],"about":[{"href":"https:\/\/mppee.gob.ve\/index.php?rest_route=\/wp\/v2\/types\/post"}],"author":[{"embeddable":true,"href":"https:\/\/mppee.gob.ve\/index.php?rest_route=\/wp\/v2\/users\/12"}],"replies":[{"embeddable":true,"href":"https:\/\/mppee.gob.ve\/index.php?rest_route=%2Fwp%2Fv2%2Fcomments&post=85672"}],"version-history":[{"count":1,"href":"https:\/\/mppee.gob.ve\/index.php?rest_route=\/wp\/v2\/posts\/85672\/revisions"}],"predecessor-version":[{"id":85677,"href":"https:\/\/mppee.gob.ve\/index.php?rest_route=\/wp\/v2\/posts\/85672\/revisions\/85677"}],"wp:featuredmedia":[{"embeddable":true,"href":"https:\/\/mppee.gob.ve\/index.php?rest_route=\/wp\/v2\/media\/85674"}],"wp:attachment":[{"href":"https:\/\/mppee.gob.ve\/index.php?rest_route=%2Fwp%2Fv2%2Fmedia&parent=85672"}],"wp:term":[{"taxonomy":"category","embeddable":true,"href":"https:\/\/mppee.gob.ve\/index.php?rest_route=%2Fwp%2Fv2%2Fcategories&post=85672"},{"taxonomy":"post_tag","embeddable":true,"href":"https:\/\/mppee.gob.ve\/index.php?rest_route=%2Fwp%2Fv2%2Ftags&post=85672"}],"curies":[{"name":"wp","href":"https:\/\/api.w.org\/{rel}","templated":true}]}}