{"id":85713,"date":"2021-11-23T13:07:00","date_gmt":"2021-11-23T13:07:00","guid":{"rendered":"http:\/\/10.200.87.50\/mppee\/?p=85713"},"modified":"2021-11-24T13:29:14","modified_gmt":"2021-11-24T13:29:14","slug":"evaluan-acciones-por-desarrollar-para-la-estabilizacion-del-sen","status":"publish","type":"post","link":"https:\/\/mppee.gob.ve\/?p=85713","title":{"rendered":"Eval\u00faan acciones por desarrollar para la estabilizaci\u00f3n del SEN"},"content":{"rendered":"<p style=\"text-align: justify;\"><img loading=\"lazy\" decoding=\"async\" class=\"size-medium wp-image-85717 alignleft\" src=\"http:\/\/10.200.87.50\/mppee\/wp-content\/uploads\/2021\/11\/Eval\u00faan-acciones-por-desarrollar-para-la-estabilizaci\u00f3n-del-SEN-4-300x181.jpeg\" alt=\"\" width=\"300\" height=\"181\" srcset=\"https:\/\/mppee.gob.ve\/wp-content\/uploads\/2021\/11\/Eval\u00faan-acciones-por-desarrollar-para-la-estabilizaci\u00f3n-del-SEN-4-300x181.jpeg 300w, https:\/\/mppee.gob.ve\/wp-content\/uploads\/2021\/11\/Eval\u00faan-acciones-por-desarrollar-para-la-estabilizaci\u00f3n-del-SEN-4-1024x619.jpeg 1024w, https:\/\/mppee.gob.ve\/wp-content\/uploads\/2021\/11\/Eval\u00faan-acciones-por-desarrollar-para-la-estabilizaci\u00f3n-del-SEN-4-768x464.jpeg 768w, https:\/\/mppee.gob.ve\/wp-content\/uploads\/2021\/11\/Eval\u00faan-acciones-por-desarrollar-para-la-estabilizaci\u00f3n-del-SEN-4.jpeg 1080w\" sizes=\"auto, (max-width: 300px) 100vw, 300px\" \/>El vicepresidente Sectorial de Obras P\u00fablicas y Servicios, G\/J N\u00e9stor Reverol, encabez\u00f3 un encuentro de evaluaci\u00f3n y revisi\u00f3n de la hoja de ruta de acciones ejecutadas, por desarrollar con respecto al Sistema El\u00e9ctrico Nacional (SEN).<\/p>\n<p>As\u00ed lo inform\u00f3, mediante una publicaci\u00f3n en la red social Instagram @reverolnestor. <strong>\u201cHemos sostenido un encuentro con las autoridades del @MinisterioEnergiaElectrica y @CorpoelecInfo, a fin de evaluar la hoja de ruta de las acciones a ejecutar, durante el mes de diciembre de 2021\u201d<\/strong>, manifest\u00f3.<\/p>\n<p><img loading=\"lazy\" decoding=\"async\" class=\"size-medium wp-image-85715 alignright\" src=\"http:\/\/10.200.87.50\/mppee\/wp-content\/uploads\/2021\/11\/Eval\u00faan-acciones-por-desarrollar-para-la-estabilizaci\u00f3n-del-SEN-2-300x200.jpeg\" alt=\"\" width=\"300\" height=\"200\" srcset=\"https:\/\/mppee.gob.ve\/wp-content\/uploads\/2021\/11\/Eval\u00faan-acciones-por-desarrollar-para-la-estabilizaci\u00f3n-del-SEN-2-300x200.jpeg 300w, https:\/\/mppee.gob.ve\/wp-content\/uploads\/2021\/11\/Eval\u00faan-acciones-por-desarrollar-para-la-estabilizaci\u00f3n-del-SEN-2-1024x682.jpeg 1024w, https:\/\/mppee.gob.ve\/wp-content\/uploads\/2021\/11\/Eval\u00faan-acciones-por-desarrollar-para-la-estabilizaci\u00f3n-del-SEN-2-768x512.jpeg 768w, https:\/\/mppee.gob.ve\/wp-content\/uploads\/2021\/11\/Eval\u00faan-acciones-por-desarrollar-para-la-estabilizaci\u00f3n-del-SEN-2.jpeg 1280w\" sizes=\"auto, (max-width: 300px) 100vw, 300px\" \/>Destac\u00f3 que junto a los viceministros del Ministerio del Poder Popular para la Energ\u00eda El\u00e9ctrica, y los Gerente Nacionales de Corpoelec, se encuentran en la planificaci\u00f3n de las l\u00edneas estrat\u00e9gicas necesarias, para continuar con la estabilizaci\u00f3n del SEN durante el a\u00f1o 2022.<\/p>\n<p><b>Prensa Vpsops\u00a0<\/b><\/p>\n<p><img loading=\"lazy\" decoding=\"async\" class=\"alignnone wp-image-85714 size-full\" src=\"http:\/\/10.200.87.50\/mppee\/wp-content\/uploads\/2021\/11\/Eval\u00faan-acciones-por-desarrollar-para-la-estabilizaci\u00f3n-del-SEN-1.jpeg\" alt=\"\" width=\"1280\" height=\"853\" srcset=\"https:\/\/mppee.gob.ve\/wp-content\/uploads\/2021\/11\/Eval\u00faan-acciones-por-desarrollar-para-la-estabilizaci\u00f3n-del-SEN-1.jpeg 1280w, https:\/\/mppee.gob.ve\/wp-content\/uploads\/2021\/11\/Eval\u00faan-acciones-por-desarrollar-para-la-estabilizaci\u00f3n-del-SEN-1-300x200.jpeg 300w, https:\/\/mppee.gob.ve\/wp-content\/uploads\/2021\/11\/Eval\u00faan-acciones-por-desarrollar-para-la-estabilizaci\u00f3n-del-SEN-1-1024x682.jpeg 1024w, https:\/\/mppee.gob.ve\/wp-content\/uploads\/2021\/11\/Eval\u00faan-acciones-por-desarrollar-para-la-estabilizaci\u00f3n-del-SEN-1-768x512.jpeg 768w\" sizes=\"auto, (max-width: 1280px) 100vw, 1280px\" \/><\/p>\n","protected":false},"excerpt":{"rendered":"<p>El vicepresidente Sectorial de Obras P\u00fablicas y Servicios, G\/J N\u00e9stor Reverol, encabez\u00f3 un encuentro de evaluaci\u00f3n y revisi\u00f3n de la<\/p>\n","protected":false},"author":12,"featured_media":85716,"comment_status":"open","ping_status":"open","sticky":false,"template":"","format":"standard","meta":{"footnotes":""},"categories":[15],"tags":[11],"class_list":["post-85713","post","type-post","status-publish","format-standard","has-post-thumbnail","hentry","category-nacionales","tag-mppee"],"_links":{"self":[{"href":"https:\/\/mppee.gob.ve\/index.php?rest_route=\/wp\/v2\/posts\/85713","targetHints":{"allow":["GET"]}}],"collection":[{"href":"https:\/\/mppee.gob.ve\/index.php?rest_route=\/wp\/v2\/posts"}],"about":[{"href":"https:\/\/mppee.gob.ve\/index.php?rest_route=\/wp\/v2\/types\/post"}],"author":[{"embeddable":true,"href":"https:\/\/mppee.gob.ve\/index.php?rest_route=\/wp\/v2\/users\/12"}],"replies":[{"embeddable":true,"href":"https:\/\/mppee.gob.ve\/index.php?rest_route=%2Fwp%2Fv2%2Fcomments&post=85713"}],"version-history":[{"count":1,"href":"https:\/\/mppee.gob.ve\/index.php?rest_route=\/wp\/v2\/posts\/85713\/revisions"}],"predecessor-version":[{"id":85718,"href":"https:\/\/mppee.gob.ve\/index.php?rest_route=\/wp\/v2\/posts\/85713\/revisions\/85718"}],"wp:featuredmedia":[{"embeddable":true,"href":"https:\/\/mppee.gob.ve\/index.php?rest_route=\/wp\/v2\/media\/85716"}],"wp:attachment":[{"href":"https:\/\/mppee.gob.ve\/index.php?rest_route=%2Fwp%2Fv2%2Fmedia&parent=85713"}],"wp:term":[{"taxonomy":"category","embeddable":true,"href":"https:\/\/mppee.gob.ve\/index.php?rest_route=%2Fwp%2Fv2%2Fcategories&post=85713"},{"taxonomy":"post_tag","embeddable":true,"href":"https:\/\/mppee.gob.ve\/index.php?rest_route=%2Fwp%2Fv2%2Ftags&post=85713"}],"curies":[{"name":"wp","href":"https:\/\/api.w.org\/{rel}","templated":true}]}}