{"id":85719,"date":"2021-11-24T15:16:00","date_gmt":"2021-11-24T15:16:00","guid":{"rendered":"http:\/\/10.200.87.50\/mppee\/?p=85719"},"modified":"2021-11-25T15:23:02","modified_gmt":"2021-11-25T15:23:02","slug":"inician-disenos-de-planes-estrategicos-para-los-servicios-publicos-en-el-2022","status":"publish","type":"post","link":"https:\/\/mppee.gob.ve\/?p=85719","title":{"rendered":"Inician dise\u00f1os de planes estrat\u00e9gicos para los servicios p\u00fablicos en el 2022"},"content":{"rendered":"<p style=\"text-align: justify;\"><img loading=\"lazy\" decoding=\"async\" class=\"size-medium wp-image-85724 alignleft\" src=\"http:\/\/10.200.87.50\/mppee\/wp-content\/uploads\/2021\/11\/Inician-dise\u00f1os-de-planes-estrat\u00e9gicos-para-los-servicios-p\u00fablicos-en-el-2022-5-300x149.jpeg\" alt=\"\" width=\"300\" height=\"149\" srcset=\"https:\/\/mppee.gob.ve\/wp-content\/uploads\/2021\/11\/Inician-dise\u00f1os-de-planes-estrat\u00e9gicos-para-los-servicios-p\u00fablicos-en-el-2022-5-300x149.jpeg 300w, https:\/\/mppee.gob.ve\/wp-content\/uploads\/2021\/11\/Inician-dise\u00f1os-de-planes-estrat\u00e9gicos-para-los-servicios-p\u00fablicos-en-el-2022-5-1024x509.jpeg 1024w, https:\/\/mppee.gob.ve\/wp-content\/uploads\/2021\/11\/Inician-dise\u00f1os-de-planes-estrat\u00e9gicos-para-los-servicios-p\u00fablicos-en-el-2022-5-768x382.jpeg 768w, https:\/\/mppee.gob.ve\/wp-content\/uploads\/2021\/11\/Inician-dise\u00f1os-de-planes-estrat\u00e9gicos-para-los-servicios-p\u00fablicos-en-el-2022-5.jpeg 1080w\" sizes=\"auto, (max-width: 300px) 100vw, 300px\" \/>Con el objetivo de garantizar la estabilizaci\u00f3n y optimizaci\u00f3n de los servicios p\u00fablicos en el territorio nacional, el vicepresidente sectorial de Obras P\u00fablicas y Servicios, G\/J N\u00e9stor Reverol, anunci\u00f3 el inicio de elaboraci\u00f3n de planes estrat\u00e9gicos a desarrollar para el venidero a\u00f1o 2022.<\/p>\n<p>La informaci\u00f3n la dio a conocer a trav\u00e9s de su cuenta en la red social Instagram @reverolnestor tras sostener un encuentro con los representantes adscritos a la Vicepresidencia de Servicios; <strong>\u201cel principal objetivo de garantizar a la poblaci\u00f3n venezolana la estabilidad y protecci\u00f3n de los servicios p\u00fablicos\u201d.<\/strong><\/p>\n<p><img loading=\"lazy\" decoding=\"async\" class=\"size-medium wp-image-85723 alignright\" src=\"http:\/\/10.200.87.50\/mppee\/wp-content\/uploads\/2021\/11\/Inician-dise\u00f1os-de-planes-estrat\u00e9gicos-para-los-servicios-p\u00fablicos-en-el-2022-4-300x222.jpeg\" alt=\"\" width=\"300\" height=\"222\" srcset=\"https:\/\/mppee.gob.ve\/wp-content\/uploads\/2021\/11\/Inician-dise\u00f1os-de-planes-estrat\u00e9gicos-para-los-servicios-p\u00fablicos-en-el-2022-4-300x222.jpeg 300w, https:\/\/mppee.gob.ve\/wp-content\/uploads\/2021\/11\/Inician-dise\u00f1os-de-planes-estrat\u00e9gicos-para-los-servicios-p\u00fablicos-en-el-2022-4-1024x759.jpeg 1024w, https:\/\/mppee.gob.ve\/wp-content\/uploads\/2021\/11\/Inician-dise\u00f1os-de-planes-estrat\u00e9gicos-para-los-servicios-p\u00fablicos-en-el-2022-4-768x569.jpeg 768w, https:\/\/mppee.gob.ve\/wp-content\/uploads\/2021\/11\/Inician-dise\u00f1os-de-planes-estrat\u00e9gicos-para-los-servicios-p\u00fablicos-en-el-2022-4.jpeg 1080w\" sizes=\"auto, (max-width: 300px) 100vw, 300px\" \/>Asimismo, detall\u00f3 que durante las mesas de trabajo revisaron las acciones a ejecutar en los servicios de energ\u00eda el\u00e9ctrica, agua potable, gas dom\u00e9stico, transporte, recolecci\u00f3n de desechos s\u00f3lidos y obras p\u00fablicas para el cierre de este a\u00f1o 2021.<\/p>\n<div style=\"text-align: justify;\">Cabe destacar que estas jornadas de trabajo forma parte de la evaluaci\u00f3n semanal de los planes establecidos para el fortalecimiento de los servicios p\u00fablicos en el pa\u00eds, que lleva a cabo este Despacho, puntualiz\u00f3 el General en Jefe Reverol Torres.<\/div>\n<div style=\"text-align: justify;\"><\/div>\n<div style=\"text-align: justify;\"><strong>Prensa Vpsops<\/strong><\/div>\n<div><\/div>\n<div><img loading=\"lazy\" decoding=\"async\" class=\"alignnone wp-image-85722 size-full\" src=\"http:\/\/10.200.87.50\/mppee\/wp-content\/uploads\/2021\/11\/Inician-dise\u00f1os-de-planes-estrat\u00e9gicos-para-los-servicios-p\u00fablicos-en-el-2022-3.jpeg\" alt=\"\" width=\"912\" height=\"512\" srcset=\"https:\/\/mppee.gob.ve\/wp-content\/uploads\/2021\/11\/Inician-dise\u00f1os-de-planes-estrat\u00e9gicos-para-los-servicios-p\u00fablicos-en-el-2022-3.jpeg 912w, https:\/\/mppee.gob.ve\/wp-content\/uploads\/2021\/11\/Inician-dise\u00f1os-de-planes-estrat\u00e9gicos-para-los-servicios-p\u00fablicos-en-el-2022-3-300x168.jpeg 300w, https:\/\/mppee.gob.ve\/wp-content\/uploads\/2021\/11\/Inician-dise\u00f1os-de-planes-estrat\u00e9gicos-para-los-servicios-p\u00fablicos-en-el-2022-3-768x431.jpeg 768w\" sizes=\"auto, (max-width: 912px) 100vw, 912px\" \/> <img loading=\"lazy\" decoding=\"async\" class=\"alignnone wp-image-85721 size-full\" src=\"http:\/\/10.200.87.50\/mppee\/wp-content\/uploads\/2021\/11\/Inician-dise\u00f1os-de-planes-estrat\u00e9gicos-para-los-servicios-p\u00fablicos-en-el-2022-2.jpeg\" alt=\"\" width=\"1080\" height=\"687\" srcset=\"https:\/\/mppee.gob.ve\/wp-content\/uploads\/2021\/11\/Inician-dise\u00f1os-de-planes-estrat\u00e9gicos-para-los-servicios-p\u00fablicos-en-el-2022-2.jpeg 1080w, https:\/\/mppee.gob.ve\/wp-content\/uploads\/2021\/11\/Inician-dise\u00f1os-de-planes-estrat\u00e9gicos-para-los-servicios-p\u00fablicos-en-el-2022-2-300x191.jpeg 300w, https:\/\/mppee.gob.ve\/wp-content\/uploads\/2021\/11\/Inician-dise\u00f1os-de-planes-estrat\u00e9gicos-para-los-servicios-p\u00fablicos-en-el-2022-2-1024x651.jpeg 1024w, https:\/\/mppee.gob.ve\/wp-content\/uploads\/2021\/11\/Inician-dise\u00f1os-de-planes-estrat\u00e9gicos-para-los-servicios-p\u00fablicos-en-el-2022-2-768x489.jpeg 768w\" sizes=\"auto, (max-width: 1080px) 100vw, 1080px\" \/> <img loading=\"lazy\" decoding=\"async\" class=\"alignnone wp-image-85720 size-full\" src=\"http:\/\/10.200.87.50\/mppee\/wp-content\/uploads\/2021\/11\/Inician-dise\u00f1os-de-planes-estrat\u00e9gicos-para-los-servicios-p\u00fablicos-en-el-2022-1.jpeg\" alt=\"\" width=\"1080\" height=\"707\" srcset=\"https:\/\/mppee.gob.ve\/wp-content\/uploads\/2021\/11\/Inician-dise\u00f1os-de-planes-estrat\u00e9gicos-para-los-servicios-p\u00fablicos-en-el-2022-1.jpeg 1080w, https:\/\/mppee.gob.ve\/wp-content\/uploads\/2021\/11\/Inician-dise\u00f1os-de-planes-estrat\u00e9gicos-para-los-servicios-p\u00fablicos-en-el-2022-1-300x196.jpeg 300w, https:\/\/mppee.gob.ve\/wp-content\/uploads\/2021\/11\/Inician-dise\u00f1os-de-planes-estrat\u00e9gicos-para-los-servicios-p\u00fablicos-en-el-2022-1-1024x670.jpeg 1024w, https:\/\/mppee.gob.ve\/wp-content\/uploads\/2021\/11\/Inician-dise\u00f1os-de-planes-estrat\u00e9gicos-para-los-servicios-p\u00fablicos-en-el-2022-1-768x503.jpeg 768w\" sizes=\"auto, (max-width: 1080px) 100vw, 1080px\" \/> <img loading=\"lazy\" decoding=\"async\" class=\"alignnone wp-image-85717 size-full\" src=\"http:\/\/10.200.87.50\/mppee\/wp-content\/uploads\/2021\/11\/Eval\u00faan-acciones-por-desarrollar-para-la-estabilizaci\u00f3n-del-SEN-4.jpeg\" alt=\"\" width=\"1080\" height=\"653\" srcset=\"https:\/\/mppee.gob.ve\/wp-content\/uploads\/2021\/11\/Eval\u00faan-acciones-por-desarrollar-para-la-estabilizaci\u00f3n-del-SEN-4.jpeg 1080w, https:\/\/mppee.gob.ve\/wp-content\/uploads\/2021\/11\/Eval\u00faan-acciones-por-desarrollar-para-la-estabilizaci\u00f3n-del-SEN-4-300x181.jpeg 300w, https:\/\/mppee.gob.ve\/wp-content\/uploads\/2021\/11\/Eval\u00faan-acciones-por-desarrollar-para-la-estabilizaci\u00f3n-del-SEN-4-1024x619.jpeg 1024w, https:\/\/mppee.gob.ve\/wp-content\/uploads\/2021\/11\/Eval\u00faan-acciones-por-desarrollar-para-la-estabilizaci\u00f3n-del-SEN-4-768x464.jpeg 768w\" sizes=\"auto, (max-width: 1080px) 100vw, 1080px\" \/> <img loading=\"lazy\" decoding=\"async\" class=\"alignnone wp-image-85716 size-full\" src=\"http:\/\/10.200.87.50\/mppee\/wp-content\/uploads\/2021\/11\/Eval\u00faan-acciones-por-desarrollar-para-la-estabilizaci\u00f3n-del-SEN-3.jpeg\" alt=\"\" width=\"1080\" height=\"621\" srcset=\"https:\/\/mppee.gob.ve\/wp-content\/uploads\/2021\/11\/Eval\u00faan-acciones-por-desarrollar-para-la-estabilizaci\u00f3n-del-SEN-3.jpeg 1080w, https:\/\/mppee.gob.ve\/wp-content\/uploads\/2021\/11\/Eval\u00faan-acciones-por-desarrollar-para-la-estabilizaci\u00f3n-del-SEN-3-300x173.jpeg 300w, https:\/\/mppee.gob.ve\/wp-content\/uploads\/2021\/11\/Eval\u00faan-acciones-por-desarrollar-para-la-estabilizaci\u00f3n-del-SEN-3-1024x589.jpeg 1024w, https:\/\/mppee.gob.ve\/wp-content\/uploads\/2021\/11\/Eval\u00faan-acciones-por-desarrollar-para-la-estabilizaci\u00f3n-del-SEN-3-768x442.jpeg 768w\" sizes=\"auto, (max-width: 1080px) 100vw, 1080px\" \/> <img loading=\"lazy\" decoding=\"async\" class=\"alignnone wp-image-85715 size-full\" src=\"http:\/\/10.200.87.50\/mppee\/wp-content\/uploads\/2021\/11\/Eval\u00faan-acciones-por-desarrollar-para-la-estabilizaci\u00f3n-del-SEN-2.jpeg\" alt=\"\" width=\"1280\" height=\"853\" srcset=\"https:\/\/mppee.gob.ve\/wp-content\/uploads\/2021\/11\/Eval\u00faan-acciones-por-desarrollar-para-la-estabilizaci\u00f3n-del-SEN-2.jpeg 1280w, https:\/\/mppee.gob.ve\/wp-content\/uploads\/2021\/11\/Eval\u00faan-acciones-por-desarrollar-para-la-estabilizaci\u00f3n-del-SEN-2-300x200.jpeg 300w, https:\/\/mppee.gob.ve\/wp-content\/uploads\/2021\/11\/Eval\u00faan-acciones-por-desarrollar-para-la-estabilizaci\u00f3n-del-SEN-2-1024x682.jpeg 1024w, https:\/\/mppee.gob.ve\/wp-content\/uploads\/2021\/11\/Eval\u00faan-acciones-por-desarrollar-para-la-estabilizaci\u00f3n-del-SEN-2-768x512.jpeg 768w\" sizes=\"auto, (max-width: 1280px) 100vw, 1280px\" \/> <img loading=\"lazy\" decoding=\"async\" class=\"alignnone wp-image-85714 size-full\" src=\"http:\/\/10.200.87.50\/mppee\/wp-content\/uploads\/2021\/11\/Eval\u00faan-acciones-por-desarrollar-para-la-estabilizaci\u00f3n-del-SEN-1.jpeg\" alt=\"\" width=\"1280\" height=\"853\" srcset=\"https:\/\/mppee.gob.ve\/wp-content\/uploads\/2021\/11\/Eval\u00faan-acciones-por-desarrollar-para-la-estabilizaci\u00f3n-del-SEN-1.jpeg 1280w, https:\/\/mppee.gob.ve\/wp-content\/uploads\/2021\/11\/Eval\u00faan-acciones-por-desarrollar-para-la-estabilizaci\u00f3n-del-SEN-1-300x200.jpeg 300w, https:\/\/mppee.gob.ve\/wp-content\/uploads\/2021\/11\/Eval\u00faan-acciones-por-desarrollar-para-la-estabilizaci\u00f3n-del-SEN-1-1024x682.jpeg 1024w, https:\/\/mppee.gob.ve\/wp-content\/uploads\/2021\/11\/Eval\u00faan-acciones-por-desarrollar-para-la-estabilizaci\u00f3n-del-SEN-1-768x512.jpeg 768w\" sizes=\"auto, (max-width: 1280px) 100vw, 1280px\" \/><\/div>\n","protected":false},"excerpt":{"rendered":"<p>Con el objetivo de garantizar la estabilizaci\u00f3n y optimizaci\u00f3n de los servicios p\u00fablicos en el territorio nacional, el vicepresidente sectorial<\/p>\n","protected":false},"author":12,"featured_media":85725,"comment_status":"open","ping_status":"open","sticky":false,"template":"","format":"standard","meta":{"footnotes":""},"categories":[15],"tags":[327],"class_list":["post-85719","post","type-post","status-publish","format-standard","has-post-thumbnail","hentry","category-nacionales","tag-vsops"],"_links":{"self":[{"href":"https:\/\/mppee.gob.ve\/index.php?rest_route=\/wp\/v2\/posts\/85719","targetHints":{"allow":["GET"]}}],"collection":[{"href":"https:\/\/mppee.gob.ve\/index.php?rest_route=\/wp\/v2\/posts"}],"about":[{"href":"https:\/\/mppee.gob.ve\/index.php?rest_route=\/wp\/v2\/types\/post"}],"author":[{"embeddable":true,"href":"https:\/\/mppee.gob.ve\/index.php?rest_route=\/wp\/v2\/users\/12"}],"replies":[{"embeddable":true,"href":"https:\/\/mppee.gob.ve\/index.php?rest_route=%2Fwp%2Fv2%2Fcomments&post=85719"}],"version-history":[{"count":1,"href":"https:\/\/mppee.gob.ve\/index.php?rest_route=\/wp\/v2\/posts\/85719\/revisions"}],"predecessor-version":[{"id":85726,"href":"https:\/\/mppee.gob.ve\/index.php?rest_route=\/wp\/v2\/posts\/85719\/revisions\/85726"}],"wp:featuredmedia":[{"embeddable":true,"href":"https:\/\/mppee.gob.ve\/index.php?rest_route=\/wp\/v2\/media\/85725"}],"wp:attachment":[{"href":"https:\/\/mppee.gob.ve\/index.php?rest_route=%2Fwp%2Fv2%2Fmedia&parent=85719"}],"wp:term":[{"taxonomy":"category","embeddable":true,"href":"https:\/\/mppee.gob.ve\/index.php?rest_route=%2Fwp%2Fv2%2Fcategories&post=85719"},{"taxonomy":"post_tag","embeddable":true,"href":"https:\/\/mppee.gob.ve\/index.php?rest_route=%2Fwp%2Fv2%2Ftags&post=85719"}],"curies":[{"name":"wp","href":"https:\/\/api.w.org\/{rel}","templated":true}]}}