{"id":85731,"date":"2021-11-26T13:28:00","date_gmt":"2021-11-26T13:28:00","guid":{"rendered":"http:\/\/10.200.87.50\/mppee\/?p=85731"},"modified":"2021-11-29T13:39:59","modified_gmt":"2021-11-29T13:39:59","slug":"promueven-inclusion-laboral-en-el-sector-electrico-a-traves-del-programa-creo-en-ti","status":"publish","type":"post","link":"https:\/\/mppee.gob.ve\/?p=85731","title":{"rendered":"Promueven inclusi\u00f3n laboral en el sector el\u00e9ctrico a trav\u00e9s del programa \u201cCreo en Ti\u201d"},"content":{"rendered":"<p style=\"font-weight: 400; text-align: justify;\"><img loading=\"lazy\" decoding=\"async\" class=\"size-medium wp-image-85744 alignleft\" src=\"http:\/\/10.200.87.50\/mppee\/wp-content\/uploads\/2021\/11\/IMG_5792-300x173.jpg\" alt=\"\" width=\"300\" height=\"173\" srcset=\"https:\/\/mppee.gob.ve\/wp-content\/uploads\/2021\/11\/IMG_5792-300x173.jpg 300w, https:\/\/mppee.gob.ve\/wp-content\/uploads\/2021\/11\/IMG_5792-1024x589.jpg 1024w, https:\/\/mppee.gob.ve\/wp-content\/uploads\/2021\/11\/IMG_5792-768x442.jpg 768w, https:\/\/mppee.gob.ve\/wp-content\/uploads\/2021\/11\/IMG_5792.jpg 1390w\" sizes=\"auto, (max-width: 300px) 100vw, 300px\" \/>M\u00e1s de 80 personas con discapacidad participaron en una jornada de postulaci\u00f3n laboral para pertenecer a la fuerza trabajadora del Ministerio del Poder Popular para la Energ\u00eda El\u00e9ctrica (Mppee), como parte de las acciones que se desarrollan en el programa <strong>\u201cCreo en Ti\u201d.<\/strong><\/p>\n<p style=\"font-weight: 400; text-align: justify;\">Durante el desarrollo de la actividad, los aspirantes fueron entrevistados por un equipo multidisciplinario perteneciente a la Oficina de Gesti\u00f3n Humana, quienes evaluaron las condiciones y aptitudes de los aspirantes.<\/p>\n<p style=\"font-weight: 400; text-align: justify;\">Los participantes agradecieron la oportunidad laboral que se les brinda desde la puesta en marcha del programa \u201cCreo en ti\u201d del Mppee. As\u00ed lo expres\u00f3 Isabel Mata, persona con discapacidad auditiva, quien expres\u00f3, <strong>\u201ctodos somos importantes, los sordos, las personas con baja visi\u00f3n y de otras diferentes discapacidades, y que pueden demostrar su talento para venir a trabajar aqu\u00ed, en el sector el\u00e9ctrico\u201d.<\/strong><\/p>\n<p style=\"font-weight: 400; text-align: justify;\"><img loading=\"lazy\" decoding=\"async\" class=\"size-medium wp-image-85745 alignright\" src=\"http:\/\/10.200.87.50\/mppee\/wp-content\/uploads\/2021\/11\/IMG_5802-300x207.jpg\" alt=\"\" width=\"300\" height=\"207\" srcset=\"https:\/\/mppee.gob.ve\/wp-content\/uploads\/2021\/11\/IMG_5802-300x207.jpg 300w, https:\/\/mppee.gob.ve\/wp-content\/uploads\/2021\/11\/IMG_5802-1024x706.jpg 1024w, https:\/\/mppee.gob.ve\/wp-content\/uploads\/2021\/11\/IMG_5802-768x530.jpg 768w, https:\/\/mppee.gob.ve\/wp-content\/uploads\/2021\/11\/IMG_5802-392x272.jpg 392w, https:\/\/mppee.gob.ve\/wp-content\/uploads\/2021\/11\/IMG_5802-130x90.jpg 130w, https:\/\/mppee.gob.ve\/wp-content\/uploads\/2021\/11\/IMG_5802.jpg 1160w\" sizes=\"auto, (max-width: 300px) 100vw, 300px\" \/>Asimismo, Rodrigo R\u00edos, persona con discapacidad auditiva, invit\u00f3 <strong>\u201ca participar a las dem\u00e1s personas, porque esto es un derecho importante para quienes tenemos alguna discapacidad, y as\u00ed apoyarnos entre nosotros mismos\u201d.<\/strong><\/p>\n<p style=\"font-weight: 400; text-align: justify;\">El programa de acci\u00f3n social que impulsa el Mppee, tiene como objetivo fortalecer y aportar las herramientas necesarias a las personas que poseen alguna discapacidad, para que puedan desenvolverse de manera eficiente en todas las \u00e1reas del Ministerio.<\/p>\n<p style=\"font-weight: 400; text-align: justify;\"><strong>Prensa Mppee<\/strong><\/p>\n<p><img loading=\"lazy\" decoding=\"async\" class=\"alignnone wp-image-85743 size-full\" src=\"http:\/\/10.200.87.50\/mppee\/wp-content\/uploads\/2021\/11\/IMG_5780.jpg\" alt=\"\" width=\"1158\" height=\"800\" srcset=\"https:\/\/mppee.gob.ve\/wp-content\/uploads\/2021\/11\/IMG_5780.jpg 1158w, https:\/\/mppee.gob.ve\/wp-content\/uploads\/2021\/11\/IMG_5780-300x207.jpg 300w, https:\/\/mppee.gob.ve\/wp-content\/uploads\/2021\/11\/IMG_5780-1024x707.jpg 1024w, https:\/\/mppee.gob.ve\/wp-content\/uploads\/2021\/11\/IMG_5780-768x531.jpg 768w, https:\/\/mppee.gob.ve\/wp-content\/uploads\/2021\/11\/IMG_5780-392x272.jpg 392w, https:\/\/mppee.gob.ve\/wp-content\/uploads\/2021\/11\/IMG_5780-130x90.jpg 130w\" sizes=\"auto, (max-width: 1158px) 100vw, 1158px\" \/> <img loading=\"lazy\" decoding=\"async\" class=\"alignnone wp-image-85741 size-full\" src=\"http:\/\/10.200.87.50\/mppee\/wp-content\/uploads\/2021\/11\/IMG_5746.jpg\" alt=\"\" width=\"1446\" height=\"800\" srcset=\"https:\/\/mppee.gob.ve\/wp-content\/uploads\/2021\/11\/IMG_5746.jpg 1446w, https:\/\/mppee.gob.ve\/wp-content\/uploads\/2021\/11\/IMG_5746-300x166.jpg 300w, https:\/\/mppee.gob.ve\/wp-content\/uploads\/2021\/11\/IMG_5746-1024x567.jpg 1024w, https:\/\/mppee.gob.ve\/wp-content\/uploads\/2021\/11\/IMG_5746-768x425.jpg 768w\" sizes=\"auto, (max-width: 1446px) 100vw, 1446px\" \/> <img loading=\"lazy\" decoding=\"async\" class=\"alignnone wp-image-85740 size-full\" src=\"http:\/\/10.200.87.50\/mppee\/wp-content\/uploads\/2021\/11\/IMG_5729.jpg\" alt=\"\" width=\"1299\" height=\"800\" srcset=\"https:\/\/mppee.gob.ve\/wp-content\/uploads\/2021\/11\/IMG_5729.jpg 1299w, https:\/\/mppee.gob.ve\/wp-content\/uploads\/2021\/11\/IMG_5729-300x185.jpg 300w, https:\/\/mppee.gob.ve\/wp-content\/uploads\/2021\/11\/IMG_5729-1024x631.jpg 1024w, https:\/\/mppee.gob.ve\/wp-content\/uploads\/2021\/11\/IMG_5729-768x473.jpg 768w\" sizes=\"auto, (max-width: 1299px) 100vw, 1299px\" \/> <img loading=\"lazy\" decoding=\"async\" class=\"alignnone wp-image-85739 size-full\" src=\"http:\/\/10.200.87.50\/mppee\/wp-content\/uploads\/2021\/11\/IMG_5705.jpg\" alt=\"\" width=\"1102\" height=\"800\" srcset=\"https:\/\/mppee.gob.ve\/wp-content\/uploads\/2021\/11\/IMG_5705.jpg 1102w, https:\/\/mppee.gob.ve\/wp-content\/uploads\/2021\/11\/IMG_5705-300x218.jpg 300w, https:\/\/mppee.gob.ve\/wp-content\/uploads\/2021\/11\/IMG_5705-1024x743.jpg 1024w, https:\/\/mppee.gob.ve\/wp-content\/uploads\/2021\/11\/IMG_5705-768x558.jpg 768w\" sizes=\"auto, (max-width: 1102px) 100vw, 1102px\" \/> <img loading=\"lazy\" decoding=\"async\" class=\"alignnone wp-image-85738 size-full\" src=\"http:\/\/10.200.87.50\/mppee\/wp-content\/uploads\/2021\/11\/IMG_5694.jpg\" alt=\"\" width=\"1040\" height=\"800\" srcset=\"https:\/\/mppee.gob.ve\/wp-content\/uploads\/2021\/11\/IMG_5694.jpg 1040w, https:\/\/mppee.gob.ve\/wp-content\/uploads\/2021\/11\/IMG_5694-300x231.jpg 300w, https:\/\/mppee.gob.ve\/wp-content\/uploads\/2021\/11\/IMG_5694-1024x788.jpg 1024w, https:\/\/mppee.gob.ve\/wp-content\/uploads\/2021\/11\/IMG_5694-768x591.jpg 768w\" sizes=\"auto, (max-width: 1040px) 100vw, 1040px\" \/> <img loading=\"lazy\" decoding=\"async\" class=\"alignnone wp-image-85737 size-full\" src=\"http:\/\/10.200.87.50\/mppee\/wp-content\/uploads\/2021\/11\/IMG_5655.jpg\" alt=\"\" width=\"1413\" height=\"800\" srcset=\"https:\/\/mppee.gob.ve\/wp-content\/uploads\/2021\/11\/IMG_5655.jpg 1413w, https:\/\/mppee.gob.ve\/wp-content\/uploads\/2021\/11\/IMG_5655-300x170.jpg 300w, https:\/\/mppee.gob.ve\/wp-content\/uploads\/2021\/11\/IMG_5655-1024x580.jpg 1024w, https:\/\/mppee.gob.ve\/wp-content\/uploads\/2021\/11\/IMG_5655-768x435.jpg 768w\" sizes=\"auto, (max-width: 1413px) 100vw, 1413px\" \/> <img loading=\"lazy\" decoding=\"async\" class=\"alignnone wp-image-85736 size-full\" src=\"http:\/\/10.200.87.50\/mppee\/wp-content\/uploads\/2021\/11\/IMG_5634.jpg\" alt=\"\" width=\"1257\" height=\"800\" srcset=\"https:\/\/mppee.gob.ve\/wp-content\/uploads\/2021\/11\/IMG_5634.jpg 1257w, https:\/\/mppee.gob.ve\/wp-content\/uploads\/2021\/11\/IMG_5634-300x191.jpg 300w, https:\/\/mppee.gob.ve\/wp-content\/uploads\/2021\/11\/IMG_5634-1024x652.jpg 1024w, https:\/\/mppee.gob.ve\/wp-content\/uploads\/2021\/11\/IMG_5634-768x489.jpg 768w\" sizes=\"auto, (max-width: 1257px) 100vw, 1257px\" \/> <img loading=\"lazy\" decoding=\"async\" class=\"alignnone wp-image-85735 size-full\" src=\"http:\/\/10.200.87.50\/mppee\/wp-content\/uploads\/2021\/11\/IMG_5607.jpg\" alt=\"\" width=\"1199\" height=\"800\" srcset=\"https:\/\/mppee.gob.ve\/wp-content\/uploads\/2021\/11\/IMG_5607.jpg 1199w, https:\/\/mppee.gob.ve\/wp-content\/uploads\/2021\/11\/IMG_5607-300x200.jpg 300w, https:\/\/mppee.gob.ve\/wp-content\/uploads\/2021\/11\/IMG_5607-1024x683.jpg 1024w, https:\/\/mppee.gob.ve\/wp-content\/uploads\/2021\/11\/IMG_5607-768x512.jpg 768w\" sizes=\"auto, (max-width: 1199px) 100vw, 1199px\" \/> <img loading=\"lazy\" decoding=\"async\" class=\"alignnone wp-image-85734 size-full\" src=\"http:\/\/10.200.87.50\/mppee\/wp-content\/uploads\/2021\/11\/IMG_5592.jpg\" alt=\"\" width=\"1382\" height=\"800\" srcset=\"https:\/\/mppee.gob.ve\/wp-content\/uploads\/2021\/11\/IMG_5592.jpg 1382w, https:\/\/mppee.gob.ve\/wp-content\/uploads\/2021\/11\/IMG_5592-300x174.jpg 300w, https:\/\/mppee.gob.ve\/wp-content\/uploads\/2021\/11\/IMG_5592-1024x593.jpg 1024w, https:\/\/mppee.gob.ve\/wp-content\/uploads\/2021\/11\/IMG_5592-768x445.jpg 768w\" sizes=\"auto, (max-width: 1382px) 100vw, 1382px\" \/> <img loading=\"lazy\" decoding=\"async\" class=\"alignnone wp-image-85733 size-full\" src=\"http:\/\/10.200.87.50\/mppee\/wp-content\/uploads\/2021\/11\/IMG_5582.jpg\" alt=\"\" width=\"1244\" height=\"800\" srcset=\"https:\/\/mppee.gob.ve\/wp-content\/uploads\/2021\/11\/IMG_5582.jpg 1244w, https:\/\/mppee.gob.ve\/wp-content\/uploads\/2021\/11\/IMG_5582-300x193.jpg 300w, https:\/\/mppee.gob.ve\/wp-content\/uploads\/2021\/11\/IMG_5582-1024x659.jpg 1024w, https:\/\/mppee.gob.ve\/wp-content\/uploads\/2021\/11\/IMG_5582-768x494.jpg 768w\" sizes=\"auto, (max-width: 1244px) 100vw, 1244px\" \/> <img loading=\"lazy\" decoding=\"async\" class=\"alignnone wp-image-85732 size-full\" src=\"http:\/\/10.200.87.50\/mppee\/wp-content\/uploads\/2021\/11\/IMG_5563.jpg\" alt=\"\" width=\"1338\" height=\"800\" srcset=\"https:\/\/mppee.gob.ve\/wp-content\/uploads\/2021\/11\/IMG_5563.jpg 1338w, https:\/\/mppee.gob.ve\/wp-content\/uploads\/2021\/11\/IMG_5563-300x179.jpg 300w, https:\/\/mppee.gob.ve\/wp-content\/uploads\/2021\/11\/IMG_5563-1024x612.jpg 1024w, https:\/\/mppee.gob.ve\/wp-content\/uploads\/2021\/11\/IMG_5563-768x459.jpg 768w\" sizes=\"auto, (max-width: 1338px) 100vw, 1338px\" \/><\/p>\n","protected":false},"excerpt":{"rendered":"<p>M\u00e1s de 80 personas con discapacidad participaron en una jornada de postulaci\u00f3n laboral para pertenecer a la fuerza trabajadora del<\/p>\n","protected":false},"author":12,"featured_media":85742,"comment_status":"open","ping_status":"open","sticky":false,"template":"","format":"standard","meta":{"footnotes":""},"categories":[30],"tags":[11],"class_list":["post-85731","post","type-post","status-publish","format-standard","has-post-thumbnail","hentry","category-regionales","tag-mppee"],"_links":{"self":[{"href":"https:\/\/mppee.gob.ve\/index.php?rest_route=\/wp\/v2\/posts\/85731","targetHints":{"allow":["GET"]}}],"collection":[{"href":"https:\/\/mppee.gob.ve\/index.php?rest_route=\/wp\/v2\/posts"}],"about":[{"href":"https:\/\/mppee.gob.ve\/index.php?rest_route=\/wp\/v2\/types\/post"}],"author":[{"embeddable":true,"href":"https:\/\/mppee.gob.ve\/index.php?rest_route=\/wp\/v2\/users\/12"}],"replies":[{"embeddable":true,"href":"https:\/\/mppee.gob.ve\/index.php?rest_route=%2Fwp%2Fv2%2Fcomments&post=85731"}],"version-history":[{"count":1,"href":"https:\/\/mppee.gob.ve\/index.php?rest_route=\/wp\/v2\/posts\/85731\/revisions"}],"predecessor-version":[{"id":85746,"href":"https:\/\/mppee.gob.ve\/index.php?rest_route=\/wp\/v2\/posts\/85731\/revisions\/85746"}],"wp:featuredmedia":[{"embeddable":true,"href":"https:\/\/mppee.gob.ve\/index.php?rest_route=\/wp\/v2\/media\/85742"}],"wp:attachment":[{"href":"https:\/\/mppee.gob.ve\/index.php?rest_route=%2Fwp%2Fv2%2Fmedia&parent=85731"}],"wp:term":[{"taxonomy":"category","embeddable":true,"href":"https:\/\/mppee.gob.ve\/index.php?rest_route=%2Fwp%2Fv2%2Fcategories&post=85731"},{"taxonomy":"post_tag","embeddable":true,"href":"https:\/\/mppee.gob.ve\/index.php?rest_route=%2Fwp%2Fv2%2Ftags&post=85731"}],"curies":[{"name":"wp","href":"https:\/\/api.w.org\/{rel}","templated":true}]}}