{"id":85747,"date":"2021-11-26T13:40:00","date_gmt":"2021-11-26T13:40:00","guid":{"rendered":"http:\/\/10.200.87.50\/mppee\/?p=85747"},"modified":"2021-11-29T13:53:02","modified_gmt":"2021-11-29T13:53:02","slug":"fuerza-trabajadora-de-energia-electrica-capacita-a-empleados-de-vensalud-en-proteccion-radiologica","status":"publish","type":"post","link":"https:\/\/mppee.gob.ve\/?p=85747","title":{"rendered":"Fuerza trabajadora de Energ\u00eda El\u00e9ctrica capacita a empleados de Vensalud en protecci\u00f3n radiol\u00f3gica"},"content":{"rendered":"<p style=\"font-weight: 400; text-align: justify;\"><img loading=\"lazy\" decoding=\"async\" class=\"size-medium wp-image-85752 alignleft\" src=\"http:\/\/10.200.87.50\/mppee\/wp-content\/uploads\/2021\/11\/Fuerza-trabajadora-de-Energ\u00eda-El\u00e9ctrica-capacita-a-empleados-de-Vensalud-en-protecci\u00f3n-radiol\u00f3gica-5-300x179.jpeg\" alt=\"\" width=\"300\" height=\"179\" srcset=\"https:\/\/mppee.gob.ve\/wp-content\/uploads\/2021\/11\/Fuerza-trabajadora-de-Energ\u00eda-El\u00e9ctrica-capacita-a-empleados-de-Vensalud-en-protecci\u00f3n-radiol\u00f3gica-5-300x179.jpeg 300w, https:\/\/mppee.gob.ve\/wp-content\/uploads\/2021\/11\/Fuerza-trabajadora-de-Energ\u00eda-El\u00e9ctrica-capacita-a-empleados-de-Vensalud-en-protecci\u00f3n-radiol\u00f3gica-5-1024x612.jpeg 1024w, https:\/\/mppee.gob.ve\/wp-content\/uploads\/2021\/11\/Fuerza-trabajadora-de-Energ\u00eda-El\u00e9ctrica-capacita-a-empleados-de-Vensalud-en-protecci\u00f3n-radiol\u00f3gica-5-768x459.jpeg 768w, https:\/\/mppee.gob.ve\/wp-content\/uploads\/2021\/11\/Fuerza-trabajadora-de-Energ\u00eda-El\u00e9ctrica-capacita-a-empleados-de-Vensalud-en-protecci\u00f3n-radiol\u00f3gica-5.jpeg 1280w\" sizes=\"auto, (max-width: 300px) 100vw, 300px\" \/>Este viernes, la fuerza trabajadora del Ministerio del Poder Popular para la Energ\u00eda El\u00e9ctrica (Mppee) dio inicio al Plan de Formaci\u00f3n en Protecci\u00f3n y Emergencias Radiol\u00f3gicas, para 25 t\u00e9cnicos profesionales de la Corporaci\u00f3n Nacional Venezolana de Servicios Tecnol\u00f3gicos para Equipos de Salud (Vensalud).<\/p>\n<p style=\"font-weight: 400; text-align: justify;\">Desde las instalaciones del Hospital Cardiol\u00f3gico Infantil Latinoamericano <strong>\u201cDoctor Gilberto Rodr\u00edguez Ochoa\u201d<\/strong>, en el sector Montalb\u00e1n del Distrito Capital, los t\u00e9cnicos profesionales son capacitados en radiaciones ionizantes, sistemas y t\u00e9cnicas de protecci\u00f3n radiol\u00f3gica, instrumentos y sistemas de detecci\u00f3n de radiaciones ionizantes, manejo de materiales peligrosos, temas impartidos por el personal de la Direcci\u00f3n General de Energ\u00eda At\u00f3mica del Mppee.<\/p>\n<p style=\"font-weight: 400; text-align: justify;\"><img loading=\"lazy\" decoding=\"async\" class=\"size-medium wp-image-85751 alignright\" src=\"http:\/\/10.200.87.50\/mppee\/wp-content\/uploads\/2021\/11\/Fuerza-trabajadora-de-Energ\u00eda-El\u00e9ctrica-capacita-a-empleados-de-Vensalud-en-protecci\u00f3n-radiol\u00f3gica-4-300x180.jpeg\" alt=\"\" width=\"300\" height=\"180\" srcset=\"https:\/\/mppee.gob.ve\/wp-content\/uploads\/2021\/11\/Fuerza-trabajadora-de-Energ\u00eda-El\u00e9ctrica-capacita-a-empleados-de-Vensalud-en-protecci\u00f3n-radiol\u00f3gica-4-300x180.jpeg 300w, https:\/\/mppee.gob.ve\/wp-content\/uploads\/2021\/11\/Fuerza-trabajadora-de-Energ\u00eda-El\u00e9ctrica-capacita-a-empleados-de-Vensalud-en-protecci\u00f3n-radiol\u00f3gica-4-1024x613.jpeg 1024w, https:\/\/mppee.gob.ve\/wp-content\/uploads\/2021\/11\/Fuerza-trabajadora-de-Energ\u00eda-El\u00e9ctrica-capacita-a-empleados-de-Vensalud-en-protecci\u00f3n-radiol\u00f3gica-4-768x460.jpeg 768w, https:\/\/mppee.gob.ve\/wp-content\/uploads\/2021\/11\/Fuerza-trabajadora-de-Energ\u00eda-El\u00e9ctrica-capacita-a-empleados-de-Vensalud-en-protecci\u00f3n-radiol\u00f3gica-4.jpeg 1280w\" sizes=\"auto, (max-width: 300px) 100vw, 300px\" \/>Esta jornada de formaci\u00f3n forma parte de los objetivos que cumple Direcci\u00f3n General de Energ\u00eda At\u00f3mica del Mppee, los cuales buscan fomentar el desarrollo y la investigaci\u00f3n de la energ\u00eda at\u00f3mica y sus aplicaciones en las \u00e1reas industriales, salud, alimentaci\u00f3n y energ\u00eda el\u00e9ctrica, as\u00ed como regular y controlar el uso de fuentes y equipos generadores de radiaciones ionizantes, basados en los fundamentos de la protecci\u00f3n radiol\u00f3gica y la seguridad f\u00edsica, contribuyendo a la suprema felicidad social y al desarrollo del nuevo modelo productivo socialista.<\/p>\n<p style=\"font-weight: 400; text-align: justify;\">Por su parte, el Ingeniero Omar Morales, director General de Energ\u00eda At\u00f3mica, indic\u00f3 que todo el contenido program\u00e1tico del Plan, est\u00e1 basado en los lineamientos del Comit\u00e9 T\u00e9cnico de Normalizaci\u00f3n de Higiene, Seguridad y Protecci\u00f3n; y por el Subcomit\u00e9 T\u00e9cnico de Protecci\u00f3n Radiol\u00f3gica, de la Comisi\u00f3n Venezolana de Normas Industriales (Covenin).<\/p>\n<p style=\"font-weight: 400; text-align: justify;\"><img loading=\"lazy\" decoding=\"async\" class=\"size-medium wp-image-85750 alignleft\" src=\"http:\/\/10.200.87.50\/mppee\/wp-content\/uploads\/2021\/11\/Fuerza-trabajadora-de-Energ\u00eda-El\u00e9ctrica-capacita-a-empleados-de-Vensalud-en-protecci\u00f3n-radiol\u00f3gica-3-300x186.jpeg\" alt=\"\" width=\"300\" height=\"186\" srcset=\"https:\/\/mppee.gob.ve\/wp-content\/uploads\/2021\/11\/Fuerza-trabajadora-de-Energ\u00eda-El\u00e9ctrica-capacita-a-empleados-de-Vensalud-en-protecci\u00f3n-radiol\u00f3gica-3-300x186.jpeg 300w, https:\/\/mppee.gob.ve\/wp-content\/uploads\/2021\/11\/Fuerza-trabajadora-de-Energ\u00eda-El\u00e9ctrica-capacita-a-empleados-de-Vensalud-en-protecci\u00f3n-radiol\u00f3gica-3-1024x636.jpeg 1024w, https:\/\/mppee.gob.ve\/wp-content\/uploads\/2021\/11\/Fuerza-trabajadora-de-Energ\u00eda-El\u00e9ctrica-capacita-a-empleados-de-Vensalud-en-protecci\u00f3n-radiol\u00f3gica-3-768x477.jpeg 768w, https:\/\/mppee.gob.ve\/wp-content\/uploads\/2021\/11\/Fuerza-trabajadora-de-Energ\u00eda-El\u00e9ctrica-capacita-a-empleados-de-Vensalud-en-protecci\u00f3n-radiol\u00f3gica-3.jpeg 1280w\" sizes=\"auto, (max-width: 300px) 100vw, 300px\" \/>Por su parte, la presidenta de Vensalud, Ingeniera Mar\u00eda Pulido, agradeci\u00f3 al Mppee por la formaci\u00f3n brindada al personal de Vensalud, que permitir\u00e1 que los trabajadores eviten tener accidentes y qu\u00e9 pueden hacer en caso de que llegase a suceder alguno.<\/p>\n<p style=\"font-weight: 400; text-align: justify;\"><strong>Prensa Mppee<\/strong><\/p>\n<figure id=\"attachment_85749\" aria-describedby=\"caption-attachment-85749\" style=\"width: 1192px\" class=\"wp-caption alignnone\"><img loading=\"lazy\" decoding=\"async\" class=\"wp-image-85749 size-full\" src=\"http:\/\/10.200.87.50\/mppee\/wp-content\/uploads\/2021\/11\/Fuerza-trabajadora-de-Energ\u00eda-El\u00e9ctrica-capacita-a-empleados-de-Vensalud-en-protecci\u00f3n-radiol\u00f3gica-2.jpeg\" alt=\"\" width=\"1192\" height=\"800\" srcset=\"https:\/\/mppee.gob.ve\/wp-content\/uploads\/2021\/11\/Fuerza-trabajadora-de-Energ\u00eda-El\u00e9ctrica-capacita-a-empleados-de-Vensalud-en-protecci\u00f3n-radiol\u00f3gica-2.jpeg 1192w, https:\/\/mppee.gob.ve\/wp-content\/uploads\/2021\/11\/Fuerza-trabajadora-de-Energ\u00eda-El\u00e9ctrica-capacita-a-empleados-de-Vensalud-en-protecci\u00f3n-radiol\u00f3gica-2-300x201.jpeg 300w, https:\/\/mppee.gob.ve\/wp-content\/uploads\/2021\/11\/Fuerza-trabajadora-de-Energ\u00eda-El\u00e9ctrica-capacita-a-empleados-de-Vensalud-en-protecci\u00f3n-radiol\u00f3gica-2-1024x687.jpeg 1024w, https:\/\/mppee.gob.ve\/wp-content\/uploads\/2021\/11\/Fuerza-trabajadora-de-Energ\u00eda-El\u00e9ctrica-capacita-a-empleados-de-Vensalud-en-protecci\u00f3n-radiol\u00f3gica-2-768x515.jpeg 768w\" sizes=\"auto, (max-width: 1192px) 100vw, 1192px\" \/><figcaption id=\"caption-attachment-85749\" class=\"wp-caption-text\">Omar Vasquez, Director General de la Direcci\u00f3n de Energ\u00eda At\u00f3mica<\/figcaption><\/figure>\n","protected":false},"excerpt":{"rendered":"<p>Este viernes, la fuerza trabajadora del Ministerio del Poder Popular para la Energ\u00eda El\u00e9ctrica (Mppee) dio inicio al Plan de<\/p>\n","protected":false},"author":12,"featured_media":85748,"comment_status":"open","ping_status":"open","sticky":false,"template":"","format":"standard","meta":{"footnotes":""},"categories":[30],"tags":[11],"class_list":["post-85747","post","type-post","status-publish","format-standard","has-post-thumbnail","hentry","category-regionales","tag-mppee"],"_links":{"self":[{"href":"https:\/\/mppee.gob.ve\/index.php?rest_route=\/wp\/v2\/posts\/85747","targetHints":{"allow":["GET"]}}],"collection":[{"href":"https:\/\/mppee.gob.ve\/index.php?rest_route=\/wp\/v2\/posts"}],"about":[{"href":"https:\/\/mppee.gob.ve\/index.php?rest_route=\/wp\/v2\/types\/post"}],"author":[{"embeddable":true,"href":"https:\/\/mppee.gob.ve\/index.php?rest_route=\/wp\/v2\/users\/12"}],"replies":[{"embeddable":true,"href":"https:\/\/mppee.gob.ve\/index.php?rest_route=%2Fwp%2Fv2%2Fcomments&post=85747"}],"version-history":[{"count":1,"href":"https:\/\/mppee.gob.ve\/index.php?rest_route=\/wp\/v2\/posts\/85747\/revisions"}],"predecessor-version":[{"id":85753,"href":"https:\/\/mppee.gob.ve\/index.php?rest_route=\/wp\/v2\/posts\/85747\/revisions\/85753"}],"wp:featuredmedia":[{"embeddable":true,"href":"https:\/\/mppee.gob.ve\/index.php?rest_route=\/wp\/v2\/media\/85748"}],"wp:attachment":[{"href":"https:\/\/mppee.gob.ve\/index.php?rest_route=%2Fwp%2Fv2%2Fmedia&parent=85747"}],"wp:term":[{"taxonomy":"category","embeddable":true,"href":"https:\/\/mppee.gob.ve\/index.php?rest_route=%2Fwp%2Fv2%2Fcategories&post=85747"},{"taxonomy":"post_tag","embeddable":true,"href":"https:\/\/mppee.gob.ve\/index.php?rest_route=%2Fwp%2Fv2%2Ftags&post=85747"}],"curies":[{"name":"wp","href":"https:\/\/api.w.org\/{rel}","templated":true}]}}