{"id":85763,"date":"2021-11-30T13:07:00","date_gmt":"2021-11-30T13:07:00","guid":{"rendered":"http:\/\/10.200.87.50\/mppee\/?p=85763"},"modified":"2021-12-01T13:37:42","modified_gmt":"2021-12-01T13:37:42","slug":"programa-de-accion-social-creo-en-ti-atiende-a-fuerza-trabajadora-de-carabobo","status":"publish","type":"post","link":"https:\/\/mppee.gob.ve\/?p=85763","title":{"rendered":"Programa de acci\u00f3n social \u201cCreo en Ti\u201d atiende a fuerza trabajadora de Carabobo"},"content":{"rendered":"<p style=\"text-align: justify;\"><img loading=\"lazy\" decoding=\"async\" class=\"size-medium wp-image-85768 alignleft\" src=\"http:\/\/10.200.87.50\/mppee\/wp-content\/uploads\/2021\/12\/Programa-de-acci\u00f3n-social-\u201cCreo-en-Ti\u201d-atiende-a-fuerza-trabajadora-de-Carabobo-5-300x150.jpeg\" alt=\"\" width=\"300\" height=\"150\" srcset=\"https:\/\/mppee.gob.ve\/wp-content\/uploads\/2021\/12\/Programa-de-acci\u00f3n-social-\u201cCreo-en-Ti\u201d-atiende-a-fuerza-trabajadora-de-Carabobo-5-300x150.jpeg 300w, https:\/\/mppee.gob.ve\/wp-content\/uploads\/2021\/12\/Programa-de-acci\u00f3n-social-\u201cCreo-en-Ti\u201d-atiende-a-fuerza-trabajadora-de-Carabobo-5-768x384.jpeg 768w, https:\/\/mppee.gob.ve\/wp-content\/uploads\/2021\/12\/Programa-de-acci\u00f3n-social-\u201cCreo-en-Ti\u201d-atiende-a-fuerza-trabajadora-de-Carabobo-5.jpeg 1000w\" sizes=\"auto, (max-width: 300px) 100vw, 300px\" \/>Con el objetivo de consolidar el programa de acci\u00f3n social \u201cCreo en Ti\u201d impulsado por el Ministerio del Poder Popular para la Energ\u00eda El\u00e9ctrica, se llev\u00f3 a cabo una jornada de atenci\u00f3n integral \u00a0en beneficio de la fuerza trabajadora de la Corporaci\u00f3n El\u00e9ctrica Nacional (Corpoelec) de Planta Centro en el estado Carabobo.<\/p>\n<p>La viceministra para la Articulaci\u00f3n y Participaci\u00f3n Social en el Servicio El\u00e9ctrico del Mppee, Nuris Perozo, quien estuvo a cargo de la actividad, manifest\u00f3 que se realizaron entregas revolucionarias donde se beneficiaron los hombres y mujeres con discapacidad que laboran en Planta Centro y tambi\u00e9n a sus familiares.<\/p>\n<p><img loading=\"lazy\" decoding=\"async\" class=\"size-medium wp-image-85767 alignright\" src=\"http:\/\/10.200.87.50\/mppee\/wp-content\/uploads\/2021\/12\/Programa-de-acci\u00f3n-social-\u201cCreo-en-Ti\u201d-atiende-a-fuerza-trabajadora-de-Carabobo-4-300x150.jpeg\" alt=\"\" width=\"300\" height=\"150\" srcset=\"https:\/\/mppee.gob.ve\/wp-content\/uploads\/2021\/12\/Programa-de-acci\u00f3n-social-\u201cCreo-en-Ti\u201d-atiende-a-fuerza-trabajadora-de-Carabobo-4-300x150.jpeg 300w, https:\/\/mppee.gob.ve\/wp-content\/uploads\/2021\/12\/Programa-de-acci\u00f3n-social-\u201cCreo-en-Ti\u201d-atiende-a-fuerza-trabajadora-de-Carabobo-4-768x384.jpeg 768w, https:\/\/mppee.gob.ve\/wp-content\/uploads\/2021\/12\/Programa-de-acci\u00f3n-social-\u201cCreo-en-Ti\u201d-atiende-a-fuerza-trabajadora-de-Carabobo-4.jpeg 1000w\" sizes=\"auto, (max-width: 300px) 100vw, 300px\" \/>Adem\u00e1s, indic\u00f3 que la fuerza trabajadora de esta importante infraestructura, cont\u00f3 con la venta de alimentos, pescado, ropa y calzado a bajo costo.<\/p>\n<p><strong>\u201cSeguimos adelante impulsando el programa \u201cCreo en Ti\u201d que poco a poco se va a ir extendiendo en nuestros entes del Ministerio del Poder Popular para la Energ\u00eda El\u00e9ctrica y el estado Carabobo es uno de los beneficiados de este programa\u201d<\/strong>, argument\u00f3 la Viceministra Perozo.<\/p>\n<p>Por su parte, la fuerza trabajadora manifest\u00f3 su agradecimiento al ministro del Poder Popular para la Energ\u00eda El\u00e9ctrica, G\/J N\u00e9stor Reverol y al presidente de la Corporaci\u00f3n El\u00e9ctrica Nacional (Corpoelec), ingeniero, Jos\u00e9 Luis Betancourt por esta importante iniciativa.<\/p>\n<p><strong><img loading=\"lazy\" decoding=\"async\" class=\"size-medium wp-image-85766 alignleft\" src=\"http:\/\/10.200.87.50\/mppee\/wp-content\/uploads\/2021\/12\/Programa-de-acci\u00f3n-social-\u201cCreo-en-Ti\u201d-atiende-a-fuerza-trabajadora-de-Carabobo-3-300x150.jpeg\" alt=\"\" width=\"300\" height=\"150\" srcset=\"https:\/\/mppee.gob.ve\/wp-content\/uploads\/2021\/12\/Programa-de-acci\u00f3n-social-\u201cCreo-en-Ti\u201d-atiende-a-fuerza-trabajadora-de-Carabobo-3-300x150.jpeg 300w, https:\/\/mppee.gob.ve\/wp-content\/uploads\/2021\/12\/Programa-de-acci\u00f3n-social-\u201cCreo-en-Ti\u201d-atiende-a-fuerza-trabajadora-de-Carabobo-3-768x384.jpeg 768w, https:\/\/mppee.gob.ve\/wp-content\/uploads\/2021\/12\/Programa-de-acci\u00f3n-social-\u201cCreo-en-Ti\u201d-atiende-a-fuerza-trabajadora-de-Carabobo-3.jpeg 1000w\" sizes=\"auto, (max-width: 300px) 100vw, 300px\" \/>\u201cMe parece importante que se realicen este tipo de jornadas, ya que se consigues precios muy bajos en los distintos rubros que ofrecen ac\u00e1\u201d<\/strong>, indic\u00f3 Rut Pe\u00f1a.<\/p>\n<p>Mientras que Legmi Goyo resalt\u00f3 que <strong>\u201cestas jornadas son muy beneficiosas para todos los trabajadores, aplaudo la iniciativa para que se sigan realizando continuamente\u201d.<\/strong><\/p>\n<p><strong>\u201cMe parecen muy buenas estas jornadas, ya que conseguimos alimentos accesibles, esperemos que contin\u00faen haciendo este tipo de jornadas y as\u00ed motivar a los trabajadores, felicito a los organizadores de este evento.\u201d,<\/strong> dijo Luis Alvarado.<\/p>\n<p><strong>Prensa Mppee<\/strong><\/p>\n<p><img loading=\"lazy\" decoding=\"async\" class=\"alignnone wp-image-85764 size-full\" src=\"http:\/\/10.200.87.50\/mppee\/wp-content\/uploads\/2021\/12\/Programa-de-acci\u00f3n-social-\u201cCreo-en-Ti\u201d-atiende-a-fuerza-trabajadora-de-Carabobo-1.jpeg\" alt=\"\" width=\"1000\" height=\"500\" srcset=\"https:\/\/mppee.gob.ve\/wp-content\/uploads\/2021\/12\/Programa-de-acci\u00f3n-social-\u201cCreo-en-Ti\u201d-atiende-a-fuerza-trabajadora-de-Carabobo-1.jpeg 1000w, https:\/\/mppee.gob.ve\/wp-content\/uploads\/2021\/12\/Programa-de-acci\u00f3n-social-\u201cCreo-en-Ti\u201d-atiende-a-fuerza-trabajadora-de-Carabobo-1-300x150.jpeg 300w, https:\/\/mppee.gob.ve\/wp-content\/uploads\/2021\/12\/Programa-de-acci\u00f3n-social-\u201cCreo-en-Ti\u201d-atiende-a-fuerza-trabajadora-de-Carabobo-1-768x384.jpeg 768w\" sizes=\"auto, (max-width: 1000px) 100vw, 1000px\" \/><\/p>\n","protected":false},"excerpt":{"rendered":"<p>Con el objetivo de consolidar el programa de acci\u00f3n social \u201cCreo en Ti\u201d impulsado por el Ministerio del Poder Popular<\/p>\n","protected":false},"author":12,"featured_media":85765,"comment_status":"open","ping_status":"open","sticky":false,"template":"","format":"standard","meta":{"footnotes":""},"categories":[30],"tags":[11],"class_list":["post-85763","post","type-post","status-publish","format-standard","has-post-thumbnail","hentry","category-regionales","tag-mppee"],"_links":{"self":[{"href":"https:\/\/mppee.gob.ve\/index.php?rest_route=\/wp\/v2\/posts\/85763","targetHints":{"allow":["GET"]}}],"collection":[{"href":"https:\/\/mppee.gob.ve\/index.php?rest_route=\/wp\/v2\/posts"}],"about":[{"href":"https:\/\/mppee.gob.ve\/index.php?rest_route=\/wp\/v2\/types\/post"}],"author":[{"embeddable":true,"href":"https:\/\/mppee.gob.ve\/index.php?rest_route=\/wp\/v2\/users\/12"}],"replies":[{"embeddable":true,"href":"https:\/\/mppee.gob.ve\/index.php?rest_route=%2Fwp%2Fv2%2Fcomments&post=85763"}],"version-history":[{"count":1,"href":"https:\/\/mppee.gob.ve\/index.php?rest_route=\/wp\/v2\/posts\/85763\/revisions"}],"predecessor-version":[{"id":85769,"href":"https:\/\/mppee.gob.ve\/index.php?rest_route=\/wp\/v2\/posts\/85763\/revisions\/85769"}],"wp:featuredmedia":[{"embeddable":true,"href":"https:\/\/mppee.gob.ve\/index.php?rest_route=\/wp\/v2\/media\/85765"}],"wp:attachment":[{"href":"https:\/\/mppee.gob.ve\/index.php?rest_route=%2Fwp%2Fv2%2Fmedia&parent=85763"}],"wp:term":[{"taxonomy":"category","embeddable":true,"href":"https:\/\/mppee.gob.ve\/index.php?rest_route=%2Fwp%2Fv2%2Fcategories&post=85763"},{"taxonomy":"post_tag","embeddable":true,"href":"https:\/\/mppee.gob.ve\/index.php?rest_route=%2Fwp%2Fv2%2Ftags&post=85763"}],"curies":[{"name":"wp","href":"https:\/\/api.w.org\/{rel}","templated":true}]}}