{"id":85778,"date":"2021-12-02T13:53:00","date_gmt":"2021-12-02T13:53:00","guid":{"rendered":"http:\/\/10.200.87.50\/mppee\/?p=85778"},"modified":"2021-12-03T14:03:39","modified_gmt":"2021-12-03T14:03:39","slug":"certifican-a-trabajadores-del-mppee-para-la-atencion-integral-a-personas-con-discapacidad","status":"publish","type":"post","link":"https:\/\/mppee.gob.ve\/?p=85778","title":{"rendered":"Certifican a trabajadores del Mppee para la atenci\u00f3n integral a personas con discapacidad"},"content":{"rendered":"<div dir=\"auto\" style=\"text-align: justify;\"><img loading=\"lazy\" decoding=\"async\" class=\"size-medium wp-image-85789 alignleft\" src=\"http:\/\/10.200.87.50\/mppee\/wp-content\/uploads\/2021\/12\/IMG-20211202-WA0116-300x200.jpg\" alt=\"\" width=\"300\" height=\"200\" srcset=\"https:\/\/mppee.gob.ve\/wp-content\/uploads\/2021\/12\/IMG-20211202-WA0116-300x200.jpg 300w, https:\/\/mppee.gob.ve\/wp-content\/uploads\/2021\/12\/IMG-20211202-WA0116-1024x683.jpg 1024w, https:\/\/mppee.gob.ve\/wp-content\/uploads\/2021\/12\/IMG-20211202-WA0116-768x512.jpg 768w, https:\/\/mppee.gob.ve\/wp-content\/uploads\/2021\/12\/IMG-20211202-WA0116.jpg 1080w\" sizes=\"auto, (max-width: 300px) 100vw, 300px\" \/>Con el objetivo de garantizar la inclusi\u00f3n a las personas con discapacidad en el \u00e1mbito laboral, el vicepresidente sectorial de Obras P\u00fablicas y Servicios, G\/J N\u00e9stor Reverol, realiz\u00f3 la entrega de certificados a trabajadores del Ministerio del Poder Popular para la Energ\u00eda El\u00e9ctrica para una atenci\u00f3n integral a personas con discapacidad.<\/div>\n<div dir=\"auto\" style=\"text-align: justify;\"><\/div>\n<div dir=\"auto\" style=\"text-align: justify;\">A trav\u00e9s de una publicaci\u00f3n en la red social Instagram, @reverolnestor, manifest\u00f3 <strong>\u00abHoy hemos consolidado un logro m\u00e1s de nuestro Programa de Atenci\u00f3n Integral e Inclusi\u00f3n a los trabajadores con discapacidad \u201cCreo en Ti\u201d, con la certificaci\u00f3n de m\u00e1s de 50 hombres y mujeres del Ministerio del Poder Popular para la Energ\u00eda El\u00e9ctrica\u00bb.<\/strong><\/div>\n<div dir=\"auto\" style=\"text-align: justify;\"><\/div>\n<div dir=\"auto\" style=\"text-align: justify;\">A trav\u00e9s del Programa <strong>\u00abCreo en Ti\u00bb<\/strong>, impulsado por este ente, los trabajadores y trabajadores con alguna discapacidad, fueron formados para la atenci\u00f3n correcta, la adecuaci\u00f3n de espacios y la incorporaci\u00f3n a su \u00e1rea laboral.<\/div>\n<div dir=\"auto\" style=\"text-align: justify;\"><\/div>\n<div dir=\"auto\" style=\"text-align: justify;\"><img loading=\"lazy\" decoding=\"async\" class=\"size-medium wp-image-85788 alignright\" src=\"http:\/\/10.200.87.50\/mppee\/wp-content\/uploads\/2021\/12\/IMG-20211202-WA0115-300x209.jpg\" alt=\"\" width=\"300\" height=\"209\" srcset=\"https:\/\/mppee.gob.ve\/wp-content\/uploads\/2021\/12\/IMG-20211202-WA0115-300x209.jpg 300w, https:\/\/mppee.gob.ve\/wp-content\/uploads\/2021\/12\/IMG-20211202-WA0115-1024x715.jpg 1024w, https:\/\/mppee.gob.ve\/wp-content\/uploads\/2021\/12\/IMG-20211202-WA0115-768x536.jpg 768w, https:\/\/mppee.gob.ve\/wp-content\/uploads\/2021\/12\/IMG-20211202-WA0115-392x272.jpg 392w, https:\/\/mppee.gob.ve\/wp-content\/uploads\/2021\/12\/IMG-20211202-WA0115-130x90.jpg 130w, https:\/\/mppee.gob.ve\/wp-content\/uploads\/2021\/12\/IMG-20211202-WA0115.jpg 1080w\" sizes=\"auto, (max-width: 300px) 100vw, 300px\" \/>El tambi\u00e9n Ministro del Poder Popular para la Energ\u00eda El\u00e9ctrica, reiter\u00f3, que en las filas de la gran familia del sector el\u00e9ctrico, no se siente a nadie con discapacidad, sino con grandes capacidades.<\/div>\n<div dir=\"auto\" style=\"text-align: justify;\"><\/div>\n<div dir=\"auto\" style=\"text-align: justify;\">\u00a0<strong>\u00abSeguimos el legado de nuestro Comandante Supremo Hugo Ch\u00e1vez, quien despej\u00f3 las diferencias y nos ense\u00f1\u00f3 que todas las personas son capaces de realizar sus sue\u00f1os, por ello, hemos alcanzado la meta del 5% de la n\u00f3mina de la instituci\u00f3n con las diversas jornadas de inclusi\u00f3n laboral\u00bb<\/strong>, dijo el G\/J N\u00e9stor Reverol.<\/div>\n<div dir=\"auto\" style=\"text-align: justify;\"><\/div>\n<div dir=\"auto\" style=\"text-align: justify;\">Por otro lado, indic\u00f3 que entre las estrategias que se han considerado, se encuentra la contrataci\u00f3n de una nueva int\u00e9rprete de Lengua de Se\u00f1as Venezolana, quien estar\u00e1 realizando diferentes jornadas de formaci\u00f3n para que las personas con discapacidad auditiva puedan comunicarse con sus compa\u00f1eros de trabajo en sus diferentes espacios.<\/div>\n<div dir=\"auto\" style=\"text-align: justify;\"><\/div>\n<div dir=\"auto\" style=\"text-align: justify;\"><img loading=\"lazy\" decoding=\"async\" class=\"size-medium wp-image-85787 alignleft\" src=\"http:\/\/10.200.87.50\/mppee\/wp-content\/uploads\/2021\/12\/IMG-20211202-WA0114-300x200.jpg\" alt=\"\" width=\"300\" height=\"200\" srcset=\"https:\/\/mppee.gob.ve\/wp-content\/uploads\/2021\/12\/IMG-20211202-WA0114-300x200.jpg 300w, https:\/\/mppee.gob.ve\/wp-content\/uploads\/2021\/12\/IMG-20211202-WA0114-1024x683.jpg 1024w, https:\/\/mppee.gob.ve\/wp-content\/uploads\/2021\/12\/IMG-20211202-WA0114-768x512.jpg 768w, https:\/\/mppee.gob.ve\/wp-content\/uploads\/2021\/12\/IMG-20211202-WA0114.jpg 1080w\" sizes=\"auto, (max-width: 300px) 100vw, 300px\" \/>El ministro Reverol Torres agradeci\u00f3 a la Coral Infantil Integral de Guayana, quienes deleitaron con su m\u00fasica a todos los presentes, a quienes apadrin\u00f3 para apoyar su formaci\u00f3n musical.<\/div>\n<div dir=\"auto\" style=\"text-align: justify;\"><\/div>\n<div dir=\"auto\" style=\"text-align: justify;\"><strong>\u00abGracias a todas aquellas personas con discapacidad que se han incorporado a formar parte de la fuerza trabajadora del Sistema El\u00e9ctrico Nacional. \u00a1Seguimos venciendo!\u00bb<\/strong>, puntualiz\u00f3 el titular de Energ\u00eda El\u00e9ctrica.<\/div>\n<div dir=\"auto\" style=\"text-align: justify;\"><\/div>\n<div dir=\"auto\" style=\"text-align: justify;\"><strong>Prensa Mppee<\/strong><\/div>\n<div dir=\"auto\"><img loading=\"lazy\" decoding=\"async\" class=\"alignnone wp-image-85786 size-full\" src=\"http:\/\/10.200.87.50\/mppee\/wp-content\/uploads\/2021\/12\/IMG-20211202-WA0113.jpg\" alt=\"\" width=\"1080\" height=\"720\" srcset=\"https:\/\/mppee.gob.ve\/wp-content\/uploads\/2021\/12\/IMG-20211202-WA0113.jpg 1080w, https:\/\/mppee.gob.ve\/wp-content\/uploads\/2021\/12\/IMG-20211202-WA0113-300x200.jpg 300w, https:\/\/mppee.gob.ve\/wp-content\/uploads\/2021\/12\/IMG-20211202-WA0113-1024x683.jpg 1024w, https:\/\/mppee.gob.ve\/wp-content\/uploads\/2021\/12\/IMG-20211202-WA0113-768x512.jpg 768w\" sizes=\"auto, (max-width: 1080px) 100vw, 1080px\" \/> <img loading=\"lazy\" decoding=\"async\" class=\"alignnone wp-image-85785 size-full\" src=\"http:\/\/10.200.87.50\/mppee\/wp-content\/uploads\/2021\/12\/IMG-20211202-WA0112.jpg\" alt=\"\" width=\"1080\" height=\"720\" srcset=\"https:\/\/mppee.gob.ve\/wp-content\/uploads\/2021\/12\/IMG-20211202-WA0112.jpg 1080w, https:\/\/mppee.gob.ve\/wp-content\/uploads\/2021\/12\/IMG-20211202-WA0112-300x200.jpg 300w, https:\/\/mppee.gob.ve\/wp-content\/uploads\/2021\/12\/IMG-20211202-WA0112-1024x683.jpg 1024w, https:\/\/mppee.gob.ve\/wp-content\/uploads\/2021\/12\/IMG-20211202-WA0112-768x512.jpg 768w\" sizes=\"auto, (max-width: 1080px) 100vw, 1080px\" \/> <img loading=\"lazy\" decoding=\"async\" class=\"alignnone wp-image-85784 size-full\" src=\"http:\/\/10.200.87.50\/mppee\/wp-content\/uploads\/2021\/12\/IMG-20211202-WA0111.jpg\" alt=\"\" width=\"1080\" height=\"720\" srcset=\"https:\/\/mppee.gob.ve\/wp-content\/uploads\/2021\/12\/IMG-20211202-WA0111.jpg 1080w, https:\/\/mppee.gob.ve\/wp-content\/uploads\/2021\/12\/IMG-20211202-WA0111-300x200.jpg 300w, https:\/\/mppee.gob.ve\/wp-content\/uploads\/2021\/12\/IMG-20211202-WA0111-1024x683.jpg 1024w, https:\/\/mppee.gob.ve\/wp-content\/uploads\/2021\/12\/IMG-20211202-WA0111-768x512.jpg 768w\" sizes=\"auto, (max-width: 1080px) 100vw, 1080px\" \/> <img loading=\"lazy\" decoding=\"async\" class=\"alignnone wp-image-85783 size-full\" src=\"http:\/\/10.200.87.50\/mppee\/wp-content\/uploads\/2021\/12\/IMG-20211202-WA0110.jpg\" alt=\"\" width=\"1080\" height=\"720\" srcset=\"https:\/\/mppee.gob.ve\/wp-content\/uploads\/2021\/12\/IMG-20211202-WA0110.jpg 1080w, https:\/\/mppee.gob.ve\/wp-content\/uploads\/2021\/12\/IMG-20211202-WA0110-300x200.jpg 300w, https:\/\/mppee.gob.ve\/wp-content\/uploads\/2021\/12\/IMG-20211202-WA0110-1024x683.jpg 1024w, https:\/\/mppee.gob.ve\/wp-content\/uploads\/2021\/12\/IMG-20211202-WA0110-768x512.jpg 768w\" sizes=\"auto, (max-width: 1080px) 100vw, 1080px\" \/> <img loading=\"lazy\" decoding=\"async\" class=\"alignnone wp-image-85782 size-full\" src=\"http:\/\/10.200.87.50\/mppee\/wp-content\/uploads\/2021\/12\/IMG-20211202-WA0109.jpg\" alt=\"\" width=\"1080\" height=\"720\" srcset=\"https:\/\/mppee.gob.ve\/wp-content\/uploads\/2021\/12\/IMG-20211202-WA0109.jpg 1080w, https:\/\/mppee.gob.ve\/wp-content\/uploads\/2021\/12\/IMG-20211202-WA0109-300x200.jpg 300w, https:\/\/mppee.gob.ve\/wp-content\/uploads\/2021\/12\/IMG-20211202-WA0109-1024x683.jpg 1024w, https:\/\/mppee.gob.ve\/wp-content\/uploads\/2021\/12\/IMG-20211202-WA0109-768x512.jpg 768w\" sizes=\"auto, (max-width: 1080px) 100vw, 1080px\" \/> <img loading=\"lazy\" decoding=\"async\" class=\"alignnone wp-image-85781 size-full\" src=\"http:\/\/10.200.87.50\/mppee\/wp-content\/uploads\/2021\/12\/IMG-20211202-WA0108.jpg\" alt=\"\" width=\"1080\" height=\"720\" srcset=\"https:\/\/mppee.gob.ve\/wp-content\/uploads\/2021\/12\/IMG-20211202-WA0108.jpg 1080w, https:\/\/mppee.gob.ve\/wp-content\/uploads\/2021\/12\/IMG-20211202-WA0108-300x200.jpg 300w, https:\/\/mppee.gob.ve\/wp-content\/uploads\/2021\/12\/IMG-20211202-WA0108-1024x683.jpg 1024w, https:\/\/mppee.gob.ve\/wp-content\/uploads\/2021\/12\/IMG-20211202-WA0108-768x512.jpg 768w\" sizes=\"auto, (max-width: 1080px) 100vw, 1080px\" \/> <img loading=\"lazy\" decoding=\"async\" class=\"alignnone wp-image-85780 size-full\" src=\"http:\/\/10.200.87.50\/mppee\/wp-content\/uploads\/2021\/12\/IMG-20211202-WA0107.jpg\" alt=\"\" width=\"1080\" height=\"720\" srcset=\"https:\/\/mppee.gob.ve\/wp-content\/uploads\/2021\/12\/IMG-20211202-WA0107.jpg 1080w, https:\/\/mppee.gob.ve\/wp-content\/uploads\/2021\/12\/IMG-20211202-WA0107-300x200.jpg 300w, https:\/\/mppee.gob.ve\/wp-content\/uploads\/2021\/12\/IMG-20211202-WA0107-1024x683.jpg 1024w, https:\/\/mppee.gob.ve\/wp-content\/uploads\/2021\/12\/IMG-20211202-WA0107-768x512.jpg 768w\" sizes=\"auto, (max-width: 1080px) 100vw, 1080px\" \/><\/div>\n","protected":false},"excerpt":{"rendered":"<p>Con el objetivo de garantizar la inclusi\u00f3n a las personas con discapacidad en el \u00e1mbito laboral, el vicepresidente sectorial de<\/p>\n","protected":false},"author":12,"featured_media":85779,"comment_status":"open","ping_status":"open","sticky":false,"template":"","format":"standard","meta":{"footnotes":""},"categories":[15],"tags":[11],"class_list":["post-85778","post","type-post","status-publish","format-standard","has-post-thumbnail","hentry","category-nacionales","tag-mppee"],"_links":{"self":[{"href":"https:\/\/mppee.gob.ve\/index.php?rest_route=\/wp\/v2\/posts\/85778","targetHints":{"allow":["GET"]}}],"collection":[{"href":"https:\/\/mppee.gob.ve\/index.php?rest_route=\/wp\/v2\/posts"}],"about":[{"href":"https:\/\/mppee.gob.ve\/index.php?rest_route=\/wp\/v2\/types\/post"}],"author":[{"embeddable":true,"href":"https:\/\/mppee.gob.ve\/index.php?rest_route=\/wp\/v2\/users\/12"}],"replies":[{"embeddable":true,"href":"https:\/\/mppee.gob.ve\/index.php?rest_route=%2Fwp%2Fv2%2Fcomments&post=85778"}],"version-history":[{"count":1,"href":"https:\/\/mppee.gob.ve\/index.php?rest_route=\/wp\/v2\/posts\/85778\/revisions"}],"predecessor-version":[{"id":85790,"href":"https:\/\/mppee.gob.ve\/index.php?rest_route=\/wp\/v2\/posts\/85778\/revisions\/85790"}],"wp:featuredmedia":[{"embeddable":true,"href":"https:\/\/mppee.gob.ve\/index.php?rest_route=\/wp\/v2\/media\/85779"}],"wp:attachment":[{"href":"https:\/\/mppee.gob.ve\/index.php?rest_route=%2Fwp%2Fv2%2Fmedia&parent=85778"}],"wp:term":[{"taxonomy":"category","embeddable":true,"href":"https:\/\/mppee.gob.ve\/index.php?rest_route=%2Fwp%2Fv2%2Fcategories&post=85778"},{"taxonomy":"post_tag","embeddable":true,"href":"https:\/\/mppee.gob.ve\/index.php?rest_route=%2Fwp%2Fv2%2Ftags&post=85778"}],"curies":[{"name":"wp","href":"https:\/\/api.w.org\/{rel}","templated":true}]}}