{"id":85827,"date":"2021-12-03T14:25:00","date_gmt":"2021-12-03T14:25:00","guid":{"rendered":"http:\/\/10.200.87.50\/mppee\/?p=85827"},"modified":"2021-12-06T14:29:13","modified_gmt":"2021-12-06T14:29:13","slug":"mas-de-mil-600-personas-con-discapacidad-ingresaran-al-sector-electrico-a-traves-del-programa-creo-en-ti","status":"publish","type":"post","link":"https:\/\/mppee.gob.ve\/?p=85827","title":{"rendered":"M\u00e1s de mil 600 personas con discapacidad ingresar\u00e1n al sector el\u00e9ctrico a trav\u00e9s del Programa Creo en Ti"},"content":{"rendered":"<p style=\"text-align: justify;\"><img loading=\"lazy\" decoding=\"async\" class=\"size-medium wp-image-85830 alignleft\" src=\"http:\/\/10.200.87.50\/mppee\/wp-content\/uploads\/2021\/12\/M\u00e1s-de-mil-600-personas-con-discapacidad-ingresar\u00e1n-al-sector-el\u00e9ctrico-a-trav\u00e9s-del-Programa-Creo-en-Ti-3-300x216.jpeg\" alt=\"\" width=\"300\" height=\"216\" srcset=\"https:\/\/mppee.gob.ve\/wp-content\/uploads\/2021\/12\/M\u00e1s-de-mil-600-personas-con-discapacidad-ingresar\u00e1n-al-sector-el\u00e9ctrico-a-trav\u00e9s-del-Programa-Creo-en-Ti-3-300x216.jpeg 300w, https:\/\/mppee.gob.ve\/wp-content\/uploads\/2021\/12\/M\u00e1s-de-mil-600-personas-con-discapacidad-ingresar\u00e1n-al-sector-el\u00e9ctrico-a-trav\u00e9s-del-Programa-Creo-en-Ti-3-1024x736.jpeg 1024w, https:\/\/mppee.gob.ve\/wp-content\/uploads\/2021\/12\/M\u00e1s-de-mil-600-personas-con-discapacidad-ingresar\u00e1n-al-sector-el\u00e9ctrico-a-trav\u00e9s-del-Programa-Creo-en-Ti-3-768x552.jpeg 768w, https:\/\/mppee.gob.ve\/wp-content\/uploads\/2021\/12\/M\u00e1s-de-mil-600-personas-con-discapacidad-ingresar\u00e1n-al-sector-el\u00e9ctrico-a-trav\u00e9s-del-Programa-Creo-en-Ti-3.jpeg 1080w\" sizes=\"auto, (max-width: 300px) 100vw, 300px\" \/>El vicepresidente Sectorial de Obras P\u00fablicas y Servicios, G\/J N\u00e9stor Reverol, activ\u00f3 el Programa de Atenci\u00f3n Integral \u201cCreo en Ti\u201d, donde ser\u00e1n incorporados m\u00e1s de mil 600 personas con discapacidad, que se sumar\u00e1n a la gran familia de la fuerza trabajadora del Ministerio del Poder Popular para la Energ\u00eda El\u00e9ctrica (Mppee) y sus entes adscritos.<\/p>\n<p><strong>\u201cTenemos como meta para el a\u00f1o 2025 incorporar de manera progresiva a m\u00e1s de mil 600 personas con discapacidad al Mppee y sus entes adscritos, y de esta manera cumplir con los el art\u00edculo 28 de la norma vigente para las personas con discapacidad que es, la inclusi\u00f3n del 5 por ciento en el \u00e1mbito laboral\u201d<\/strong>, explica el General en Jefe.<\/p>\n<p>El tambi\u00e9n Ministro del Poder Popular para la Energ\u00eda El\u00e9ctrica destaca que se cumplen con los tres principios b\u00e1sicos en la instituci\u00f3n, que exige el Consejo Nacional para las Personas con Discapacidad (Conapdis) que son la accesibilidad, inclusi\u00f3n laboral y trato adecuado para ellos.<\/p>\n<p><strong><img loading=\"lazy\" decoding=\"async\" class=\"size-medium wp-image-85829 alignright\" src=\"http:\/\/10.200.87.50\/mppee\/wp-content\/uploads\/2021\/12\/M\u00e1s-de-mil-600-personas-con-discapacidad-ingresar\u00e1n-al-sector-el\u00e9ctrico-a-trav\u00e9s-del-Programa-Creo-en-Ti-2-300x200.jpeg\" alt=\"\" width=\"300\" height=\"200\" srcset=\"https:\/\/mppee.gob.ve\/wp-content\/uploads\/2021\/12\/M\u00e1s-de-mil-600-personas-con-discapacidad-ingresar\u00e1n-al-sector-el\u00e9ctrico-a-trav\u00e9s-del-Programa-Creo-en-Ti-2-300x200.jpeg 300w, https:\/\/mppee.gob.ve\/wp-content\/uploads\/2021\/12\/M\u00e1s-de-mil-600-personas-con-discapacidad-ingresar\u00e1n-al-sector-el\u00e9ctrico-a-trav\u00e9s-del-Programa-Creo-en-Ti-2-1024x683.jpeg 1024w, https:\/\/mppee.gob.ve\/wp-content\/uploads\/2021\/12\/M\u00e1s-de-mil-600-personas-con-discapacidad-ingresar\u00e1n-al-sector-el\u00e9ctrico-a-trav\u00e9s-del-Programa-Creo-en-Ti-2-768x512.jpeg 768w, https:\/\/mppee.gob.ve\/wp-content\/uploads\/2021\/12\/M\u00e1s-de-mil-600-personas-con-discapacidad-ingresar\u00e1n-al-sector-el\u00e9ctrico-a-trav\u00e9s-del-Programa-Creo-en-Ti-2.jpeg 1080w\" sizes=\"auto, (max-width: 300px) 100vw, 300px\" \/>\u201cEste programa es un deber que tenemos como l\u00edderes, es deber de todos participar y crear las condiciones necesarias para la inclusi\u00f3n laboral de las personas con discapacidad en el sector el\u00e9ctrico, como parte del compromiso del Gobierno Bolivariano en asegurar la protecci\u00f3n, igualdad y equidad dentro de la justicia social entre los venezolanos\u201d<\/strong>, expresa Reverol Torres.<\/p>\n<p>El programa inici\u00f3 en el mes de septiembre con una primera etapa que tiene tres fases; en principio se cens\u00f3 a los trabajadores con discapacidad del sector, con la inclusi\u00f3n laboral de 50 nuevas personas, para un total de 300 que trabajan actualmente en la entidad ministerial.<\/p>\n<p>La segunda finaliz\u00f3 con el alcance del logro de incluir y completar lo que establece la norma vigente, donde se incluy\u00f3 el 5% de las personas con discapacidad solo en la sede principal del Ministerio del Poder Popular para la Energ\u00eda El\u00e9ctrica.<\/p>\n<p><img loading=\"lazy\" decoding=\"async\" class=\"size-medium wp-image-85828 alignleft\" src=\"http:\/\/10.200.87.50\/mppee\/wp-content\/uploads\/2021\/12\/M\u00e1s-de-mil-600-personas-con-discapacidad-ingresar\u00e1n-al-sector-el\u00e9ctrico-a-trav\u00e9s-del-Programa-Creo-en-Ti-1-300x200.jpeg\" alt=\"\" width=\"300\" height=\"200\" srcset=\"https:\/\/mppee.gob.ve\/wp-content\/uploads\/2021\/12\/M\u00e1s-de-mil-600-personas-con-discapacidad-ingresar\u00e1n-al-sector-el\u00e9ctrico-a-trav\u00e9s-del-Programa-Creo-en-Ti-1-300x200.jpeg 300w, https:\/\/mppee.gob.ve\/wp-content\/uploads\/2021\/12\/M\u00e1s-de-mil-600-personas-con-discapacidad-ingresar\u00e1n-al-sector-el\u00e9ctrico-a-trav\u00e9s-del-Programa-Creo-en-Ti-1-1024x683.jpeg 1024w, https:\/\/mppee.gob.ve\/wp-content\/uploads\/2021\/12\/M\u00e1s-de-mil-600-personas-con-discapacidad-ingresar\u00e1n-al-sector-el\u00e9ctrico-a-trav\u00e9s-del-Programa-Creo-en-Ti-1-768x512.jpeg 768w, https:\/\/mppee.gob.ve\/wp-content\/uploads\/2021\/12\/M\u00e1s-de-mil-600-personas-con-discapacidad-ingresar\u00e1n-al-sector-el\u00e9ctrico-a-trav\u00e9s-del-Programa-Creo-en-Ti-1.jpeg 1080w\" sizes=\"auto, (max-width: 300px) 100vw, 300px\" \/>Los esfuerzos del programa<strong> \u201cCreo en Ti\u201d<\/strong>, por la inclusi\u00f3n laboral dentro del Sistema El\u00e9ctrico Nacional (SEN), fueron agradecidos por el Conapdis, el cual otorg\u00f3 un diploma de reconocimiento al ministro N\u00e9stor Reverol, y a su equipo de trabajo, convirti\u00e9ndose en ejemplo a seguir para entes p\u00fablicos y privados.<\/p>\n<p>Reforzar los valores de empat\u00eda, solidaridad y amor dentro de la fuerza trabajadora del sector el\u00e9ctrico de la mano de un equipo multidisciplinario, ha permitido la inclusi\u00f3n de las personas con discapacidad al \u00e1rea laboral y que hoy en d\u00eda es un hecho y forman parte del Sistema El\u00e9ctrico Nacional.<\/p>\n","protected":false},"excerpt":{"rendered":"<p>El vicepresidente Sectorial de Obras P\u00fablicas y Servicios, G\/J N\u00e9stor Reverol, activ\u00f3 el Programa de Atenci\u00f3n Integral \u201cCreo en Ti\u201d,<\/p>\n","protected":false},"author":12,"featured_media":85831,"comment_status":"open","ping_status":"open","sticky":false,"template":"","format":"standard","meta":{"footnotes":""},"categories":[15],"tags":[11],"class_list":["post-85827","post","type-post","status-publish","format-standard","has-post-thumbnail","hentry","category-nacionales","tag-mppee"],"_links":{"self":[{"href":"https:\/\/mppee.gob.ve\/index.php?rest_route=\/wp\/v2\/posts\/85827","targetHints":{"allow":["GET"]}}],"collection":[{"href":"https:\/\/mppee.gob.ve\/index.php?rest_route=\/wp\/v2\/posts"}],"about":[{"href":"https:\/\/mppee.gob.ve\/index.php?rest_route=\/wp\/v2\/types\/post"}],"author":[{"embeddable":true,"href":"https:\/\/mppee.gob.ve\/index.php?rest_route=\/wp\/v2\/users\/12"}],"replies":[{"embeddable":true,"href":"https:\/\/mppee.gob.ve\/index.php?rest_route=%2Fwp%2Fv2%2Fcomments&post=85827"}],"version-history":[{"count":1,"href":"https:\/\/mppee.gob.ve\/index.php?rest_route=\/wp\/v2\/posts\/85827\/revisions"}],"predecessor-version":[{"id":85832,"href":"https:\/\/mppee.gob.ve\/index.php?rest_route=\/wp\/v2\/posts\/85827\/revisions\/85832"}],"wp:featuredmedia":[{"embeddable":true,"href":"https:\/\/mppee.gob.ve\/index.php?rest_route=\/wp\/v2\/media\/85831"}],"wp:attachment":[{"href":"https:\/\/mppee.gob.ve\/index.php?rest_route=%2Fwp%2Fv2%2Fmedia&parent=85827"}],"wp:term":[{"taxonomy":"category","embeddable":true,"href":"https:\/\/mppee.gob.ve\/index.php?rest_route=%2Fwp%2Fv2%2Fcategories&post=85827"},{"taxonomy":"post_tag","embeddable":true,"href":"https:\/\/mppee.gob.ve\/index.php?rest_route=%2Fwp%2Fv2%2Ftags&post=85827"}],"curies":[{"name":"wp","href":"https:\/\/api.w.org\/{rel}","templated":true}]}}