{"id":85839,"date":"2021-12-06T14:57:00","date_gmt":"2021-12-06T14:57:00","guid":{"rendered":"http:\/\/10.200.87.50\/mppee\/?p=85839"},"modified":"2021-12-07T15:07:59","modified_gmt":"2021-12-07T15:07:59","slug":"disenan-estrategias-de-empoderamiento-del-poder-popular-en-el-sistema-hidrico-nacional","status":"publish","type":"post","link":"https:\/\/mppee.gob.ve\/?p=85839","title":{"rendered":"Dise\u00f1an estrategias de empoderamiento del Poder Popular en el Sistema H\u00eddrico Nacional"},"content":{"rendered":"<p style=\"text-align: justify;\"><img loading=\"lazy\" decoding=\"async\" class=\"size-medium wp-image-85846 alignleft\" src=\"http:\/\/10.200.87.50\/mppee\/wp-content\/uploads\/2021\/12\/dcec81d4-9f0d-4ff6-b000-2890b344a0ca-300x168.jpg\" alt=\"\" width=\"300\" height=\"168\" srcset=\"https:\/\/mppee.gob.ve\/wp-content\/uploads\/2021\/12\/dcec81d4-9f0d-4ff6-b000-2890b344a0ca-300x168.jpg 300w, https:\/\/mppee.gob.ve\/wp-content\/uploads\/2021\/12\/dcec81d4-9f0d-4ff6-b000-2890b344a0ca-1024x575.jpg 1024w, https:\/\/mppee.gob.ve\/wp-content\/uploads\/2021\/12\/dcec81d4-9f0d-4ff6-b000-2890b344a0ca-768x431.jpg 768w, https:\/\/mppee.gob.ve\/wp-content\/uploads\/2021\/12\/dcec81d4-9f0d-4ff6-b000-2890b344a0ca-800x445.jpg 800w, https:\/\/mppee.gob.ve\/wp-content\/uploads\/2021\/12\/dcec81d4-9f0d-4ff6-b000-2890b344a0ca.jpg 1080w\" sizes=\"auto, (max-width: 300px) 100vw, 300px\" \/>Con el objetivo de fortalecer el Sistema H\u00eddrico Nacional, el vicepresidente Sectorial de Obras P\u00fablicas y Servicios, G\/J N\u00e9stor Reverol, junto al ministro del Poder Popular para la Atenci\u00f3n de las Aguas, Rodolfo Marco Torres, la presidenta de Hidroven, Evelyn V\u00e1squez, entre otras autoridades, trazaron estrategias para empoderar al pueblo del Sistema H\u00eddrico Nacional, tal como lo instruy\u00f3 el presidente de la Rep\u00fablica, Nicol\u00e1s Maduro Moros.<\/p>\n<p><strong>\u201cAprovechamos las diferentes expresiones del Poder Popular para empoderarlos del Sistema H\u00eddrico, adem\u00e1s de realizar un registro nacional de personas con experiencias en materia de plomer\u00eda y reparaci\u00f3n de aver\u00edas de las diferentes comunidades que apoyen el trabajo que se va a realizar por parte del Gobierno nacional, y as\u00ed sean ellos los garantes del funcionamiento del servicio\u201d<\/strong>, asegur\u00f3 Reverol Torres.<\/p>\n<p><img loading=\"lazy\" decoding=\"async\" class=\"size-medium wp-image-85845 alignright\" src=\"http:\/\/10.200.87.50\/mppee\/wp-content\/uploads\/2021\/12\/db570acb-7087-4331-ac96-5da86b982bc0-300x168.jpg\" alt=\"\" width=\"300\" height=\"168\" srcset=\"https:\/\/mppee.gob.ve\/wp-content\/uploads\/2021\/12\/db570acb-7087-4331-ac96-5da86b982bc0-300x168.jpg 300w, https:\/\/mppee.gob.ve\/wp-content\/uploads\/2021\/12\/db570acb-7087-4331-ac96-5da86b982bc0-1024x575.jpg 1024w, https:\/\/mppee.gob.ve\/wp-content\/uploads\/2021\/12\/db570acb-7087-4331-ac96-5da86b982bc0-768x431.jpg 768w, https:\/\/mppee.gob.ve\/wp-content\/uploads\/2021\/12\/db570acb-7087-4331-ac96-5da86b982bc0-800x445.jpg 800w, https:\/\/mppee.gob.ve\/wp-content\/uploads\/2021\/12\/db570acb-7087-4331-ac96-5da86b982bc0.jpg 1080w\" sizes=\"auto, (max-width: 300px) 100vw, 300px\" \/>Indic\u00f3 que para cumplir esos lineamientos se encomend\u00f3 a la viceministra de Gesti\u00f3n Popular del Agua, Yenireth Zerpa, para la conformaci\u00f3n de las Brigadas Populares de Atenci\u00f3n de las Aguas (Brippas) en las comunidades, as\u00ed como registrar y otorgar herramientas y materiales de trabajo a las mismas.<\/p>\n<p>El tambi\u00e9n Ministro del Poder Popular para la Energ\u00eda El\u00e9ctrica, inform\u00f3 que para los pr\u00f3ximos d\u00edas se tendr\u00e1 una reuni\u00f3n especial con los Jefes de las Hidrol\u00f3gicas y los Gerentes Territoriales de Corpoelec, para realizar un debate nacional acerca del diagn\u00f3stico y atenci\u00f3n del sistema el\u00e9ctrico dentro del h\u00eddrico, el cual es fundamental para el mantenimiento y estabilizaci\u00f3n del servicio de agua potable.<\/p>\n<p><img loading=\"lazy\" decoding=\"async\" class=\"size-medium wp-image-85843 alignleft\" src=\"http:\/\/10.200.87.50\/mppee\/wp-content\/uploads\/2021\/12\/c1fa8197-741e-4d00-9c6c-1d64afefdf25-300x200.jpg\" alt=\"\" width=\"300\" height=\"200\" srcset=\"https:\/\/mppee.gob.ve\/wp-content\/uploads\/2021\/12\/c1fa8197-741e-4d00-9c6c-1d64afefdf25-300x200.jpg 300w, https:\/\/mppee.gob.ve\/wp-content\/uploads\/2021\/12\/c1fa8197-741e-4d00-9c6c-1d64afefdf25-1024x683.jpg 1024w, https:\/\/mppee.gob.ve\/wp-content\/uploads\/2021\/12\/c1fa8197-741e-4d00-9c6c-1d64afefdf25-768x512.jpg 768w, https:\/\/mppee.gob.ve\/wp-content\/uploads\/2021\/12\/c1fa8197-741e-4d00-9c6c-1d64afefdf25.jpg 1080w\" sizes=\"auto, (max-width: 300px) 100vw, 300px\" \/>Durante la reuni\u00f3n abordaron temas como la comercializaci\u00f3n, control de qu\u00edmicos de la Industria Nacional del Agua, S.A. (Inasa), empresa creada por el Presidente de la Rep\u00fablica, para generar partes y piezas, as\u00ed como en la creaci\u00f3n de grandes talleres para la reparaci\u00f3n de motores y bombas del Sistema H\u00eddrico Nacional, manifest\u00f3 el Vicepresidente Sectorial.<\/p>\n<p>Asimismo, dise\u00f1aron el Plan de Acci\u00f3n de Mantenimiento del Sistema Tuy de la regi\u00f3n Capital.<strong> \u201cHemos estado haciendo un diagn\u00f3stico sobre el Sistema Tuy I, II y II, que es uno de los m\u00e1s complejos que posee el Sistema H\u00eddrico Nacional, para fortalecer y optimizar el servicio de agua potable en la regi\u00f3n Capital para este diciembre de 2021, y planificamos las acciones a ejecutar para el a\u00f1o 2022\u201d<\/strong>, dijo el General en Jefe.\n<\/p>\n<p style=\"text-align: justify;\"><strong>Prensa Vpsops\u00a0<\/strong><\/p>\n<p><img loading=\"lazy\" decoding=\"async\" class=\"alignnone wp-image-85842 size-full\" src=\"http:\/\/10.200.87.50\/mppee\/wp-content\/uploads\/2021\/12\/b43cbea4-f0bd-4057-b1d1-d1726bb5ef6f.jpg\" alt=\"\" width=\"1080\" height=\"720\" srcset=\"https:\/\/mppee.gob.ve\/wp-content\/uploads\/2021\/12\/b43cbea4-f0bd-4057-b1d1-d1726bb5ef6f.jpg 1080w, https:\/\/mppee.gob.ve\/wp-content\/uploads\/2021\/12\/b43cbea4-f0bd-4057-b1d1-d1726bb5ef6f-300x200.jpg 300w, https:\/\/mppee.gob.ve\/wp-content\/uploads\/2021\/12\/b43cbea4-f0bd-4057-b1d1-d1726bb5ef6f-1024x683.jpg 1024w, https:\/\/mppee.gob.ve\/wp-content\/uploads\/2021\/12\/b43cbea4-f0bd-4057-b1d1-d1726bb5ef6f-768x512.jpg 768w\" sizes=\"auto, (max-width: 1080px) 100vw, 1080px\" \/> <img loading=\"lazy\" decoding=\"async\" class=\"alignnone wp-image-85841 size-full\" src=\"http:\/\/10.200.87.50\/mppee\/wp-content\/uploads\/2021\/12\/79b3aafe-6527-403f-bc6a-ee7c448824f4.jpg\" alt=\"\" width=\"1080\" height=\"720\" srcset=\"https:\/\/mppee.gob.ve\/wp-content\/uploads\/2021\/12\/79b3aafe-6527-403f-bc6a-ee7c448824f4.jpg 1080w, https:\/\/mppee.gob.ve\/wp-content\/uploads\/2021\/12\/79b3aafe-6527-403f-bc6a-ee7c448824f4-300x200.jpg 300w, https:\/\/mppee.gob.ve\/wp-content\/uploads\/2021\/12\/79b3aafe-6527-403f-bc6a-ee7c448824f4-1024x683.jpg 1024w, https:\/\/mppee.gob.ve\/wp-content\/uploads\/2021\/12\/79b3aafe-6527-403f-bc6a-ee7c448824f4-768x512.jpg 768w\" sizes=\"auto, (max-width: 1080px) 100vw, 1080px\" \/> <img loading=\"lazy\" decoding=\"async\" class=\"alignnone wp-image-85840 size-full\" src=\"http:\/\/10.200.87.50\/mppee\/wp-content\/uploads\/2021\/12\/3ebef1c7-4f44-4013-a2d2-bb170abd326c.jpg\" alt=\"\" width=\"1080\" height=\"720\" srcset=\"https:\/\/mppee.gob.ve\/wp-content\/uploads\/2021\/12\/3ebef1c7-4f44-4013-a2d2-bb170abd326c.jpg 1080w, https:\/\/mppee.gob.ve\/wp-content\/uploads\/2021\/12\/3ebef1c7-4f44-4013-a2d2-bb170abd326c-300x200.jpg 300w, https:\/\/mppee.gob.ve\/wp-content\/uploads\/2021\/12\/3ebef1c7-4f44-4013-a2d2-bb170abd326c-1024x683.jpg 1024w, https:\/\/mppee.gob.ve\/wp-content\/uploads\/2021\/12\/3ebef1c7-4f44-4013-a2d2-bb170abd326c-768x512.jpg 768w\" sizes=\"auto, (max-width: 1080px) 100vw, 1080px\" \/><\/p>\n","protected":false},"excerpt":{"rendered":"<p>Con el objetivo de fortalecer el Sistema H\u00eddrico Nacional, el vicepresidente Sectorial de Obras P\u00fablicas y Servicios, G\/J N\u00e9stor Reverol,<\/p>\n","protected":false},"author":12,"featured_media":85844,"comment_status":"open","ping_status":"open","sticky":false,"template":"","format":"standard","meta":{"footnotes":""},"categories":[15],"tags":[327],"class_list":["post-85839","post","type-post","status-publish","format-standard","has-post-thumbnail","hentry","category-nacionales","tag-vsops"],"_links":{"self":[{"href":"https:\/\/mppee.gob.ve\/index.php?rest_route=\/wp\/v2\/posts\/85839","targetHints":{"allow":["GET"]}}],"collection":[{"href":"https:\/\/mppee.gob.ve\/index.php?rest_route=\/wp\/v2\/posts"}],"about":[{"href":"https:\/\/mppee.gob.ve\/index.php?rest_route=\/wp\/v2\/types\/post"}],"author":[{"embeddable":true,"href":"https:\/\/mppee.gob.ve\/index.php?rest_route=\/wp\/v2\/users\/12"}],"replies":[{"embeddable":true,"href":"https:\/\/mppee.gob.ve\/index.php?rest_route=%2Fwp%2Fv2%2Fcomments&post=85839"}],"version-history":[{"count":1,"href":"https:\/\/mppee.gob.ve\/index.php?rest_route=\/wp\/v2\/posts\/85839\/revisions"}],"predecessor-version":[{"id":85847,"href":"https:\/\/mppee.gob.ve\/index.php?rest_route=\/wp\/v2\/posts\/85839\/revisions\/85847"}],"wp:featuredmedia":[{"embeddable":true,"href":"https:\/\/mppee.gob.ve\/index.php?rest_route=\/wp\/v2\/media\/85844"}],"wp:attachment":[{"href":"https:\/\/mppee.gob.ve\/index.php?rest_route=%2Fwp%2Fv2%2Fmedia&parent=85839"}],"wp:term":[{"taxonomy":"category","embeddable":true,"href":"https:\/\/mppee.gob.ve\/index.php?rest_route=%2Fwp%2Fv2%2Fcategories&post=85839"},{"taxonomy":"post_tag","embeddable":true,"href":"https:\/\/mppee.gob.ve\/index.php?rest_route=%2Fwp%2Fv2%2Ftags&post=85839"}],"curies":[{"name":"wp","href":"https:\/\/api.w.org\/{rel}","templated":true}]}}