{"id":85850,"date":"2021-12-07T12:40:00","date_gmt":"2021-12-07T12:40:00","guid":{"rendered":"http:\/\/10.200.87.50\/mppee\/?p=85850"},"modified":"2021-12-09T13:10:19","modified_gmt":"2021-12-09T13:10:19","slug":"autoridades-del-estado-mayor-electrico-revisan-planes-a-ejecutar-para-el-2022","status":"publish","type":"post","link":"https:\/\/mppee.gob.ve\/?p=85850","title":{"rendered":"Autoridades del Estado Mayor El\u00e9ctrico revisan planes a ejecutar para el 2022"},"content":{"rendered":"<p style=\"text-align: justify;\"><img loading=\"lazy\" decoding=\"async\" class=\"size-medium wp-image-85859 alignleft\" src=\"http:\/\/10.200.87.50\/mppee\/wp-content\/uploads\/2021\/12\/Autoridades-del-Estado-Mayor-El\u00e9ctrico-revisan-planes-a-ejecutar-para-el-2022-9-300x200.jpeg\" alt=\"\" width=\"300\" height=\"200\" srcset=\"https:\/\/mppee.gob.ve\/wp-content\/uploads\/2021\/12\/Autoridades-del-Estado-Mayor-El\u00e9ctrico-revisan-planes-a-ejecutar-para-el-2022-9-300x200.jpeg 300w, https:\/\/mppee.gob.ve\/wp-content\/uploads\/2021\/12\/Autoridades-del-Estado-Mayor-El\u00e9ctrico-revisan-planes-a-ejecutar-para-el-2022-9-1024x683.jpeg 1024w, https:\/\/mppee.gob.ve\/wp-content\/uploads\/2021\/12\/Autoridades-del-Estado-Mayor-El\u00e9ctrico-revisan-planes-a-ejecutar-para-el-2022-9-768x512.jpeg 768w, https:\/\/mppee.gob.ve\/wp-content\/uploads\/2021\/12\/Autoridades-del-Estado-Mayor-El\u00e9ctrico-revisan-planes-a-ejecutar-para-el-2022-9.jpeg 1080w\" sizes=\"auto, (max-width: 300px) 100vw, 300px\" \/>Este martes, el vicepresidente sectorial de Obras P\u00fablicas y Servicios, G\/J N\u00e9stor Reverol, sostuvo un encuentro con el Estado Mayor El\u00e9ctrico para verificar las acciones desarrolladas durante el \u00faltimo cuatrimestre del a\u00f1o 2021, y concretar las acciones necesarias y estrat\u00e9gicas para el venidero 2022.<\/p>\n<p>Mediante una publicaci\u00f3n en su cuenta en la red social Instagram @reverolnestor indic\u00f3 qu\u00e9,<strong> \u201centre los proyectos y programas planificados, se encuentra el fortalecimiento de los procesos de generaci\u00f3n, transmisi\u00f3n y distribuci\u00f3n de la Corporaci\u00f3n, as\u00ed como el mejoramiento de las \u00e1reas de telecomunicaciones y control de vegetaci\u00f3n, de suma importancia para el mantenimiento del Sistema\u201d.<\/strong><\/p>\n<p><img loading=\"lazy\" decoding=\"async\" class=\"size-medium wp-image-85857 alignright\" src=\"http:\/\/10.200.87.50\/mppee\/wp-content\/uploads\/2021\/12\/Autoridades-del-Estado-Mayor-El\u00e9ctrico-revisan-planes-a-ejecutar-para-el-2022-7-300x181.jpeg\" alt=\"\" width=\"300\" height=\"181\" srcset=\"https:\/\/mppee.gob.ve\/wp-content\/uploads\/2021\/12\/Autoridades-del-Estado-Mayor-El\u00e9ctrico-revisan-planes-a-ejecutar-para-el-2022-7-300x181.jpeg 300w, https:\/\/mppee.gob.ve\/wp-content\/uploads\/2021\/12\/Autoridades-del-Estado-Mayor-El\u00e9ctrico-revisan-planes-a-ejecutar-para-el-2022-7-1024x616.jpeg 1024w, https:\/\/mppee.gob.ve\/wp-content\/uploads\/2021\/12\/Autoridades-del-Estado-Mayor-El\u00e9ctrico-revisan-planes-a-ejecutar-para-el-2022-7-768x462.jpeg 768w, https:\/\/mppee.gob.ve\/wp-content\/uploads\/2021\/12\/Autoridades-del-Estado-Mayor-El\u00e9ctrico-revisan-planes-a-ejecutar-para-el-2022-7.jpeg 1080w\" sizes=\"auto, (max-width: 300px) 100vw, 300px\" \/>El tambi\u00e9n titular del Ministerio del Poder Popular para la Energ\u00eda El\u00e9ctrica destac\u00f3 que se impulsar\u00e1 el desarrollo de nuevas tecnolog\u00edas que promuevan el uso de energ\u00edas renovables al igual que la optimizaci\u00f3n del tejido productivo del sector el\u00e9ctrico, para contribuir al avance econ\u00f3mico de la naci\u00f3n.<\/p>\n<p>Las distintas autoridades del Gobierno nacional avanzan en la ejecuci\u00f3n de pol\u00edticas p\u00fablicas para consolidar la estabilizaci\u00f3n y confiabilidad del Sistema El\u00e9ctrico Nacional (SEN).<br \/>\n<b><br \/>\nPrensa Mppee<\/b><\/p>\n<p><img loading=\"lazy\" decoding=\"async\" class=\"alignnone wp-image-85856 size-full\" src=\"http:\/\/10.200.87.50\/mppee\/wp-content\/uploads\/2021\/12\/Autoridades-del-Estado-Mayor-El\u00e9ctrico-revisan-planes-a-ejecutar-para-el-2022-6.jpeg\" alt=\"\" width=\"1080\" height=\"720\" srcset=\"https:\/\/mppee.gob.ve\/wp-content\/uploads\/2021\/12\/Autoridades-del-Estado-Mayor-El\u00e9ctrico-revisan-planes-a-ejecutar-para-el-2022-6.jpeg 1080w, https:\/\/mppee.gob.ve\/wp-content\/uploads\/2021\/12\/Autoridades-del-Estado-Mayor-El\u00e9ctrico-revisan-planes-a-ejecutar-para-el-2022-6-300x200.jpeg 300w, https:\/\/mppee.gob.ve\/wp-content\/uploads\/2021\/12\/Autoridades-del-Estado-Mayor-El\u00e9ctrico-revisan-planes-a-ejecutar-para-el-2022-6-1024x683.jpeg 1024w, https:\/\/mppee.gob.ve\/wp-content\/uploads\/2021\/12\/Autoridades-del-Estado-Mayor-El\u00e9ctrico-revisan-planes-a-ejecutar-para-el-2022-6-768x512.jpeg 768w\" sizes=\"auto, (max-width: 1080px) 100vw, 1080px\" \/> <img loading=\"lazy\" decoding=\"async\" class=\"alignnone wp-image-85855 size-full\" src=\"http:\/\/10.200.87.50\/mppee\/wp-content\/uploads\/2021\/12\/Autoridades-del-Estado-Mayor-El\u00e9ctrico-revisan-planes-a-ejecutar-para-el-2022-5.jpeg\" alt=\"\" width=\"1080\" height=\"720\" srcset=\"https:\/\/mppee.gob.ve\/wp-content\/uploads\/2021\/12\/Autoridades-del-Estado-Mayor-El\u00e9ctrico-revisan-planes-a-ejecutar-para-el-2022-5.jpeg 1080w, https:\/\/mppee.gob.ve\/wp-content\/uploads\/2021\/12\/Autoridades-del-Estado-Mayor-El\u00e9ctrico-revisan-planes-a-ejecutar-para-el-2022-5-300x200.jpeg 300w, https:\/\/mppee.gob.ve\/wp-content\/uploads\/2021\/12\/Autoridades-del-Estado-Mayor-El\u00e9ctrico-revisan-planes-a-ejecutar-para-el-2022-5-1024x683.jpeg 1024w, https:\/\/mppee.gob.ve\/wp-content\/uploads\/2021\/12\/Autoridades-del-Estado-Mayor-El\u00e9ctrico-revisan-planes-a-ejecutar-para-el-2022-5-768x512.jpeg 768w\" sizes=\"auto, (max-width: 1080px) 100vw, 1080px\" \/> <img loading=\"lazy\" decoding=\"async\" class=\"alignnone wp-image-85854 size-full\" src=\"http:\/\/10.200.87.50\/mppee\/wp-content\/uploads\/2021\/12\/Autoridades-del-Estado-Mayor-El\u00e9ctrico-revisan-planes-a-ejecutar-para-el-2022-4.jpeg\" alt=\"\" width=\"1080\" height=\"720\" srcset=\"https:\/\/mppee.gob.ve\/wp-content\/uploads\/2021\/12\/Autoridades-del-Estado-Mayor-El\u00e9ctrico-revisan-planes-a-ejecutar-para-el-2022-4.jpeg 1080w, https:\/\/mppee.gob.ve\/wp-content\/uploads\/2021\/12\/Autoridades-del-Estado-Mayor-El\u00e9ctrico-revisan-planes-a-ejecutar-para-el-2022-4-300x200.jpeg 300w, https:\/\/mppee.gob.ve\/wp-content\/uploads\/2021\/12\/Autoridades-del-Estado-Mayor-El\u00e9ctrico-revisan-planes-a-ejecutar-para-el-2022-4-1024x683.jpeg 1024w, https:\/\/mppee.gob.ve\/wp-content\/uploads\/2021\/12\/Autoridades-del-Estado-Mayor-El\u00e9ctrico-revisan-planes-a-ejecutar-para-el-2022-4-768x512.jpeg 768w\" sizes=\"auto, (max-width: 1080px) 100vw, 1080px\" \/> <img loading=\"lazy\" decoding=\"async\" class=\"alignnone wp-image-85853 size-full\" src=\"http:\/\/10.200.87.50\/mppee\/wp-content\/uploads\/2021\/12\/Autoridades-del-Estado-Mayor-El\u00e9ctrico-revisan-planes-a-ejecutar-para-el-2022-3.jpeg\" alt=\"\" width=\"1080\" height=\"720\" srcset=\"https:\/\/mppee.gob.ve\/wp-content\/uploads\/2021\/12\/Autoridades-del-Estado-Mayor-El\u00e9ctrico-revisan-planes-a-ejecutar-para-el-2022-3.jpeg 1080w, https:\/\/mppee.gob.ve\/wp-content\/uploads\/2021\/12\/Autoridades-del-Estado-Mayor-El\u00e9ctrico-revisan-planes-a-ejecutar-para-el-2022-3-300x200.jpeg 300w, https:\/\/mppee.gob.ve\/wp-content\/uploads\/2021\/12\/Autoridades-del-Estado-Mayor-El\u00e9ctrico-revisan-planes-a-ejecutar-para-el-2022-3-1024x683.jpeg 1024w, https:\/\/mppee.gob.ve\/wp-content\/uploads\/2021\/12\/Autoridades-del-Estado-Mayor-El\u00e9ctrico-revisan-planes-a-ejecutar-para-el-2022-3-768x512.jpeg 768w\" sizes=\"auto, (max-width: 1080px) 100vw, 1080px\" \/> <img loading=\"lazy\" decoding=\"async\" class=\"alignnone wp-image-85852 size-full\" src=\"http:\/\/10.200.87.50\/mppee\/wp-content\/uploads\/2021\/12\/Autoridades-del-Estado-Mayor-El\u00e9ctrico-revisan-planes-a-ejecutar-para-el-2022-2.jpeg\" alt=\"\" width=\"1080\" height=\"699\" srcset=\"https:\/\/mppee.gob.ve\/wp-content\/uploads\/2021\/12\/Autoridades-del-Estado-Mayor-El\u00e9ctrico-revisan-planes-a-ejecutar-para-el-2022-2.jpeg 1080w, https:\/\/mppee.gob.ve\/wp-content\/uploads\/2021\/12\/Autoridades-del-Estado-Mayor-El\u00e9ctrico-revisan-planes-a-ejecutar-para-el-2022-2-300x194.jpeg 300w, https:\/\/mppee.gob.ve\/wp-content\/uploads\/2021\/12\/Autoridades-del-Estado-Mayor-El\u00e9ctrico-revisan-planes-a-ejecutar-para-el-2022-2-1024x663.jpeg 1024w, https:\/\/mppee.gob.ve\/wp-content\/uploads\/2021\/12\/Autoridades-del-Estado-Mayor-El\u00e9ctrico-revisan-planes-a-ejecutar-para-el-2022-2-768x497.jpeg 768w\" sizes=\"auto, (max-width: 1080px) 100vw, 1080px\" \/> <img loading=\"lazy\" decoding=\"async\" class=\"alignnone wp-image-85851 size-full\" src=\"http:\/\/10.200.87.50\/mppee\/wp-content\/uploads\/2021\/12\/Autoridades-del-Estado-Mayor-El\u00e9ctrico-revisan-planes-a-ejecutar-para-el-2022-1.jpeg\" alt=\"\" width=\"1080\" height=\"699\" srcset=\"https:\/\/mppee.gob.ve\/wp-content\/uploads\/2021\/12\/Autoridades-del-Estado-Mayor-El\u00e9ctrico-revisan-planes-a-ejecutar-para-el-2022-1.jpeg 1080w, https:\/\/mppee.gob.ve\/wp-content\/uploads\/2021\/12\/Autoridades-del-Estado-Mayor-El\u00e9ctrico-revisan-planes-a-ejecutar-para-el-2022-1-300x194.jpeg 300w, https:\/\/mppee.gob.ve\/wp-content\/uploads\/2021\/12\/Autoridades-del-Estado-Mayor-El\u00e9ctrico-revisan-planes-a-ejecutar-para-el-2022-1-1024x663.jpeg 1024w, https:\/\/mppee.gob.ve\/wp-content\/uploads\/2021\/12\/Autoridades-del-Estado-Mayor-El\u00e9ctrico-revisan-planes-a-ejecutar-para-el-2022-1-768x497.jpeg 768w\" sizes=\"auto, (max-width: 1080px) 100vw, 1080px\" \/><\/p>\n","protected":false},"excerpt":{"rendered":"<p>Este martes, el vicepresidente sectorial de Obras P\u00fablicas y Servicios, G\/J N\u00e9stor Reverol, sostuvo un encuentro con el Estado Mayor<\/p>\n","protected":false},"author":12,"featured_media":85858,"comment_status":"open","ping_status":"open","sticky":false,"template":"","format":"standard","meta":{"footnotes":""},"categories":[15],"tags":[11],"class_list":["post-85850","post","type-post","status-publish","format-standard","has-post-thumbnail","hentry","category-nacionales","tag-mppee"],"_links":{"self":[{"href":"https:\/\/mppee.gob.ve\/index.php?rest_route=\/wp\/v2\/posts\/85850","targetHints":{"allow":["GET"]}}],"collection":[{"href":"https:\/\/mppee.gob.ve\/index.php?rest_route=\/wp\/v2\/posts"}],"about":[{"href":"https:\/\/mppee.gob.ve\/index.php?rest_route=\/wp\/v2\/types\/post"}],"author":[{"embeddable":true,"href":"https:\/\/mppee.gob.ve\/index.php?rest_route=\/wp\/v2\/users\/12"}],"replies":[{"embeddable":true,"href":"https:\/\/mppee.gob.ve\/index.php?rest_route=%2Fwp%2Fv2%2Fcomments&post=85850"}],"version-history":[{"count":1,"href":"https:\/\/mppee.gob.ve\/index.php?rest_route=\/wp\/v2\/posts\/85850\/revisions"}],"predecessor-version":[{"id":85860,"href":"https:\/\/mppee.gob.ve\/index.php?rest_route=\/wp\/v2\/posts\/85850\/revisions\/85860"}],"wp:featuredmedia":[{"embeddable":true,"href":"https:\/\/mppee.gob.ve\/index.php?rest_route=\/wp\/v2\/media\/85858"}],"wp:attachment":[{"href":"https:\/\/mppee.gob.ve\/index.php?rest_route=%2Fwp%2Fv2%2Fmedia&parent=85850"}],"wp:term":[{"taxonomy":"category","embeddable":true,"href":"https:\/\/mppee.gob.ve\/index.php?rest_route=%2Fwp%2Fv2%2Fcategories&post=85850"},{"taxonomy":"post_tag","embeddable":true,"href":"https:\/\/mppee.gob.ve\/index.php?rest_route=%2Fwp%2Fv2%2Ftags&post=85850"}],"curies":[{"name":"wp","href":"https:\/\/api.w.org\/{rel}","templated":true}]}}