{"id":85861,"date":"2021-12-09T14:11:00","date_gmt":"2021-12-09T14:11:00","guid":{"rendered":"http:\/\/10.200.87.50\/mppee\/?p=85861"},"modified":"2021-12-14T14:19:32","modified_gmt":"2021-12-14T14:19:32","slug":"ninos-y-ninas-de-venezuela-pilares-de-la-nueva-cultura-energetica","status":"publish","type":"post","link":"https:\/\/mppee.gob.ve\/?p=85861","title":{"rendered":"Ni\u00f1os y ni\u00f1as de Venezuela: pilares de la nueva cultura energ\u00e9tica"},"content":{"rendered":"<p style=\"text-align: justify;\">La campa\u00f1a comunicacional y educativa \u201c<strong>Activa la Conciencia con Energ\u00eda y Eficiencia\u201d<\/strong>, inicia su tercera fase con el lema, <strong>\u201cYo me sumo a bajar el consumo\u201d<\/strong>, que reforzar\u00e1 en los ni\u00f1os, ni\u00f1as y adolescentes de Venezuela, a trav\u00e9s de elementos animados, las medidas del uso racional y eficiente de la energ\u00eda.<\/p>\n<p>As\u00ed lo inform\u00f3 el vicepresidente Sectorial de Obras P\u00fablicas y Servicios, G\/J N\u00e9stor Reverol, a trav\u00e9s de su cuenta en la red social Instagram.<\/p>\n<p><strong>\u00abHoy iniciamos la tercera fase de la campa\u00f1a comunicacional y educativa #<wbr \/>ActivaLaConcienciaConEnerg\u00edaYE<wbr \/>ficiencia, de nuestro @MinisterioEnergiaElectrica con la cual buscamos reforzar en los ni\u00f1as, ni\u00f1os y adolescentes de la patria las medidas del uso racional y eficiente de la energ\u00eda\u00bb<\/strong>, dijo.<\/p>\n<p>El tambi\u00e9n Ministro del Poder Popular para la Energ\u00eda El\u00e9ctrica destac\u00f3 que junto al semillero de Venezuela, se construir\u00e1 una nueva cultura energ\u00e9tica con patrones de consumo conscientes y amigables para el planeta.<\/p>\n<p>El objetivo principal de esta etapa es sumar a los m\u00e1s peque\u00f1os de la casa, para que sean ellos los principales actores, ejecutores y promotores de la disminuci\u00f3n del consumo de electricidad en los hogares.<\/p>\n<p>Desde la perspectiva de los ni\u00f1os y ni\u00f1as, se tiene previsto crear una cultura energ\u00e9tica y que se aplique desde temprana edad, para que se convierta en rutina y costumbre cuando sean adultos, y de esta forma poder transmitir estos valores tanto a otros infantes como a sus padres y representantes.<\/p>\n<p><strong>\u201cActiva la Conciencia con Energ\u00eda y Eficiencia\u201d<\/strong>, fomenta un modelo de conducta que permite satisfacer las necesidades de los consumidores, para la utilizaci\u00f3n del servicio el\u00e9ctrico en el pa\u00eds de forma racional y consciente, en beneficio de la optimizaci\u00f3n del servicio el\u00e9ctrico para el pueblo venezolano.<\/p>\n<p><b>Prensa Mppee\u00a0<\/b><\/p>\n","protected":false},"excerpt":{"rendered":"<p>La campa\u00f1a comunicacional y educativa \u201cActiva la Conciencia con Energ\u00eda y Eficiencia\u201d, inicia su tercera fase con el lema, \u201cYo<\/p>\n","protected":false},"author":12,"featured_media":85862,"comment_status":"open","ping_status":"open","sticky":false,"template":"","format":"standard","meta":{"footnotes":""},"categories":[15],"tags":[11],"class_list":["post-85861","post","type-post","status-publish","format-standard","has-post-thumbnail","hentry","category-nacionales","tag-mppee"],"_links":{"self":[{"href":"https:\/\/mppee.gob.ve\/index.php?rest_route=\/wp\/v2\/posts\/85861","targetHints":{"allow":["GET"]}}],"collection":[{"href":"https:\/\/mppee.gob.ve\/index.php?rest_route=\/wp\/v2\/posts"}],"about":[{"href":"https:\/\/mppee.gob.ve\/index.php?rest_route=\/wp\/v2\/types\/post"}],"author":[{"embeddable":true,"href":"https:\/\/mppee.gob.ve\/index.php?rest_route=\/wp\/v2\/users\/12"}],"replies":[{"embeddable":true,"href":"https:\/\/mppee.gob.ve\/index.php?rest_route=%2Fwp%2Fv2%2Fcomments&post=85861"}],"version-history":[{"count":1,"href":"https:\/\/mppee.gob.ve\/index.php?rest_route=\/wp\/v2\/posts\/85861\/revisions"}],"predecessor-version":[{"id":85863,"href":"https:\/\/mppee.gob.ve\/index.php?rest_route=\/wp\/v2\/posts\/85861\/revisions\/85863"}],"wp:featuredmedia":[{"embeddable":true,"href":"https:\/\/mppee.gob.ve\/index.php?rest_route=\/wp\/v2\/media\/85862"}],"wp:attachment":[{"href":"https:\/\/mppee.gob.ve\/index.php?rest_route=%2Fwp%2Fv2%2Fmedia&parent=85861"}],"wp:term":[{"taxonomy":"category","embeddable":true,"href":"https:\/\/mppee.gob.ve\/index.php?rest_route=%2Fwp%2Fv2%2Fcategories&post=85861"},{"taxonomy":"post_tag","embeddable":true,"href":"https:\/\/mppee.gob.ve\/index.php?rest_route=%2Fwp%2Fv2%2Ftags&post=85861"}],"curies":[{"name":"wp","href":"https:\/\/api.w.org\/{rel}","templated":true}]}}