{"id":85878,"date":"2021-12-09T14:45:00","date_gmt":"2021-12-09T14:45:00","guid":{"rendered":"http:\/\/10.200.87.50\/mppee\/?p=85878"},"modified":"2021-12-14T14:49:26","modified_gmt":"2021-12-14T14:49:26","slug":"electro-cuenta-cuentos-lleva-mensaje-del-uso-eficiente-de-la-energia-a-escuelas-caraquenas","status":"publish","type":"post","link":"https:\/\/mppee.gob.ve\/?p=85878","title":{"rendered":"Electro Cuenta Cuentos lleva mensaje del uso eficiente de la energ\u00eda a escuelas caraque\u00f1as"},"content":{"rendered":"<p style=\"font-weight: 400; text-align: justify;\"><img loading=\"lazy\" decoding=\"async\" class=\"size-medium wp-image-85883 alignleft\" src=\"http:\/\/10.200.87.50\/mppee\/wp-content\/uploads\/2021\/12\/Electro-Cuenta-Cuentos-lleva-mensaje-del-uso-eficiente-de-la-energ\u00eda-a-escuelas-caraque\u00f1as-5-300x221.jpeg\" alt=\"\" width=\"300\" height=\"221\" srcset=\"https:\/\/mppee.gob.ve\/wp-content\/uploads\/2021\/12\/Electro-Cuenta-Cuentos-lleva-mensaje-del-uso-eficiente-de-la-energ\u00eda-a-escuelas-caraque\u00f1as-5-300x221.jpeg 300w, https:\/\/mppee.gob.ve\/wp-content\/uploads\/2021\/12\/Electro-Cuenta-Cuentos-lleva-mensaje-del-uso-eficiente-de-la-energ\u00eda-a-escuelas-caraque\u00f1as-5-1024x755.jpeg 1024w, https:\/\/mppee.gob.ve\/wp-content\/uploads\/2021\/12\/Electro-Cuenta-Cuentos-lleva-mensaje-del-uso-eficiente-de-la-energ\u00eda-a-escuelas-caraque\u00f1as-5-768x566.jpeg 768w, https:\/\/mppee.gob.ve\/wp-content\/uploads\/2021\/12\/Electro-Cuenta-Cuentos-lleva-mensaje-del-uso-eficiente-de-la-energ\u00eda-a-escuelas-caraque\u00f1as-5.jpeg 1080w\" sizes=\"auto, (max-width: 300px) 100vw, 300px\" \/>Con el objetivo de llevar el mensaje sobre el uso racional y eficiente de la energ\u00eda a los m\u00e1s peque\u00f1os de la casa, la Corporaci\u00f3n El\u00e9ctrica Nacional (Corpoelec), present\u00f3 el Electro Cuenta Cuento a los ni\u00f1os y ni\u00f1as del Centro de Educaci\u00f3n Inicial Simoncito \u201cMar\u00eda Concepci\u00f3n Palacios\u201d ubicado en la parroquia San Bernardino del Distrito Capital.<\/p>\n<p style=\"font-weight: 400; text-align: justify;\">La actividad estuvo a cargo del personal de la Gerencia del Uso Racional y Eficiente de la Energ\u00eda (Uree) de Corpoelec, quienes de manera innovadora atendieron a 28 infantes en edades comprendidas de dos a cinco a\u00f1os, a los cuales se les relat\u00f3, de forma did\u00e1ctica, c\u00f3mo utilizar de manera consciente la energ\u00eda el\u00e9ctrica.<\/p>\n<p style=\"font-weight: 400; text-align: justify;\"><img loading=\"lazy\" decoding=\"async\" class=\"size-medium wp-image-85881 alignright\" src=\"http:\/\/10.200.87.50\/mppee\/wp-content\/uploads\/2021\/12\/Electro-Cuenta-Cuentos-lleva-mensaje-del-uso-eficiente-de-la-energ\u00eda-a-escuelas-caraque\u00f1as-3-300x163.jpeg\" alt=\"\" width=\"300\" height=\"163\" srcset=\"https:\/\/mppee.gob.ve\/wp-content\/uploads\/2021\/12\/Electro-Cuenta-Cuentos-lleva-mensaje-del-uso-eficiente-de-la-energ\u00eda-a-escuelas-caraque\u00f1as-3-300x163.jpeg 300w, https:\/\/mppee.gob.ve\/wp-content\/uploads\/2021\/12\/Electro-Cuenta-Cuentos-lleva-mensaje-del-uso-eficiente-de-la-energ\u00eda-a-escuelas-caraque\u00f1as-3-1024x558.jpeg 1024w, https:\/\/mppee.gob.ve\/wp-content\/uploads\/2021\/12\/Electro-Cuenta-Cuentos-lleva-mensaje-del-uso-eficiente-de-la-energ\u00eda-a-escuelas-caraque\u00f1as-3-768x418.jpeg 768w, https:\/\/mppee.gob.ve\/wp-content\/uploads\/2021\/12\/Electro-Cuenta-Cuentos-lleva-mensaje-del-uso-eficiente-de-la-energ\u00eda-a-escuelas-caraque\u00f1as-3.jpeg 1080w\" sizes=\"auto, (max-width: 300px) 100vw, 300px\" \/>Asimismo el personal de la Estatal el\u00e9ctrica, apoyados con maquetas, afiches e im\u00e1genes explicaron a los ni\u00f1os sobre el viaje de la electricidad, desde su proceso de generaci\u00f3n hasta el uso que se le da a diario.<\/p>\n<p style=\"font-weight: 400; text-align: justify;\">El Electro Cuenta Cuentos es una l\u00ednea de acci\u00f3n estrat\u00e9gica, que forma parte de la tercera fase de la campa\u00f1a \u201c<strong>Activa la conciencia con energ\u00eda y eficiencia\u201d<\/strong>, que va dedicada a los ni\u00f1os y ni\u00f1as de la Patria, bajo la premisa \u201c<strong>Yo me sumo a bajar el consumo\u201d<\/strong>.<\/p>\n<p style=\"font-weight: 400; text-align: justify;\">Suhey S\u00e1nchez docente de la instituci\u00f3n expres\u00f3 que,<strong> \u201ces muy grato la visita que nos hace Corpoelec, compartiendo esta actividad con nuestros peque\u00f1os, para incentivar de manera divertida y din\u00e1mica el uso racional y eficiente de la electricidad\u201d.<\/strong><\/p>\n<p style=\"font-weight: 400; text-align: justify;\"><img loading=\"lazy\" decoding=\"async\" class=\"size-medium wp-image-85880 alignleft\" src=\"http:\/\/10.200.87.50\/mppee\/wp-content\/uploads\/2021\/12\/Electro-Cuenta-Cuentos-lleva-mensaje-del-uso-eficiente-de-la-energ\u00eda-a-escuelas-caraque\u00f1as-2-300x254.jpeg\" alt=\"\" width=\"300\" height=\"254\" srcset=\"https:\/\/mppee.gob.ve\/wp-content\/uploads\/2021\/12\/Electro-Cuenta-Cuentos-lleva-mensaje-del-uso-eficiente-de-la-energ\u00eda-a-escuelas-caraque\u00f1as-2-300x254.jpeg 300w, https:\/\/mppee.gob.ve\/wp-content\/uploads\/2021\/12\/Electro-Cuenta-Cuentos-lleva-mensaje-del-uso-eficiente-de-la-energ\u00eda-a-escuelas-caraque\u00f1as-2-768x650.jpeg 768w, https:\/\/mppee.gob.ve\/wp-content\/uploads\/2021\/12\/Electro-Cuenta-Cuentos-lleva-mensaje-del-uso-eficiente-de-la-energ\u00eda-a-escuelas-caraque\u00f1as-2.jpeg 945w\" sizes=\"auto, (max-width: 300px) 100vw, 300px\" \/>Por su parte, Yesenia Castellano afirm\u00f3 que, <strong>\u201clos ni\u00f1os y ni\u00f1as se muestran interesados en este tipo de actividades, participan, comparten y conversan entre ellos sobre el electro cuenta cuento, esto es una buena manera de crear conciencia y que ellos descubran sobre la importancia de la energ\u00eda y c\u00f3mo hacer un buen uso de la misma\u201d.<\/strong><\/p>\n<p style=\"font-weight: 400; text-align: justify;\">Corpoelec y su fuerza trabajadora continuar\u00e1n con este tipo de actividades, con el objetivo de llevar el mensaje del uso racional y eficiente de la energ\u00eda el\u00e9ctrica a toda la poblaci\u00f3n a escala nacional.<\/p>\n<p style=\"font-weight: 400; text-align: justify;\"><strong>*Prensa Corpoelec\u00a0<\/strong><\/p>\n<p><img loading=\"lazy\" decoding=\"async\" class=\"alignnone wp-image-85884 size-full\" src=\"http:\/\/10.200.87.50\/mppee\/wp-content\/uploads\/2021\/12\/Electro-Cuenta-Cuentos-lleva-mensaje-del-uso-eficiente-de-la-energ\u00eda-a-escuelas-caraque\u00f1as-6.jpeg\" alt=\"\" width=\"961\" height=\"800\" srcset=\"https:\/\/mppee.gob.ve\/wp-content\/uploads\/2021\/12\/Electro-Cuenta-Cuentos-lleva-mensaje-del-uso-eficiente-de-la-energ\u00eda-a-escuelas-caraque\u00f1as-6.jpeg 961w, https:\/\/mppee.gob.ve\/wp-content\/uploads\/2021\/12\/Electro-Cuenta-Cuentos-lleva-mensaje-del-uso-eficiente-de-la-energ\u00eda-a-escuelas-caraque\u00f1as-6-300x250.jpeg 300w, https:\/\/mppee.gob.ve\/wp-content\/uploads\/2021\/12\/Electro-Cuenta-Cuentos-lleva-mensaje-del-uso-eficiente-de-la-energ\u00eda-a-escuelas-caraque\u00f1as-6-768x639.jpeg 768w\" sizes=\"auto, (max-width: 961px) 100vw, 961px\" \/> <img loading=\"lazy\" decoding=\"async\" class=\"alignnone wp-image-85879 size-full\" src=\"http:\/\/10.200.87.50\/mppee\/wp-content\/uploads\/2021\/12\/Electro-Cuenta-Cuentos-lleva-mensaje-del-uso-eficiente-de-la-energ\u00eda-a-escuelas-caraque\u00f1as-1.jpeg\" alt=\"\" width=\"1080\" height=\"559\" srcset=\"https:\/\/mppee.gob.ve\/wp-content\/uploads\/2021\/12\/Electro-Cuenta-Cuentos-lleva-mensaje-del-uso-eficiente-de-la-energ\u00eda-a-escuelas-caraque\u00f1as-1.jpeg 1080w, https:\/\/mppee.gob.ve\/wp-content\/uploads\/2021\/12\/Electro-Cuenta-Cuentos-lleva-mensaje-del-uso-eficiente-de-la-energ\u00eda-a-escuelas-caraque\u00f1as-1-300x155.jpeg 300w, https:\/\/mppee.gob.ve\/wp-content\/uploads\/2021\/12\/Electro-Cuenta-Cuentos-lleva-mensaje-del-uso-eficiente-de-la-energ\u00eda-a-escuelas-caraque\u00f1as-1-1024x530.jpeg 1024w, https:\/\/mppee.gob.ve\/wp-content\/uploads\/2021\/12\/Electro-Cuenta-Cuentos-lleva-mensaje-del-uso-eficiente-de-la-energ\u00eda-a-escuelas-caraque\u00f1as-1-768x398.jpeg 768w\" sizes=\"auto, (max-width: 1080px) 100vw, 1080px\" \/> <img loading=\"lazy\" decoding=\"async\" class=\"alignnone wp-image-85880 size-full\" src=\"http:\/\/10.200.87.50\/mppee\/wp-content\/uploads\/2021\/12\/Electro-Cuenta-Cuentos-lleva-mensaje-del-uso-eficiente-de-la-energ\u00eda-a-escuelas-caraque\u00f1as-2.jpeg\" alt=\"\" width=\"945\" height=\"800\" srcset=\"https:\/\/mppee.gob.ve\/wp-content\/uploads\/2021\/12\/Electro-Cuenta-Cuentos-lleva-mensaje-del-uso-eficiente-de-la-energ\u00eda-a-escuelas-caraque\u00f1as-2.jpeg 945w, https:\/\/mppee.gob.ve\/wp-content\/uploads\/2021\/12\/Electro-Cuenta-Cuentos-lleva-mensaje-del-uso-eficiente-de-la-energ\u00eda-a-escuelas-caraque\u00f1as-2-300x254.jpeg 300w, https:\/\/mppee.gob.ve\/wp-content\/uploads\/2021\/12\/Electro-Cuenta-Cuentos-lleva-mensaje-del-uso-eficiente-de-la-energ\u00eda-a-escuelas-caraque\u00f1as-2-768x650.jpeg 768w\" sizes=\"auto, (max-width: 945px) 100vw, 945px\" \/><\/p>\n","protected":false},"excerpt":{"rendered":"<p>Con el objetivo de llevar el mensaje sobre el uso racional y eficiente de la energ\u00eda a los m\u00e1s peque\u00f1os<\/p>\n","protected":false},"author":12,"featured_media":85882,"comment_status":"open","ping_status":"open","sticky":false,"template":"","format":"standard","meta":{"footnotes":""},"categories":[1],"tags":[],"class_list":["post-85878","post","type-post","status-publish","format-standard","has-post-thumbnail","hentry","category-mppee"],"_links":{"self":[{"href":"https:\/\/mppee.gob.ve\/index.php?rest_route=\/wp\/v2\/posts\/85878","targetHints":{"allow":["GET"]}}],"collection":[{"href":"https:\/\/mppee.gob.ve\/index.php?rest_route=\/wp\/v2\/posts"}],"about":[{"href":"https:\/\/mppee.gob.ve\/index.php?rest_route=\/wp\/v2\/types\/post"}],"author":[{"embeddable":true,"href":"https:\/\/mppee.gob.ve\/index.php?rest_route=\/wp\/v2\/users\/12"}],"replies":[{"embeddable":true,"href":"https:\/\/mppee.gob.ve\/index.php?rest_route=%2Fwp%2Fv2%2Fcomments&post=85878"}],"version-history":[{"count":2,"href":"https:\/\/mppee.gob.ve\/index.php?rest_route=\/wp\/v2\/posts\/85878\/revisions"}],"predecessor-version":[{"id":85886,"href":"https:\/\/mppee.gob.ve\/index.php?rest_route=\/wp\/v2\/posts\/85878\/revisions\/85886"}],"wp:featuredmedia":[{"embeddable":true,"href":"https:\/\/mppee.gob.ve\/index.php?rest_route=\/wp\/v2\/media\/85882"}],"wp:attachment":[{"href":"https:\/\/mppee.gob.ve\/index.php?rest_route=%2Fwp%2Fv2%2Fmedia&parent=85878"}],"wp:term":[{"taxonomy":"category","embeddable":true,"href":"https:\/\/mppee.gob.ve\/index.php?rest_route=%2Fwp%2Fv2%2Fcategories&post=85878"},{"taxonomy":"post_tag","embeddable":true,"href":"https:\/\/mppee.gob.ve\/index.php?rest_route=%2Fwp%2Fv2%2Ftags&post=85878"}],"curies":[{"name":"wp","href":"https:\/\/api.w.org\/{rel}","templated":true}]}}