{"id":85887,"date":"2021-12-10T14:50:00","date_gmt":"2021-12-10T14:50:00","guid":{"rendered":"http:\/\/10.200.87.50\/mppee\/?p=85887"},"modified":"2021-12-14T14:58:32","modified_gmt":"2021-12-14T14:58:32","slug":"presentan-plan-estrategico-del-sistema-electrico-nacional-para-el-2022","status":"publish","type":"post","link":"https:\/\/mppee.gob.ve\/?p=85887","title":{"rendered":"Presentan Plan Estrat\u00e9gico del Sistema El\u00e9ctrico Nacional para el 2022"},"content":{"rendered":"<p style=\"text-align: justify;\"><img loading=\"lazy\" decoding=\"async\" class=\"size-medium wp-image-85892 alignleft\" src=\"http:\/\/10.200.87.50\/mppee\/wp-content\/uploads\/2021\/12\/Presentan-Plan-Estrat\u00e9gico-del-Sistema-El\u00e9ctrico-Nacional-para-el-2022-5-300x200.jpeg\" alt=\"\" width=\"300\" height=\"200\" srcset=\"https:\/\/mppee.gob.ve\/wp-content\/uploads\/2021\/12\/Presentan-Plan-Estrat\u00e9gico-del-Sistema-El\u00e9ctrico-Nacional-para-el-2022-5-300x200.jpeg 300w, https:\/\/mppee.gob.ve\/wp-content\/uploads\/2021\/12\/Presentan-Plan-Estrat\u00e9gico-del-Sistema-El\u00e9ctrico-Nacional-para-el-2022-5-768x512.jpeg 768w, https:\/\/mppee.gob.ve\/wp-content\/uploads\/2021\/12\/Presentan-Plan-Estrat\u00e9gico-del-Sistema-El\u00e9ctrico-Nacional-para-el-2022-5.jpeg 912w\" sizes=\"auto, (max-width: 300px) 100vw, 300px\" \/>Este viernes, fue presentado el Plan Estrat\u00e9gico del Sistema El\u00e9ctrico Nacional (SEN) para el a\u00f1o 2022, por parte del vicepresidente Sectorial de Obras P\u00fablicas y Servicios, G\/J N\u00e9stor Reverol.<\/p>\n<p>As\u00ed lo inform\u00f3, a trav\u00e9s de una publicaci\u00f3n en su cuenta en la red social Instagram @reverolnestor.<\/p>\n<p><strong>\u201cJunto a nuestros viceministros del @ministerioenergiaelectrica, gerentes territoriales de @CorpoelecInfo y representantes de la Fuerza de Choque de la #Fanb presentamos el Plan Estrat\u00e9gico del Sistema El\u00e9ctrico Nacional para el a\u00f1o 2022, el cual tiene como principales objetivos el empoderamiento del pueblo sobre el servicio el\u00e9ctrico, el impulso de la comercializaci\u00f3n de la Corporaci\u00f3n, la estabilizaci\u00f3n del sistema y el bienestar de nuestra fuerza trabajadora.\u201d<\/strong>, manifest\u00f3.<\/p>\n<p>El tambi\u00e9n Ministro del Poder Popular para la Energ\u00eda El\u00e9ctrica destac\u00f3 que avanzan en la ejecuci\u00f3n de pol\u00edticas p\u00fablicas que permitan la confiabilidad y optimizaci\u00f3n del servicio el\u00e9ctrico en todo el pa\u00eds.<\/p>\n<p><img loading=\"lazy\" decoding=\"async\" class=\"size-medium wp-image-85891 alignright\" src=\"http:\/\/10.200.87.50\/mppee\/wp-content\/uploads\/2021\/12\/Presentan-Plan-Estrat\u00e9gico-del-Sistema-El\u00e9ctrico-Nacional-para-el-2022-4-300x200.jpeg\" alt=\"\" width=\"300\" height=\"200\" srcset=\"https:\/\/mppee.gob.ve\/wp-content\/uploads\/2021\/12\/Presentan-Plan-Estrat\u00e9gico-del-Sistema-El\u00e9ctrico-Nacional-para-el-2022-4-300x200.jpeg 300w, https:\/\/mppee.gob.ve\/wp-content\/uploads\/2021\/12\/Presentan-Plan-Estrat\u00e9gico-del-Sistema-El\u00e9ctrico-Nacional-para-el-2022-4-768x512.jpeg 768w, https:\/\/mppee.gob.ve\/wp-content\/uploads\/2021\/12\/Presentan-Plan-Estrat\u00e9gico-del-Sistema-El\u00e9ctrico-Nacional-para-el-2022-4.jpeg 912w\" sizes=\"auto, (max-width: 300px) 100vw, 300px\" \/>El Plan Estrat\u00e9gico est\u00e1 compuesto por 10 v\u00e9rtices, 98 l\u00edneas estrat\u00e9gicas, 22 planes estructurales y 356 acciones planificadas, que fortalecer\u00e1n el SEN en el pa\u00eds.<\/p>\n<p>Est\u00e1s acciones est\u00e1n destinadas a la protecci\u00f3n integral y bienestar del trabajador; en el mantenimiento y recuperaci\u00f3n del SEN; en la comercializaci\u00f3n del servicio el\u00e9ctrico, en las telecomunicaciones y migraci\u00f3n de la tecnolog\u00eda; la territorializaci\u00f3n de las pol\u00edticas energ\u00e9ticas y atenci\u00f3n al poder popular y la seguridad integral para la protecci\u00f3n del servicio el\u00e9ctrico.<\/p>\n<p>Adem\u00e1s, en las nuevas fuentes de energ\u00eda, el uso racional y eficiente de la misma; el desarrollo de las empresas no el\u00e9ctricas, en alianzas estrat\u00e9gicas nacionales e internacionales, y en el seguimiento y control de la gesti\u00f3n.<\/p>\n<p><b>Prensa Vpsops\u00a0<\/b><\/p>\n<p><img loading=\"lazy\" decoding=\"async\" class=\"aligncenter wp-image-85890 size-full\" src=\"http:\/\/10.200.87.50\/mppee\/wp-content\/uploads\/2021\/12\/Presentan-Plan-Estrat\u00e9gico-del-Sistema-El\u00e9ctrico-Nacional-para-el-2022-3.jpeg\" alt=\"\" width=\"1080\" height=\"689\" srcset=\"https:\/\/mppee.gob.ve\/wp-content\/uploads\/2021\/12\/Presentan-Plan-Estrat\u00e9gico-del-Sistema-El\u00e9ctrico-Nacional-para-el-2022-3.jpeg 1080w, https:\/\/mppee.gob.ve\/wp-content\/uploads\/2021\/12\/Presentan-Plan-Estrat\u00e9gico-del-Sistema-El\u00e9ctrico-Nacional-para-el-2022-3-300x191.jpeg 300w, https:\/\/mppee.gob.ve\/wp-content\/uploads\/2021\/12\/Presentan-Plan-Estrat\u00e9gico-del-Sistema-El\u00e9ctrico-Nacional-para-el-2022-3-1024x653.jpeg 1024w, https:\/\/mppee.gob.ve\/wp-content\/uploads\/2021\/12\/Presentan-Plan-Estrat\u00e9gico-del-Sistema-El\u00e9ctrico-Nacional-para-el-2022-3-768x490.jpeg 768w\" sizes=\"auto, (max-width: 1080px) 100vw, 1080px\" \/> <img loading=\"lazy\" decoding=\"async\" class=\"alignnone wp-image-85889 size-full\" src=\"http:\/\/10.200.87.50\/mppee\/wp-content\/uploads\/2021\/12\/Presentan-Plan-Estrat\u00e9gico-del-Sistema-El\u00e9ctrico-Nacional-para-el-2022-2.jpeg\" alt=\"\" width=\"1080\" height=\"794\" srcset=\"https:\/\/mppee.gob.ve\/wp-content\/uploads\/2021\/12\/Presentan-Plan-Estrat\u00e9gico-del-Sistema-El\u00e9ctrico-Nacional-para-el-2022-2.jpeg 1080w, https:\/\/mppee.gob.ve\/wp-content\/uploads\/2021\/12\/Presentan-Plan-Estrat\u00e9gico-del-Sistema-El\u00e9ctrico-Nacional-para-el-2022-2-300x221.jpeg 300w, https:\/\/mppee.gob.ve\/wp-content\/uploads\/2021\/12\/Presentan-Plan-Estrat\u00e9gico-del-Sistema-El\u00e9ctrico-Nacional-para-el-2022-2-1024x753.jpeg 1024w, https:\/\/mppee.gob.ve\/wp-content\/uploads\/2021\/12\/Presentan-Plan-Estrat\u00e9gico-del-Sistema-El\u00e9ctrico-Nacional-para-el-2022-2-768x565.jpeg 768w\" sizes=\"auto, (max-width: 1080px) 100vw, 1080px\" \/> <img loading=\"lazy\" decoding=\"async\" class=\"alignnone wp-image-85888 size-full\" src=\"http:\/\/10.200.87.50\/mppee\/wp-content\/uploads\/2021\/12\/Presentan-Plan-Estrat\u00e9gico-del-Sistema-El\u00e9ctrico-Nacional-para-el-2022-1.jpeg\" alt=\"\" width=\"1080\" height=\"606\" srcset=\"https:\/\/mppee.gob.ve\/wp-content\/uploads\/2021\/12\/Presentan-Plan-Estrat\u00e9gico-del-Sistema-El\u00e9ctrico-Nacional-para-el-2022-1.jpeg 1080w, https:\/\/mppee.gob.ve\/wp-content\/uploads\/2021\/12\/Presentan-Plan-Estrat\u00e9gico-del-Sistema-El\u00e9ctrico-Nacional-para-el-2022-1-300x168.jpeg 300w, https:\/\/mppee.gob.ve\/wp-content\/uploads\/2021\/12\/Presentan-Plan-Estrat\u00e9gico-del-Sistema-El\u00e9ctrico-Nacional-para-el-2022-1-1024x575.jpeg 1024w, https:\/\/mppee.gob.ve\/wp-content\/uploads\/2021\/12\/Presentan-Plan-Estrat\u00e9gico-del-Sistema-El\u00e9ctrico-Nacional-para-el-2022-1-768x431.jpeg 768w\" sizes=\"auto, (max-width: 1080px) 100vw, 1080px\" \/><\/p>\n","protected":false},"excerpt":{"rendered":"<p>Este viernes, fue presentado el Plan Estrat\u00e9gico del Sistema El\u00e9ctrico Nacional (SEN) para el a\u00f1o 2022, por parte del vicepresidente<\/p>\n","protected":false},"author":12,"featured_media":85893,"comment_status":"open","ping_status":"open","sticky":false,"template":"","format":"standard","meta":{"footnotes":""},"categories":[15],"tags":[11],"class_list":["post-85887","post","type-post","status-publish","format-standard","has-post-thumbnail","hentry","category-nacionales","tag-mppee"],"_links":{"self":[{"href":"https:\/\/mppee.gob.ve\/index.php?rest_route=\/wp\/v2\/posts\/85887","targetHints":{"allow":["GET"]}}],"collection":[{"href":"https:\/\/mppee.gob.ve\/index.php?rest_route=\/wp\/v2\/posts"}],"about":[{"href":"https:\/\/mppee.gob.ve\/index.php?rest_route=\/wp\/v2\/types\/post"}],"author":[{"embeddable":true,"href":"https:\/\/mppee.gob.ve\/index.php?rest_route=\/wp\/v2\/users\/12"}],"replies":[{"embeddable":true,"href":"https:\/\/mppee.gob.ve\/index.php?rest_route=%2Fwp%2Fv2%2Fcomments&post=85887"}],"version-history":[{"count":2,"href":"https:\/\/mppee.gob.ve\/index.php?rest_route=\/wp\/v2\/posts\/85887\/revisions"}],"predecessor-version":[{"id":85895,"href":"https:\/\/mppee.gob.ve\/index.php?rest_route=\/wp\/v2\/posts\/85887\/revisions\/85895"}],"wp:featuredmedia":[{"embeddable":true,"href":"https:\/\/mppee.gob.ve\/index.php?rest_route=\/wp\/v2\/media\/85893"}],"wp:attachment":[{"href":"https:\/\/mppee.gob.ve\/index.php?rest_route=%2Fwp%2Fv2%2Fmedia&parent=85887"}],"wp:term":[{"taxonomy":"category","embeddable":true,"href":"https:\/\/mppee.gob.ve\/index.php?rest_route=%2Fwp%2Fv2%2Fcategories&post=85887"},{"taxonomy":"post_tag","embeddable":true,"href":"https:\/\/mppee.gob.ve\/index.php?rest_route=%2Fwp%2Fv2%2Ftags&post=85887"}],"curies":[{"name":"wp","href":"https:\/\/api.w.org\/{rel}","templated":true}]}}