{"id":85897,"date":"2021-12-17T13:40:32","date_gmt":"2021-12-17T13:40:32","guid":{"rendered":"http:\/\/10.200.87.50\/mppee\/?p=85897"},"modified":"2021-12-21T14:32:24","modified_gmt":"2021-12-21T14:32:24","slug":"realizan-maniobras-para-restablecer-servicio-electrico-tras-ataque-al-sen","status":"publish","type":"post","link":"https:\/\/mppee.gob.ve\/?p=85897","title":{"rendered":"Realizan maniobras para restablecer servicio el\u00e9ctrico tras ataque al SEN"},"content":{"rendered":"<p style=\"text-align: justify;\">El vicepresidente Sectorial de Obras P\u00fablicas y Servicios, G\/J N\u00e9stor Reverol, inform\u00f3 mediante un contacto telef\u00f3nico con el canal del estado, Venezolana de Televisi\u00f3n (VTV), sobre un ataque al Sistema El\u00e9ctrico Nacional (SEN), perpetrado la madrugada de este viernes.<\/p>\n<p><strong>\u00abHemos recibido un nuevo ataque al Sistema El\u00e9ctrico Nacional, espec\u00edficamente en el Guri. Aquellos que se ensa\u00f1aron en el 2019, arremeten contra nuestro pueblo, sobre todo en estas fiestas decembrinas\u00bb<\/strong>, dijo el General en Jefe.<\/p>\n<p>Desde el Centro Nacional de Despacho, el tambi\u00e9n Ministro del Poder Popular para la Energ\u00eda El\u00e9ctrica destac\u00f3 que bajo los lineamientos del presidente de la Rep\u00fablica, Nicol\u00e1s Maduro y junto a la fuerza trabajadora de Corpoelec, se realizan las maniobras para la recuperaci\u00f3n del servicio el\u00e9ctrico en el pa\u00eds.<\/p>\n<p><strong>\u00abPuedo informar que la experiencia acumulada de nuestros hombres y mujeres de la fuerza trabajadora del Sistema El\u00e9ctrico Nacional, en el combate contra la guerra el\u00e9ctrica, permitir\u00e1 la recuperaci\u00f3n, estabilizaci\u00f3n y normalizaci\u00f3n del Sistema\u00bb<\/strong>, asegur\u00f3 Reverol Torres.<\/p>\n<p>Finalmente, pidi\u00f3 al pueblo de Venezuela el m\u00e1ximo apoyo con conciencia y en paz, para superar este vil y criminal ataque.<\/p>\n<p><strong>Prensa Mppee<\/strong><\/p>\n","protected":false},"excerpt":{"rendered":"<p>El vicepresidente Sectorial de Obras P\u00fablicas y Servicios, G\/J N\u00e9stor Reverol, inform\u00f3 mediante un contacto telef\u00f3nico con el canal del<\/p>\n","protected":false},"author":12,"featured_media":85898,"comment_status":"open","ping_status":"open","sticky":false,"template":"","format":"standard","meta":{"footnotes":""},"categories":[15],"tags":[11],"class_list":["post-85897","post","type-post","status-publish","format-standard","has-post-thumbnail","hentry","category-nacionales","tag-mppee"],"_links":{"self":[{"href":"https:\/\/mppee.gob.ve\/index.php?rest_route=\/wp\/v2\/posts\/85897","targetHints":{"allow":["GET"]}}],"collection":[{"href":"https:\/\/mppee.gob.ve\/index.php?rest_route=\/wp\/v2\/posts"}],"about":[{"href":"https:\/\/mppee.gob.ve\/index.php?rest_route=\/wp\/v2\/types\/post"}],"author":[{"embeddable":true,"href":"https:\/\/mppee.gob.ve\/index.php?rest_route=\/wp\/v2\/users\/12"}],"replies":[{"embeddable":true,"href":"https:\/\/mppee.gob.ve\/index.php?rest_route=%2Fwp%2Fv2%2Fcomments&post=85897"}],"version-history":[{"count":1,"href":"https:\/\/mppee.gob.ve\/index.php?rest_route=\/wp\/v2\/posts\/85897\/revisions"}],"predecessor-version":[{"id":85899,"href":"https:\/\/mppee.gob.ve\/index.php?rest_route=\/wp\/v2\/posts\/85897\/revisions\/85899"}],"wp:featuredmedia":[{"embeddable":true,"href":"https:\/\/mppee.gob.ve\/index.php?rest_route=\/wp\/v2\/media\/85898"}],"wp:attachment":[{"href":"https:\/\/mppee.gob.ve\/index.php?rest_route=%2Fwp%2Fv2%2Fmedia&parent=85897"}],"wp:term":[{"taxonomy":"category","embeddable":true,"href":"https:\/\/mppee.gob.ve\/index.php?rest_route=%2Fwp%2Fv2%2Fcategories&post=85897"},{"taxonomy":"post_tag","embeddable":true,"href":"https:\/\/mppee.gob.ve\/index.php?rest_route=%2Fwp%2Fv2%2Ftags&post=85897"}],"curies":[{"name":"wp","href":"https:\/\/api.w.org\/{rel}","templated":true}]}}