{"id":85923,"date":"2021-12-22T14:40:00","date_gmt":"2021-12-22T14:40:00","guid":{"rendered":"http:\/\/10.200.87.50\/mppee\/?p=85923"},"modified":"2022-01-03T15:05:50","modified_gmt":"2022-01-03T15:05:50","slug":"certifican-a-trabajadores-de-corpoelec-a-traves-del-programa-de-electricistas-en-redes-de-transmision","status":"publish","type":"post","link":"https:\/\/mppee.gob.ve\/?p=85923","title":{"rendered":"Certifican a trabajadores de Corpoelec a trav\u00e9s del Programa de Electricistas en Redes de Transmisi\u00f3n"},"content":{"rendered":"<p style=\"text-align: justify;\"><img loading=\"lazy\" decoding=\"async\" class=\"size-medium wp-image-85929 alignleft\" src=\"http:\/\/10.200.87.50\/mppee\/wp-content\/uploads\/2022\/01\/Certifican-a-trabajadores-de-Corpoelec-a-trav\u00e9s-del-Programa-de-Electricistas-en-Redes-de-Transmisi\u00f3n-6-300x200.jpeg\" alt=\"\" width=\"300\" height=\"200\" srcset=\"https:\/\/mppee.gob.ve\/wp-content\/uploads\/2022\/01\/Certifican-a-trabajadores-de-Corpoelec-a-trav\u00e9s-del-Programa-de-Electricistas-en-Redes-de-Transmisi\u00f3n-6-300x200.jpeg 300w, https:\/\/mppee.gob.ve\/wp-content\/uploads\/2022\/01\/Certifican-a-trabajadores-de-Corpoelec-a-trav\u00e9s-del-Programa-de-Electricistas-en-Redes-de-Transmisi\u00f3n-6-1024x684.jpeg 1024w, https:\/\/mppee.gob.ve\/wp-content\/uploads\/2022\/01\/Certifican-a-trabajadores-de-Corpoelec-a-trav\u00e9s-del-Programa-de-Electricistas-en-Redes-de-Transmisi\u00f3n-6-768x513.jpeg 768w, https:\/\/mppee.gob.ve\/wp-content\/uploads\/2022\/01\/Certifican-a-trabajadores-de-Corpoelec-a-trav\u00e9s-del-Programa-de-Electricistas-en-Redes-de-Transmisi\u00f3n-6.jpeg 1080w\" sizes=\"auto, (max-width: 300px) 100vw, 300px\" \/>Un total de 30 trabajadores de la Corporaci\u00f3n El\u00e9ctrica Nacional (Corpoelec) del estado Bol\u00edvar fueron certificados en el \u00a0Programa de Electricistas en Redes de Transmisi\u00f3n, gracias a un convenio con el Instituto Nacional de Capacitaci\u00f3n y Educaci\u00f3n Socialista (Inces).<\/p>\n<p>As\u00ed lo inform\u00f3 el vicepresidente Sectorial de Obras P\u00fablicas y Servicios, G\/J N\u00e9stor Reverol, a trav\u00e9s de una publicaci\u00f3n en su cuenta en la red social Instagram.<\/p>\n<p><strong>\u00abA trav\u00e9s de este acuerdo hemos fortalecido los saberes y formaci\u00f3n t\u00e9cnica profesional de la fuerza trabajadora del sector el\u00e9ctrico, con la finalidad de seguir avanzando en la consolidaci\u00f3n de la estabilizaci\u00f3n del Sistema El\u00e9ctrico Nacional (SEN)\u00bb<\/strong>, destac\u00f3.<\/p>\n<p><img loading=\"lazy\" decoding=\"async\" class=\"size-medium wp-image-85928 alignright\" src=\"http:\/\/10.200.87.50\/mppee\/wp-content\/uploads\/2022\/01\/Certifican-a-trabajadores-de-Corpoelec-a-trav\u00e9s-del-Programa-de-Electricistas-en-Redes-de-Transmisi\u00f3n-5-300x200.jpeg\" alt=\"\" width=\"300\" height=\"200\" srcset=\"https:\/\/mppee.gob.ve\/wp-content\/uploads\/2022\/01\/Certifican-a-trabajadores-de-Corpoelec-a-trav\u00e9s-del-Programa-de-Electricistas-en-Redes-de-Transmisi\u00f3n-5-300x200.jpeg 300w, https:\/\/mppee.gob.ve\/wp-content\/uploads\/2022\/01\/Certifican-a-trabajadores-de-Corpoelec-a-trav\u00e9s-del-Programa-de-Electricistas-en-Redes-de-Transmisi\u00f3n-5-1024x684.jpeg 1024w, https:\/\/mppee.gob.ve\/wp-content\/uploads\/2022\/01\/Certifican-a-trabajadores-de-Corpoelec-a-trav\u00e9s-del-Programa-de-Electricistas-en-Redes-de-Transmisi\u00f3n-5-768x513.jpeg 768w, https:\/\/mppee.gob.ve\/wp-content\/uploads\/2022\/01\/Certifican-a-trabajadores-de-Corpoelec-a-trav\u00e9s-del-Programa-de-Electricistas-en-Redes-de-Transmisi\u00f3n-5.jpeg 1080w\" sizes=\"auto, (max-width: 300px) 100vw, 300px\" \/>El tambi\u00e9n titular del Ministerio del Poder Popular para la Energ\u00eda El\u00e9ctrica, indic\u00f3 que el acto se llev\u00f3 a cabo en las instalaciones de la Central Hidroel\u00e9ctrica Antonio Jos\u00e9 de Sucre en Macagua y cont\u00f3 con la participaci\u00f3n del presidente de Corpoelec, Ingeniero Jos\u00e9 Luis Betancourt quien exalt\u00f3, el desempe\u00f1o y el trabajo en equipo que realiza la fuerza trabajadora y ha permitido la superaci\u00f3n de cualquier adversidad.<\/p>\n<div style=\"text-align: justify;\"><img loading=\"lazy\" decoding=\"async\" class=\"size-medium wp-image-85927 alignleft\" src=\"http:\/\/10.200.87.50\/mppee\/wp-content\/uploads\/2022\/01\/Certifican-a-trabajadores-de-Corpoelec-a-trav\u00e9s-del-Programa-de-Electricistas-en-Redes-de-Transmisi\u00f3n-4-300x200.jpeg\" alt=\"\" width=\"300\" height=\"200\" srcset=\"https:\/\/mppee.gob.ve\/wp-content\/uploads\/2022\/01\/Certifican-a-trabajadores-de-Corpoelec-a-trav\u00e9s-del-Programa-de-Electricistas-en-Redes-de-Transmisi\u00f3n-4-300x200.jpeg 300w, https:\/\/mppee.gob.ve\/wp-content\/uploads\/2022\/01\/Certifican-a-trabajadores-de-Corpoelec-a-trav\u00e9s-del-Programa-de-Electricistas-en-Redes-de-Transmisi\u00f3n-4-768x513.jpeg 768w, https:\/\/mppee.gob.ve\/wp-content\/uploads\/2022\/01\/Certifican-a-trabajadores-de-Corpoelec-a-trav\u00e9s-del-Programa-de-Electricistas-en-Redes-de-Transmisi\u00f3n-4.jpeg 1024w\" sizes=\"auto, (max-width: 300px) 100vw, 300px\" \/>Cabe destacar que durante la actividad, el Presidente de Corpoelec, felicit\u00f3 a las hero\u00ednas y h\u00e9roes de la Patria, por la iniciativa de querer formarse e inst\u00f3 a seguir con la continuaci\u00f3n de este proyecto de acreditaci\u00f3n que se logra a trav\u00e9s de la cultivaci\u00f3n de conocimientos, experiencias e intercambios de saberes que se dan a trav\u00e9s del aprendizaje y la labor constante, la cual permite mejorar todos los procesos en la prestaci\u00f3n del servicio el\u00e9ctrico.<\/p>\n<p>Por su parte, Henrry Lara hizo llegar unas palabras de agradecimiento a la Estatal el\u00e9ctrica y al Inces, por la oportunidad brindada y relat\u00f3 su experiencia desde el primer momento que se par\u00f3 frente a una torre de transmisi\u00f3n y super\u00f3 todos sus miedos. <strong>\u201cTengo 2 a\u00f1os trabajando en Corpoelec y es una empresa que promete para levantar a las nuevas generaciones que est\u00e1n dispuestas a salir adelante\u201d. \u00a0<\/strong><\/p>\n<p><strong><img loading=\"lazy\" decoding=\"async\" class=\"size-medium wp-image-85925 alignright\" src=\"http:\/\/10.200.87.50\/mppee\/wp-content\/uploads\/2022\/01\/Certifican-a-trabajadores-de-Corpoelec-a-trav\u00e9s-del-Programa-de-Electricistas-en-Redes-de-Transmisi\u00f3n-2-300x200.jpeg\" alt=\"\" width=\"300\" height=\"200\" srcset=\"https:\/\/mppee.gob.ve\/wp-content\/uploads\/2022\/01\/Certifican-a-trabajadores-de-Corpoelec-a-trav\u00e9s-del-Programa-de-Electricistas-en-Redes-de-Transmisi\u00f3n-2-300x200.jpeg 300w, https:\/\/mppee.gob.ve\/wp-content\/uploads\/2022\/01\/Certifican-a-trabajadores-de-Corpoelec-a-trav\u00e9s-del-Programa-de-Electricistas-en-Redes-de-Transmisi\u00f3n-2-1024x684.jpeg 1024w, https:\/\/mppee.gob.ve\/wp-content\/uploads\/2022\/01\/Certifican-a-trabajadores-de-Corpoelec-a-trav\u00e9s-del-Programa-de-Electricistas-en-Redes-de-Transmisi\u00f3n-2-768x513.jpeg 768w, https:\/\/mppee.gob.ve\/wp-content\/uploads\/2022\/01\/Certifican-a-trabajadores-de-Corpoelec-a-trav\u00e9s-del-Programa-de-Electricistas-en-Redes-de-Transmisi\u00f3n-2.jpeg 1080w\" sizes=\"auto, (max-width: 300px) 100vw, 300px\" \/>\u201cEsta empresa se ha convertido en una escuela, donde adem\u00e1s de todas las labores que se realizan, capacitan y forman a mujeres y hombres con buena voluntad para hacer las cosas como deben hacerse y sobre todo con una actitud que induce a hacer posible, lo imposible\u201d<\/strong>, as\u00ed lo enfatiz\u00f3 Henrry Lara.<\/p>\n<p>Asimismo, Dioleidis Olivero del Departamento de Mantenimiento de L\u00ednea de Transmisi\u00f3n manifest\u00f3 el orgullo que siente, por ser parte de Corpoelec. <strong>\u201cEn este trabajo se vive la adrenalina, pero tambi\u00e9n como mujer y a trav\u00e9s de mi entrega y compromiso, demuestro que soy capaz de hacer las mismas labores que ejecutan los hombres. Me siento empoderada e importante para esta empresa, porque valoran los riesgos que vivimos en cada una de las maniobras que realizamos a diario para mantener la estabilidad y calidad en el servicio el\u00e9ctrico para toda Venezuela\u201d.<\/strong><\/p>\n<p>Vale acotar que esta alianza estrat\u00e9gica tiene el prop\u00f3sito de enaltecer y reconocer, a trav\u00e9s del conocimiento ancestral, emp\u00edrico y acad\u00e9mico lo invaluable del saber que ha adquirido la fuerza trabajadora de la Corporaci\u00f3n durante \u00a0su trayectoria en la prestaci\u00f3n del servicio en la industria el\u00e9ctrica.<\/p>\n<p><img loading=\"lazy\" decoding=\"async\" class=\"size-medium wp-image-85924 alignleft\" src=\"http:\/\/10.200.87.50\/mppee\/wp-content\/uploads\/2022\/01\/Certifican-a-trabajadores-de-Corpoelec-a-trav\u00e9s-del-Programa-de-Electricistas-en-Redes-de-Transmisi\u00f3n-1-300x200.jpeg\" alt=\"\" width=\"300\" height=\"200\" srcset=\"https:\/\/mppee.gob.ve\/wp-content\/uploads\/2022\/01\/Certifican-a-trabajadores-de-Corpoelec-a-trav\u00e9s-del-Programa-de-Electricistas-en-Redes-de-Transmisi\u00f3n-1-300x200.jpeg 300w, https:\/\/mppee.gob.ve\/wp-content\/uploads\/2022\/01\/Certifican-a-trabajadores-de-Corpoelec-a-trav\u00e9s-del-Programa-de-Electricistas-en-Redes-de-Transmisi\u00f3n-1-768x513.jpeg 768w, https:\/\/mppee.gob.ve\/wp-content\/uploads\/2022\/01\/Certifican-a-trabajadores-de-Corpoelec-a-trav\u00e9s-del-Programa-de-Electricistas-en-Redes-de-Transmisi\u00f3n-1.jpeg 1024w\" sizes=\"auto, (max-width: 300px) 100vw, 300px\" \/>Es por ello, que Luis Monser Acosta, con 20 a\u00f1os de servicio en la Gerencia de Transmisi\u00f3n Guayana, tuvo la oportunidad de ser el maestro t\u00e9cnico voluntario de estos 30 hombres y mujeres, que hoy est\u00e1n calificados para el trabajo en altura, quienes ahora son capaces de escalar hasta 240 metros, realizando maniobras para el beneficio de todo el pa\u00eds.<\/p>\n<p><strong>\u201cEn esta oportunidad rompimos los paradigmas, se sumaron las mujeres y ahora hacen lo que cualquier trabajador de L\u00edneas de Transmisi\u00f3n ejecuta, ya no hay distinci\u00f3n de g\u00e9neros para un trabajo como ese. Siento un gran amor por esta empresa y todo lo que se ha logrado, ha sido gracias a la confianza dada a cada uno de los trabajadores\u201d<\/strong>, expres\u00f3 Luis Monser Acosta.<\/p>\n<p>Finalmente, asever\u00f3 que desde el Mppee contin\u00faan las estrategias de formaci\u00f3n para los hombres y mujeres que batallan d\u00eda a d\u00eda contra la guerra el\u00e9ctrica y quienes con alto compromiso llevan una labor destacable para la mejora del servicio el\u00e9ctrico en el pa\u00eds.<\/p>\n<p><strong>Prensa Mppee<\/strong><\/div>\n","protected":false},"excerpt":{"rendered":"<p>Un total de 30 trabajadores de la Corporaci\u00f3n El\u00e9ctrica Nacional (Corpoelec) del estado Bol\u00edvar fueron certificados en el \u00a0Programa de<\/p>\n","protected":false},"author":12,"featured_media":85930,"comment_status":"open","ping_status":"open","sticky":false,"template":"","format":"standard","meta":{"footnotes":""},"categories":[30],"tags":[11],"class_list":["post-85923","post","type-post","status-publish","format-standard","has-post-thumbnail","hentry","category-regionales","tag-mppee"],"_links":{"self":[{"href":"https:\/\/mppee.gob.ve\/index.php?rest_route=\/wp\/v2\/posts\/85923","targetHints":{"allow":["GET"]}}],"collection":[{"href":"https:\/\/mppee.gob.ve\/index.php?rest_route=\/wp\/v2\/posts"}],"about":[{"href":"https:\/\/mppee.gob.ve\/index.php?rest_route=\/wp\/v2\/types\/post"}],"author":[{"embeddable":true,"href":"https:\/\/mppee.gob.ve\/index.php?rest_route=\/wp\/v2\/users\/12"}],"replies":[{"embeddable":true,"href":"https:\/\/mppee.gob.ve\/index.php?rest_route=%2Fwp%2Fv2%2Fcomments&post=85923"}],"version-history":[{"count":1,"href":"https:\/\/mppee.gob.ve\/index.php?rest_route=\/wp\/v2\/posts\/85923\/revisions"}],"predecessor-version":[{"id":85931,"href":"https:\/\/mppee.gob.ve\/index.php?rest_route=\/wp\/v2\/posts\/85923\/revisions\/85931"}],"wp:featuredmedia":[{"embeddable":true,"href":"https:\/\/mppee.gob.ve\/index.php?rest_route=\/wp\/v2\/media\/85930"}],"wp:attachment":[{"href":"https:\/\/mppee.gob.ve\/index.php?rest_route=%2Fwp%2Fv2%2Fmedia&parent=85923"}],"wp:term":[{"taxonomy":"category","embeddable":true,"href":"https:\/\/mppee.gob.ve\/index.php?rest_route=%2Fwp%2Fv2%2Fcategories&post=85923"},{"taxonomy":"post_tag","embeddable":true,"href":"https:\/\/mppee.gob.ve\/index.php?rest_route=%2Fwp%2Fv2%2Ftags&post=85923"}],"curies":[{"name":"wp","href":"https:\/\/api.w.org\/{rel}","templated":true}]}}