{"id":85979,"date":"2022-01-20T13:43:00","date_gmt":"2022-01-20T13:43:00","guid":{"rendered":"http:\/\/10.200.87.50\/mppee\/?p=85979"},"modified":"2022-01-21T13:47:43","modified_gmt":"2022-01-21T13:47:43","slug":"introducen-proyectos-para-fortalecer-servicios-publicos-en-el-pais","status":"publish","type":"post","link":"https:\/\/mppee.gob.ve\/?p=85979","title":{"rendered":"Introducen proyectos para fortalecer servicios p\u00fablicos en el pa\u00eds"},"content":{"rendered":"<p style=\"text-align: justify;\"><img loading=\"lazy\" decoding=\"async\" class=\"size-medium wp-image-85984 alignleft\" src=\"http:\/\/10.200.87.50\/mppee\/wp-content\/uploads\/2022\/01\/Introducen-proyectos-para-fortalecer-servicios-p\u00fablicos-en-el-pa\u00eds-5-300x200.jpeg\" alt=\"\" width=\"300\" height=\"200\" srcset=\"https:\/\/mppee.gob.ve\/wp-content\/uploads\/2022\/01\/Introducen-proyectos-para-fortalecer-servicios-p\u00fablicos-en-el-pa\u00eds-5-300x200.jpeg 300w, https:\/\/mppee.gob.ve\/wp-content\/uploads\/2022\/01\/Introducen-proyectos-para-fortalecer-servicios-p\u00fablicos-en-el-pa\u00eds-5-1024x683.jpeg 1024w, https:\/\/mppee.gob.ve\/wp-content\/uploads\/2022\/01\/Introducen-proyectos-para-fortalecer-servicios-p\u00fablicos-en-el-pa\u00eds-5-768x512.jpeg 768w, https:\/\/mppee.gob.ve\/wp-content\/uploads\/2022\/01\/Introducen-proyectos-para-fortalecer-servicios-p\u00fablicos-en-el-pa\u00eds-5.jpeg 1080w\" sizes=\"auto, (max-width: 300px) 100vw, 300px\" \/>Con el objetivo de cumplir con el sistema de las 3 R, resistencia, renacimiento y revolucionar, para contrarrestar las agresiones hacia el pa\u00eds, se fortalecer\u00e1n los servicios p\u00fablicos a trav\u00e9s de proyectos que ser\u00e1n introducidos en el Consejo Federal de Gobierno, y robustecer\u00e1n los territorios de la naci\u00f3n.<\/p>\n<p>As\u00ed lo inform\u00f3 el vicepresidente Sectorial de Obras P\u00fablicas y Servicios, G\/J N\u00e9stor Reverol, durante una reuni\u00f3n con los Ministros y jefes de los entes adscritos a esta cartera.<\/p>\n<p><strong>\u201cTambi\u00e9n nombramos un comit\u00e9 t\u00e9cnico en cada uno de los Ministerios que conforman la Vicepresidencia de Servicios, que apoyar\u00e1 al Consejo Federal de Gobierno para la evaluaci\u00f3n y aplicaci\u00f3n de los proyectos que se introduzcan\u201d<\/strong>, dijo el General en Jefe.<\/p>\n<p>Asimismo, manifest\u00f3 que trabajan en la f\u00f3rmula del 1 x 10, para empoderar a las comunidades, y a las diferentes expresiones organizativas en el territorio nacional en materia de servicios p\u00fablicos.<\/p>\n<p><strong>\u201cTrabajamos los temas de electricidad en las l\u00edneas de acci\u00f3n concreta, en el mapa de problemas por regiones, por estado, y las soluciones que debemos obtener para mejorar el sistema el\u00e9ctrico\u201d<\/strong>, destac\u00f3 el tambi\u00e9n titular del Ministerio del Poder Popular para la Energ\u00eda El\u00e9ctrica.<\/p>\n<p><em><b><img loading=\"lazy\" decoding=\"async\" class=\"size-medium wp-image-85983 alignright\" src=\"http:\/\/10.200.87.50\/mppee\/wp-content\/uploads\/2022\/01\/Introducen-proyectos-para-fortalecer-servicios-p\u00fablicos-en-el-pa\u00eds-4-300x185.jpeg\" alt=\"\" width=\"300\" height=\"185\" srcset=\"https:\/\/mppee.gob.ve\/wp-content\/uploads\/2022\/01\/Introducen-proyectos-para-fortalecer-servicios-p\u00fablicos-en-el-pa\u00eds-4-300x185.jpeg 300w, https:\/\/mppee.gob.ve\/wp-content\/uploads\/2022\/01\/Introducen-proyectos-para-fortalecer-servicios-p\u00fablicos-en-el-pa\u00eds-4-1024x631.jpeg 1024w, https:\/\/mppee.gob.ve\/wp-content\/uploads\/2022\/01\/Introducen-proyectos-para-fortalecer-servicios-p\u00fablicos-en-el-pa\u00eds-4-768x474.jpeg 768w, https:\/\/mppee.gob.ve\/wp-content\/uploads\/2022\/01\/Introducen-proyectos-para-fortalecer-servicios-p\u00fablicos-en-el-pa\u00eds-4.jpeg 1080w\" sizes=\"auto, (max-width: 300px) 100vw, 300px\" \/>Consolidan servicios p\u00fablicos<\/b><\/em><\/p>\n<p>El vicepresidente Sectorial de Obras P\u00fablicas y Servicios, manifest\u00f3 que en la actualidad se producen 40 mil barriles al d\u00eda de Gas Licuado de Petr\u00f3leo (GLP), que satisface la demanda de la poblaci\u00f3n.<\/p>\n<p>En ese sentido, indic\u00f3 que junto al pueblo organizado y Gobernadores se atender\u00e1 la flota primaria, secundaria y los centros de llenado en cada una de las entidades.<\/p>\n<p>Por su parte, en el tema del agua, destac\u00f3 que se supervisar\u00e1n los sistemas de los acueductos, rehabilitaci\u00f3n y creaci\u00f3n de nuevos pozos profundos de agua, y se revisar\u00e1 el sistema complementario por cisternas.<\/p>\n<p>Finalmente, Reverol Torres afirm\u00f3 que se encuentra en un proceso de reorganizaci\u00f3n de los grupos de la Vicepresidencia Sectorial de Obras P\u00fablicas y Servicios, en cada estado, para tener representaci\u00f3n mediante equipos multidisciplinarios que verificar\u00e1n el funcionamiento de los mismos.<\/p>\n<p><b>Prensa Vpsops<\/b><\/p>\n<p><img loading=\"lazy\" decoding=\"async\" class=\"alignnone wp-image-85981 size-full\" src=\"http:\/\/10.200.87.50\/mppee\/wp-content\/uploads\/2022\/01\/Introducen-proyectos-para-fortalecer-servicios-p\u00fablicos-en-el-pa\u00eds-2.jpeg\" alt=\"\" width=\"1080\" height=\"720\" srcset=\"https:\/\/mppee.gob.ve\/wp-content\/uploads\/2022\/01\/Introducen-proyectos-para-fortalecer-servicios-p\u00fablicos-en-el-pa\u00eds-2.jpeg 1080w, https:\/\/mppee.gob.ve\/wp-content\/uploads\/2022\/01\/Introducen-proyectos-para-fortalecer-servicios-p\u00fablicos-en-el-pa\u00eds-2-300x200.jpeg 300w, https:\/\/mppee.gob.ve\/wp-content\/uploads\/2022\/01\/Introducen-proyectos-para-fortalecer-servicios-p\u00fablicos-en-el-pa\u00eds-2-1024x683.jpeg 1024w, https:\/\/mppee.gob.ve\/wp-content\/uploads\/2022\/01\/Introducen-proyectos-para-fortalecer-servicios-p\u00fablicos-en-el-pa\u00eds-2-768x512.jpeg 768w\" sizes=\"auto, (max-width: 1080px) 100vw, 1080px\" \/><\/p>\n","protected":false},"excerpt":{"rendered":"<p>Con el objetivo de cumplir con el sistema de las 3 R, resistencia, renacimiento y revolucionar, para contrarrestar las agresiones<\/p>\n","protected":false},"author":12,"featured_media":85980,"comment_status":"open","ping_status":"open","sticky":false,"template":"","format":"standard","meta":{"footnotes":""},"categories":[15],"tags":[327],"class_list":["post-85979","post","type-post","status-publish","format-standard","has-post-thumbnail","hentry","category-nacionales","tag-vsops"],"_links":{"self":[{"href":"https:\/\/mppee.gob.ve\/index.php?rest_route=\/wp\/v2\/posts\/85979","targetHints":{"allow":["GET"]}}],"collection":[{"href":"https:\/\/mppee.gob.ve\/index.php?rest_route=\/wp\/v2\/posts"}],"about":[{"href":"https:\/\/mppee.gob.ve\/index.php?rest_route=\/wp\/v2\/types\/post"}],"author":[{"embeddable":true,"href":"https:\/\/mppee.gob.ve\/index.php?rest_route=\/wp\/v2\/users\/12"}],"replies":[{"embeddable":true,"href":"https:\/\/mppee.gob.ve\/index.php?rest_route=%2Fwp%2Fv2%2Fcomments&post=85979"}],"version-history":[{"count":1,"href":"https:\/\/mppee.gob.ve\/index.php?rest_route=\/wp\/v2\/posts\/85979\/revisions"}],"predecessor-version":[{"id":85985,"href":"https:\/\/mppee.gob.ve\/index.php?rest_route=\/wp\/v2\/posts\/85979\/revisions\/85985"}],"wp:featuredmedia":[{"embeddable":true,"href":"https:\/\/mppee.gob.ve\/index.php?rest_route=\/wp\/v2\/media\/85980"}],"wp:attachment":[{"href":"https:\/\/mppee.gob.ve\/index.php?rest_route=%2Fwp%2Fv2%2Fmedia&parent=85979"}],"wp:term":[{"taxonomy":"category","embeddable":true,"href":"https:\/\/mppee.gob.ve\/index.php?rest_route=%2Fwp%2Fv2%2Fcategories&post=85979"},{"taxonomy":"post_tag","embeddable":true,"href":"https:\/\/mppee.gob.ve\/index.php?rest_route=%2Fwp%2Fv2%2Ftags&post=85979"}],"curies":[{"name":"wp","href":"https:\/\/api.w.org\/{rel}","templated":true}]}}