{"id":85987,"date":"2022-01-22T00:21:05","date_gmt":"2022-01-22T00:21:05","guid":{"rendered":"http:\/\/10.200.87.50\/mppee\/?p=85987"},"modified":"2022-01-22T00:30:49","modified_gmt":"2022-01-22T00:30:49","slug":"detenidos-responsables-del-ataque-contra-el-sistema-electrico-nacional-en-carabobo","status":"publish","type":"post","link":"https:\/\/mppee.gob.ve\/?p=85987","title":{"rendered":"Detenidos responsables del ataque contra el Sistema El\u00e9ctrico Nacional en Carabobo"},"content":{"rendered":"<p style=\"text-align: justify;\"><img loading=\"lazy\" decoding=\"async\" class=\"size-medium wp-image-85993 alignleft\" src=\"http:\/\/10.200.87.50\/mppee\/wp-content\/uploads\/2022\/01\/Detenidos-responsables-del-ataque-contra-el-Sistema-El\u00e9ctrico-Nacional-en-Carabobo-3-1-300x204.jpg\" alt=\"\" width=\"300\" height=\"204\" srcset=\"https:\/\/mppee.gob.ve\/wp-content\/uploads\/2022\/01\/Detenidos-responsables-del-ataque-contra-el-Sistema-El\u00e9ctrico-Nacional-en-Carabobo-3-1-300x204.jpg 300w, https:\/\/mppee.gob.ve\/wp-content\/uploads\/2022\/01\/Detenidos-responsables-del-ataque-contra-el-Sistema-El\u00e9ctrico-Nacional-en-Carabobo-3-1-1024x695.jpg 1024w, https:\/\/mppee.gob.ve\/wp-content\/uploads\/2022\/01\/Detenidos-responsables-del-ataque-contra-el-Sistema-El\u00e9ctrico-Nacional-en-Carabobo-3-1-768x521.jpg 768w, https:\/\/mppee.gob.ve\/wp-content\/uploads\/2022\/01\/Detenidos-responsables-del-ataque-contra-el-Sistema-El\u00e9ctrico-Nacional-en-Carabobo-3-1.jpg 1080w\" sizes=\"auto, (max-width: 300px) 100vw, 300px\" \/>El vicepresidente Sectorial de Obras P\u00fablicas y Servicios, G\/J N\u00e9stor Reverol, inform\u00f3 que fueron capturados los responsables del ataque contra el Sistema El\u00e9ctrico Nacional (SEN), espec\u00edficamente en las torres 14 y 15 de la l\u00ednea Planta Centro \u2013 Valle Seco en el sector Taborda del estado Carabobo.<\/p>\n<p style=\"text-align: justify;\">Desde la sede del Centro Nacional de Despacho, ubicado en El Marqu\u00e9s, estado Miranda, el General en Jefe detall\u00f3 que este grupo estructurado de delincuencia organizada extra\u00eda las piezas de las torres de alta tensi\u00f3n como lo son perfiles y \u00e1ngulos, a fin de traficar con el material sustra\u00eddo para la fabricaci\u00f3n artesanal de mostradores, portones, puertas met\u00e1licas, bases para tanques de agua y estanter\u00edas, mientras las infraestructuras el\u00e9ctricas colapsan y colocan en riesgo la estabilidad y confiabilidad del servicio el\u00e9ctrico en la entidad.<\/p>\n<p style=\"text-align: justify;\"><img loading=\"lazy\" decoding=\"async\" class=\"size-medium wp-image-86003 alignright\" src=\"http:\/\/10.200.87.50\/mppee\/wp-content\/uploads\/2022\/01\/Detenidos-responsables-del-ataque-contra-el-Sistema-El\u00e9ctrico-Nacional-en-Carabobo-3-300x169.jpg\" alt=\"\" width=\"300\" height=\"169\" srcset=\"https:\/\/mppee.gob.ve\/wp-content\/uploads\/2022\/01\/Detenidos-responsables-del-ataque-contra-el-Sistema-El\u00e9ctrico-Nacional-en-Carabobo-3-300x169.jpg 300w, https:\/\/mppee.gob.ve\/wp-content\/uploads\/2022\/01\/Detenidos-responsables-del-ataque-contra-el-Sistema-El\u00e9ctrico-Nacional-en-Carabobo-3-768x432.jpg 768w, https:\/\/mppee.gob.ve\/wp-content\/uploads\/2022\/01\/Detenidos-responsables-del-ataque-contra-el-Sistema-El\u00e9ctrico-Nacional-en-Carabobo-3.jpg 960w\" sizes=\"auto, (max-width: 300px) 100vw, 300px\" \/>Los detenidos fueron identificados como Jos\u00e9 Ram\u00f3n Pinto Medina, Jos\u00e9 Gregorio Coiman Rivas, Brian L\u00f3pez y Carlay Del Carmen L\u00f3pez, quienes confesaron c\u00f3mo son contratados por grupos extremistas para causar malestar en la poblaci\u00f3n y fallas al SEN.<\/p>\n<p style=\"text-align: justify;\"><em><strong>Inaugurada\u00a0 Sala Situacional contra la Guerra El\u00e9ctrica\u00a0\u00a0\u00a0\u00a0\u00a0<\/strong><\/em><\/p>\n<p style=\"text-align: justify;\">El G\/J N\u00e9stor Reverol reiter\u00f3 que ante los ataques continuos contra el servicio el\u00e9ctrico en Venezuela, este viernes fue inaugurada la Sala Situacional contra la Guerra El\u00e9ctrica, que cuenta con un sistema de alertas tempranas para prevenir, descubrir y neutralizar cualquier atentado a los servicios p\u00fablicos en todo el pa\u00eds.<\/p>\n<p style=\"text-align: justify;\">Explic\u00f3 que contar\u00e1 con una Unidad de Investigaci\u00f3n de Siniestros donde se revisar\u00e1n las acciones que involucren conspiraciones internas y externas, fallas de programas para detectar quienes son los responsables de los actos de sabotaje.<\/p>\n<p style=\"text-align: justify;\"><img loading=\"lazy\" decoding=\"async\" class=\"size-medium wp-image-86002 alignleft\" src=\"http:\/\/10.200.87.50\/mppee\/wp-content\/uploads\/2022\/01\/Correo-300x169.jpg\" alt=\"\" width=\"300\" height=\"169\" srcset=\"https:\/\/mppee.gob.ve\/wp-content\/uploads\/2022\/01\/Correo-300x169.jpg 300w, https:\/\/mppee.gob.ve\/wp-content\/uploads\/2022\/01\/Correo-768x432.jpg 768w, https:\/\/mppee.gob.ve\/wp-content\/uploads\/2022\/01\/Correo.jpg 960w\" sizes=\"auto, (max-width: 300px) 100vw, 300px\" \/>Esta unidad est\u00e1 bajo la tutela de la Gerencia General de Prevenci\u00f3n y Protecci\u00f3n de Corpoelec, en coordinaci\u00f3n con el Ministerio del Poder Popular para Relaciones Interiores, Justicia y Paz.<\/p>\n<p style=\"text-align: justify;\"><strong>\u201cEstar\u00e1 integrada por expertos del Cuerpo de Investigaciones Cient\u00edficas, Penales y Criminal\u00edsticas (Cicpc), a la orden del Sistema El\u00e9ctrico Nacional (SEN) para profundizar las investigaciones en tiempo real\u201d<\/strong>, dijo Reverol Torres, acompa\u00f1ado del vicepresidente Sectorial para la Seguridad Ciudadana y la Paz, A\/J Remigio Ceballos y dem\u00e1s autoridades del sector.<\/p>\n<p style=\"text-align: justify;\">El tambi\u00e9n Ministro del Poder Popular para la Energ\u00eda El\u00e9ctrica, indic\u00f3 que se cre\u00f3 la Unidad de Aeronaves Pilotadas a Distancia, con 60 drones, entre ellos ocho con c\u00e1maras t\u00e9rmicas para hacer vuelos nocturnos, que permitir\u00e1 supervisar todas las redes, tendidos, transmisiones y subestaciones, para de esta manera ser m\u00e1s efectivos en la supervisi\u00f3n de las instalaciones el\u00e9ctricas.<\/p>\n<p style=\"text-align: justify;\"><img loading=\"lazy\" decoding=\"async\" class=\"size-medium wp-image-86001 alignright\" src=\"http:\/\/10.200.87.50\/mppee\/wp-content\/uploads\/2022\/01\/Detenidos-responsables-del-ataque-contra-el-Sistema-El\u00e9ctrico-Nacional-en-Carabobo-7-300x200.jpg\" alt=\"\" width=\"300\" height=\"200\" srcset=\"https:\/\/mppee.gob.ve\/wp-content\/uploads\/2022\/01\/Detenidos-responsables-del-ataque-contra-el-Sistema-El\u00e9ctrico-Nacional-en-Carabobo-7-300x200.jpg 300w, https:\/\/mppee.gob.ve\/wp-content\/uploads\/2022\/01\/Detenidos-responsables-del-ataque-contra-el-Sistema-El\u00e9ctrico-Nacional-en-Carabobo-7-768x512.jpg 768w, https:\/\/mppee.gob.ve\/wp-content\/uploads\/2022\/01\/Detenidos-responsables-del-ataque-contra-el-Sistema-El\u00e9ctrico-Nacional-en-Carabobo-7.jpg 912w\" sizes=\"auto, (max-width: 300px) 100vw, 300px\" \/>Igualmente, se tiene una sala de vigilancia y monitoreo del SEN en todas las subestaciones, <strong>\u201ctenemos al d\u00eda de hoy m\u00e1s de 300 c\u00e1maras de vigilancia y la meta de este a\u00f1o es de llegar a las 1600\u201d<\/strong>, dijo.<\/p>\n<p style=\"text-align: justify;\">El titular del Mppee manifest\u00f3 que fue reestructurada la Fuerza de Choque de la FANB, con nuevos mandos y\u00a0 designaciones en cada estado, a fin de tener una vigilancia permanente ante cualquier acto de sabotaje o de terrorismo.<\/p>\n<p style=\"text-align: justify;\"><strong>\u201cQueremos que el pueblo de Venezuela denuncie a las mafias a trav\u00e9s de correo: denuncialasmafias@gmail.com, o cualquier irregularidad\u00a0 a los funcionarios de Corpoelec\u00a0 para poner atender en tiempo real al SEN\u201d,<\/strong> enfatiz\u00f3.<\/p>\n<p style=\"text-align: justify;\"><strong>Prensa Mppee<\/strong><\/p>\n<figure id=\"attachment_85994\" aria-describedby=\"caption-attachment-85994\" style=\"width: 1080px\" class=\"wp-caption alignnone\"><img loading=\"lazy\" decoding=\"async\" class=\"wp-image-85994 size-full\" src=\"http:\/\/10.200.87.50\/mppee\/wp-content\/uploads\/2022\/01\/Detenidos-responsables-del-ataque-contra-el-Sistema-El\u00e9ctrico-Nacional-en-Carabobo-2-1.jpg\" alt=\"\" width=\"1080\" height=\"696\" srcset=\"https:\/\/mppee.gob.ve\/wp-content\/uploads\/2022\/01\/Detenidos-responsables-del-ataque-contra-el-Sistema-El\u00e9ctrico-Nacional-en-Carabobo-2-1.jpg 1080w, https:\/\/mppee.gob.ve\/wp-content\/uploads\/2022\/01\/Detenidos-responsables-del-ataque-contra-el-Sistema-El\u00e9ctrico-Nacional-en-Carabobo-2-1-300x193.jpg 300w, https:\/\/mppee.gob.ve\/wp-content\/uploads\/2022\/01\/Detenidos-responsables-del-ataque-contra-el-Sistema-El\u00e9ctrico-Nacional-en-Carabobo-2-1-1024x660.jpg 1024w, https:\/\/mppee.gob.ve\/wp-content\/uploads\/2022\/01\/Detenidos-responsables-del-ataque-contra-el-Sistema-El\u00e9ctrico-Nacional-en-Carabobo-2-1-768x495.jpg 768w\" sizes=\"auto, (max-width: 1080px) 100vw, 1080px\" \/><figcaption id=\"caption-attachment-85994\" class=\"wp-caption-text\">Vicepresidente Sectorial de Obras P\u00fablicas y Servicios, Ministro del Poder Popular para la Energ\u00eda El\u00e9ctrica, G\/J N\u00e9stor Reverol<\/figcaption><\/figure>\n<p><img loading=\"lazy\" decoding=\"async\" class=\"alignnone wp-image-86000 size-full\" src=\"http:\/\/10.200.87.50\/mppee\/wp-content\/uploads\/2022\/01\/Detenidos-responsables-del-ataque-contra-el-Sistema-El\u00e9ctrico-Nacional-en-Carabobo-8.jpg\" alt=\"\" width=\"1080\" height=\"677\" srcset=\"https:\/\/mppee.gob.ve\/wp-content\/uploads\/2022\/01\/Detenidos-responsables-del-ataque-contra-el-Sistema-El\u00e9ctrico-Nacional-en-Carabobo-8.jpg 1080w, https:\/\/mppee.gob.ve\/wp-content\/uploads\/2022\/01\/Detenidos-responsables-del-ataque-contra-el-Sistema-El\u00e9ctrico-Nacional-en-Carabobo-8-300x188.jpg 300w, https:\/\/mppee.gob.ve\/wp-content\/uploads\/2022\/01\/Detenidos-responsables-del-ataque-contra-el-Sistema-El\u00e9ctrico-Nacional-en-Carabobo-8-1024x642.jpg 1024w, https:\/\/mppee.gob.ve\/wp-content\/uploads\/2022\/01\/Detenidos-responsables-del-ataque-contra-el-Sistema-El\u00e9ctrico-Nacional-en-Carabobo-8-768x481.jpg 768w\" sizes=\"auto, (max-width: 1080px) 100vw, 1080px\" \/> <img loading=\"lazy\" decoding=\"async\" class=\"alignnone wp-image-85999 size-full\" src=\"http:\/\/10.200.87.50\/mppee\/wp-content\/uploads\/2022\/01\/Detenidos-responsables-del-ataque-contra-el-Sistema-El\u00e9ctrico-Nacional-en-Carabobo-1.jpg\" alt=\"\" width=\"960\" height=\"540\" srcset=\"https:\/\/mppee.gob.ve\/wp-content\/uploads\/2022\/01\/Detenidos-responsables-del-ataque-contra-el-Sistema-El\u00e9ctrico-Nacional-en-Carabobo-1.jpg 960w, https:\/\/mppee.gob.ve\/wp-content\/uploads\/2022\/01\/Detenidos-responsables-del-ataque-contra-el-Sistema-El\u00e9ctrico-Nacional-en-Carabobo-1-300x169.jpg 300w, https:\/\/mppee.gob.ve\/wp-content\/uploads\/2022\/01\/Detenidos-responsables-del-ataque-contra-el-Sistema-El\u00e9ctrico-Nacional-en-Carabobo-1-768x432.jpg 768w\" sizes=\"auto, (max-width: 960px) 100vw, 960px\" \/> <img loading=\"lazy\" decoding=\"async\" class=\"alignnone wp-image-85998 size-full\" src=\"http:\/\/10.200.87.50\/mppee\/wp-content\/uploads\/2022\/01\/Detenidos-responsables-del-ataque-contra-el-Sistema-El\u00e9ctrico-Nacional-en-Carabobo-2.jpg\" alt=\"\" width=\"1080\" height=\"607\" srcset=\"https:\/\/mppee.gob.ve\/wp-content\/uploads\/2022\/01\/Detenidos-responsables-del-ataque-contra-el-Sistema-El\u00e9ctrico-Nacional-en-Carabobo-2.jpg 1080w, https:\/\/mppee.gob.ve\/wp-content\/uploads\/2022\/01\/Detenidos-responsables-del-ataque-contra-el-Sistema-El\u00e9ctrico-Nacional-en-Carabobo-2-300x169.jpg 300w, https:\/\/mppee.gob.ve\/wp-content\/uploads\/2022\/01\/Detenidos-responsables-del-ataque-contra-el-Sistema-El\u00e9ctrico-Nacional-en-Carabobo-2-1024x576.jpg 1024w, https:\/\/mppee.gob.ve\/wp-content\/uploads\/2022\/01\/Detenidos-responsables-del-ataque-contra-el-Sistema-El\u00e9ctrico-Nacional-en-Carabobo-2-768x432.jpg 768w\" sizes=\"auto, (max-width: 1080px) 100vw, 1080px\" \/> <img loading=\"lazy\" decoding=\"async\" class=\"alignnone wp-image-85996 size-full\" src=\"http:\/\/10.200.87.50\/mppee\/wp-content\/uploads\/2022\/01\/Detenidos-responsables-del-ataque-contra-el-Sistema-El\u00e9ctrico-Nacional-en-Carabobo-4.jpg\" alt=\"\" width=\"960\" height=\"540\" srcset=\"https:\/\/mppee.gob.ve\/wp-content\/uploads\/2022\/01\/Detenidos-responsables-del-ataque-contra-el-Sistema-El\u00e9ctrico-Nacional-en-Carabobo-4.jpg 960w, https:\/\/mppee.gob.ve\/wp-content\/uploads\/2022\/01\/Detenidos-responsables-del-ataque-contra-el-Sistema-El\u00e9ctrico-Nacional-en-Carabobo-4-300x169.jpg 300w, https:\/\/mppee.gob.ve\/wp-content\/uploads\/2022\/01\/Detenidos-responsables-del-ataque-contra-el-Sistema-El\u00e9ctrico-Nacional-en-Carabobo-4-768x432.jpg 768w\" sizes=\"auto, (max-width: 960px) 100vw, 960px\" \/> <img loading=\"lazy\" decoding=\"async\" class=\"alignnone wp-image-85995 size-full\" src=\"http:\/\/10.200.87.50\/mppee\/wp-content\/uploads\/2022\/01\/Detenidos-responsables-del-ataque-contra-el-Sistema-El\u00e9ctrico-Nacional-en-Carabobo-6.jpg\" alt=\"\" width=\"912\" height=\"608\" srcset=\"https:\/\/mppee.gob.ve\/wp-content\/uploads\/2022\/01\/Detenidos-responsables-del-ataque-contra-el-Sistema-El\u00e9ctrico-Nacional-en-Carabobo-6.jpg 912w, https:\/\/mppee.gob.ve\/wp-content\/uploads\/2022\/01\/Detenidos-responsables-del-ataque-contra-el-Sistema-El\u00e9ctrico-Nacional-en-Carabobo-6-300x200.jpg 300w, https:\/\/mppee.gob.ve\/wp-content\/uploads\/2022\/01\/Detenidos-responsables-del-ataque-contra-el-Sistema-El\u00e9ctrico-Nacional-en-Carabobo-6-768x512.jpg 768w\" sizes=\"auto, (max-width: 912px) 100vw, 912px\" \/> <img loading=\"lazy\" decoding=\"async\" class=\"alignnone wp-image-85993 size-full\" src=\"http:\/\/10.200.87.50\/mppee\/wp-content\/uploads\/2022\/01\/Detenidos-responsables-del-ataque-contra-el-Sistema-El\u00e9ctrico-Nacional-en-Carabobo-3-1.jpg\" alt=\"\" width=\"1080\" height=\"733\" srcset=\"https:\/\/mppee.gob.ve\/wp-content\/uploads\/2022\/01\/Detenidos-responsables-del-ataque-contra-el-Sistema-El\u00e9ctrico-Nacional-en-Carabobo-3-1.jpg 1080w, https:\/\/mppee.gob.ve\/wp-content\/uploads\/2022\/01\/Detenidos-responsables-del-ataque-contra-el-Sistema-El\u00e9ctrico-Nacional-en-Carabobo-3-1-300x204.jpg 300w, https:\/\/mppee.gob.ve\/wp-content\/uploads\/2022\/01\/Detenidos-responsables-del-ataque-contra-el-Sistema-El\u00e9ctrico-Nacional-en-Carabobo-3-1-1024x695.jpg 1024w, https:\/\/mppee.gob.ve\/wp-content\/uploads\/2022\/01\/Detenidos-responsables-del-ataque-contra-el-Sistema-El\u00e9ctrico-Nacional-en-Carabobo-3-1-768x521.jpg 768w\" sizes=\"auto, (max-width: 1080px) 100vw, 1080px\" \/> <img loading=\"lazy\" decoding=\"async\" class=\"alignnone wp-image-85992 size-full\" src=\"http:\/\/10.200.87.50\/mppee\/wp-content\/uploads\/2022\/01\/Detenidos-responsables-del-ataque-contra-el-Sistema-El\u00e9ctrico-Nacional-en-Carabobo-4-1.jpg\" alt=\"\" width=\"912\" height=\"608\" srcset=\"https:\/\/mppee.gob.ve\/wp-content\/uploads\/2022\/01\/Detenidos-responsables-del-ataque-contra-el-Sistema-El\u00e9ctrico-Nacional-en-Carabobo-4-1.jpg 912w, https:\/\/mppee.gob.ve\/wp-content\/uploads\/2022\/01\/Detenidos-responsables-del-ataque-contra-el-Sistema-El\u00e9ctrico-Nacional-en-Carabobo-4-1-300x200.jpg 300w, https:\/\/mppee.gob.ve\/wp-content\/uploads\/2022\/01\/Detenidos-responsables-del-ataque-contra-el-Sistema-El\u00e9ctrico-Nacional-en-Carabobo-4-1-768x512.jpg 768w\" sizes=\"auto, (max-width: 912px) 100vw, 912px\" \/> <img loading=\"lazy\" decoding=\"async\" class=\"alignnone wp-image-85991 size-full\" src=\"http:\/\/10.200.87.50\/mppee\/wp-content\/uploads\/2022\/01\/Detenidos-responsables-del-ataque-contra-el-Sistema-El\u00e9ctrico-Nacional-en-Carabobo-1-1.jpg\" alt=\"\" width=\"912\" height=\"608\" srcset=\"https:\/\/mppee.gob.ve\/wp-content\/uploads\/2022\/01\/Detenidos-responsables-del-ataque-contra-el-Sistema-El\u00e9ctrico-Nacional-en-Carabobo-1-1.jpg 912w, https:\/\/mppee.gob.ve\/wp-content\/uploads\/2022\/01\/Detenidos-responsables-del-ataque-contra-el-Sistema-El\u00e9ctrico-Nacional-en-Carabobo-1-1-300x200.jpg 300w, https:\/\/mppee.gob.ve\/wp-content\/uploads\/2022\/01\/Detenidos-responsables-del-ataque-contra-el-Sistema-El\u00e9ctrico-Nacional-en-Carabobo-1-1-768x512.jpg 768w\" sizes=\"auto, (max-width: 912px) 100vw, 912px\" \/> <img loading=\"lazy\" decoding=\"async\" class=\"alignnone wp-image-85997 size-full\" src=\"http:\/\/10.200.87.50\/mppee\/wp-content\/uploads\/2022\/01\/Detenidos-responsables-del-ataque-contra-el-Sistema-El\u00e9ctrico-Nacional-en-Carabobo-9.jpg\" alt=\"\" width=\"1080\" height=\"683\" srcset=\"https:\/\/mppee.gob.ve\/wp-content\/uploads\/2022\/01\/Detenidos-responsables-del-ataque-contra-el-Sistema-El\u00e9ctrico-Nacional-en-Carabobo-9.jpg 1080w, https:\/\/mppee.gob.ve\/wp-content\/uploads\/2022\/01\/Detenidos-responsables-del-ataque-contra-el-Sistema-El\u00e9ctrico-Nacional-en-Carabobo-9-300x190.jpg 300w, https:\/\/mppee.gob.ve\/wp-content\/uploads\/2022\/01\/Detenidos-responsables-del-ataque-contra-el-Sistema-El\u00e9ctrico-Nacional-en-Carabobo-9-1024x648.jpg 1024w, https:\/\/mppee.gob.ve\/wp-content\/uploads\/2022\/01\/Detenidos-responsables-del-ataque-contra-el-Sistema-El\u00e9ctrico-Nacional-en-Carabobo-9-768x486.jpg 768w\" sizes=\"auto, (max-width: 1080px) 100vw, 1080px\" \/><\/p>\n","protected":false},"excerpt":{"rendered":"<p>El vicepresidente Sectorial de Obras P\u00fablicas y Servicios, G\/J N\u00e9stor Reverol, inform\u00f3 que fueron capturados los responsables del ataque contra<\/p>\n","protected":false},"author":12,"featured_media":85997,"comment_status":"open","ping_status":"open","sticky":false,"template":"","format":"standard","meta":{"footnotes":""},"categories":[15],"tags":[11],"class_list":["post-85987","post","type-post","status-publish","format-standard","has-post-thumbnail","hentry","category-nacionales","tag-mppee"],"_links":{"self":[{"href":"https:\/\/mppee.gob.ve\/index.php?rest_route=\/wp\/v2\/posts\/85987","targetHints":{"allow":["GET"]}}],"collection":[{"href":"https:\/\/mppee.gob.ve\/index.php?rest_route=\/wp\/v2\/posts"}],"about":[{"href":"https:\/\/mppee.gob.ve\/index.php?rest_route=\/wp\/v2\/types\/post"}],"author":[{"embeddable":true,"href":"https:\/\/mppee.gob.ve\/index.php?rest_route=\/wp\/v2\/users\/12"}],"replies":[{"embeddable":true,"href":"https:\/\/mppee.gob.ve\/index.php?rest_route=%2Fwp%2Fv2%2Fcomments&post=85987"}],"version-history":[{"count":2,"href":"https:\/\/mppee.gob.ve\/index.php?rest_route=\/wp\/v2\/posts\/85987\/revisions"}],"predecessor-version":[{"id":86005,"href":"https:\/\/mppee.gob.ve\/index.php?rest_route=\/wp\/v2\/posts\/85987\/revisions\/86005"}],"wp:featuredmedia":[{"embeddable":true,"href":"https:\/\/mppee.gob.ve\/index.php?rest_route=\/wp\/v2\/media\/85997"}],"wp:attachment":[{"href":"https:\/\/mppee.gob.ve\/index.php?rest_route=%2Fwp%2Fv2%2Fmedia&parent=85987"}],"wp:term":[{"taxonomy":"category","embeddable":true,"href":"https:\/\/mppee.gob.ve\/index.php?rest_route=%2Fwp%2Fv2%2Fcategories&post=85987"},{"taxonomy":"post_tag","embeddable":true,"href":"https:\/\/mppee.gob.ve\/index.php?rest_route=%2Fwp%2Fv2%2Ftags&post=85987"}],"curies":[{"name":"wp","href":"https:\/\/api.w.org\/{rel}","templated":true}]}}