{"id":86011,"date":"2022-01-26T18:18:00","date_gmt":"2022-01-26T18:18:00","guid":{"rendered":"http:\/\/10.200.87.50\/mppee\/?p=86011"},"modified":"2022-01-31T18:23:27","modified_gmt":"2022-01-31T18:23:27","slug":"consolidan-planes-y-proyectos-priorizados-para-fortalecer-el-sen","status":"publish","type":"post","link":"https:\/\/mppee.gob.ve\/?p=86011","title":{"rendered":"Consolidan planes y proyectos priorizados para fortalecer el SEN"},"content":{"rendered":"<p style=\"font-weight: 400; text-align: justify;\"><img loading=\"lazy\" decoding=\"async\" class=\"size-medium wp-image-86017 alignleft\" src=\"http:\/\/10.200.87.50\/mppee\/wp-content\/uploads\/2022\/01\/Consolidan-planes-y-proyectos-priorizados-para-fortalecer-el-SEN-6-300x225.jpg\" alt=\"\" width=\"300\" height=\"225\" srcset=\"https:\/\/mppee.gob.ve\/wp-content\/uploads\/2022\/01\/Consolidan-planes-y-proyectos-priorizados-para-fortalecer-el-SEN-6-300x225.jpg 300w, https:\/\/mppee.gob.ve\/wp-content\/uploads\/2022\/01\/Consolidan-planes-y-proyectos-priorizados-para-fortalecer-el-SEN-6-1024x768.jpg 1024w, https:\/\/mppee.gob.ve\/wp-content\/uploads\/2022\/01\/Consolidan-planes-y-proyectos-priorizados-para-fortalecer-el-SEN-6-768x576.jpg 768w, https:\/\/mppee.gob.ve\/wp-content\/uploads\/2022\/01\/Consolidan-planes-y-proyectos-priorizados-para-fortalecer-el-SEN-6.jpg 1080w\" sizes=\"auto, (max-width: 300px) 100vw, 300px\" \/>El vicepresidente Sectorial de Obras P\u00fablicas y Servicios, G\/J N\u00e9stor Reverol, sostuvo una videoconferencia con los gerentes territoriales de Corpoelec, a fin de trazar las l\u00edneas de acci\u00f3n para consolidar los planes en materia de distribuci\u00f3n de energ\u00eda, comercializaci\u00f3n y seguridad, as\u00ed como los proyectos mayores del Sistema El\u00e9ctrico Nacional (SEN).<\/p>\n<p style=\"font-weight: 400; text-align: justify;\">As\u00ed lo inform\u00f3 mediante una publicaci\u00f3n en su cuenta en la red social Instagram @reverolnestor.<\/p>\n<p style=\"font-weight: 400; text-align: justify;\"><strong>\u00abEn esta hoja de ruta se encuentra el fortalecimiento del proceso de distribuci\u00f3n el\u00e9ctrica en las comunidades, a trav\u00e9s de la sustituci\u00f3n y entrega sistem\u00e1tica de transformadores a los sectores priorizados\u00bb<\/strong>, destac\u00f3 el General en Jefe.<\/p>\n<p style=\"font-weight: 400; text-align: justify;\"><img loading=\"lazy\" decoding=\"async\" class=\"size-medium wp-image-86016 alignright\" src=\"http:\/\/10.200.87.50\/mppee\/wp-content\/uploads\/2022\/01\/Consolidan-planes-y-proyectos-priorizados-para-fortalecer-el-SEN-5-300x200.jpg\" alt=\"\" width=\"300\" height=\"200\" srcset=\"https:\/\/mppee.gob.ve\/wp-content\/uploads\/2022\/01\/Consolidan-planes-y-proyectos-priorizados-para-fortalecer-el-SEN-5-300x200.jpg 300w, https:\/\/mppee.gob.ve\/wp-content\/uploads\/2022\/01\/Consolidan-planes-y-proyectos-priorizados-para-fortalecer-el-SEN-5-768x512.jpg 768w, https:\/\/mppee.gob.ve\/wp-content\/uploads\/2022\/01\/Consolidan-planes-y-proyectos-priorizados-para-fortalecer-el-SEN-5.jpg 1024w\" sizes=\"auto, (max-width: 300px) 100vw, 300px\" \/>El tambi\u00e9n titular del Ministerio del Poder Popular para la Energ\u00eda El\u00e9ctrica instruy\u00f3 continuar con el plan de supervisi\u00f3n en todas las subestaciones e infraestructuras el\u00e9ctricas para evaluar los sistemas de prevenci\u00f3n y seguridad, que contribuyan con el sistema de alertas tempranas.<\/p>\n<p style=\"font-weight: 400; text-align: justify;\">Finalmente, el Vicepresidente de Servicios precis\u00f3 que se encuentran en la optimizaci\u00f3n del sistema de recaudaci\u00f3n para el financiamiento de los proyectos mayores necesarios para la estabilizaci\u00f3n del Sistema El\u00e9ctrico Nacional.<\/p>\n<p style=\"font-weight: 400; text-align: justify;\"><strong>Prensa Mppee<\/strong><\/p>\n<figure id=\"attachment_86012\" aria-describedby=\"caption-attachment-86012\" style=\"width: 1024px\" class=\"wp-caption alignnone\"><img loading=\"lazy\" decoding=\"async\" class=\"wp-image-86012 size-full\" src=\"http:\/\/10.200.87.50\/mppee\/wp-content\/uploads\/2022\/01\/Consolidan-planes-y-proyectos-priorizados-para-fortalecer-el-SEN-1.jpg\" alt=\"\" width=\"1024\" height=\"683\" srcset=\"https:\/\/mppee.gob.ve\/wp-content\/uploads\/2022\/01\/Consolidan-planes-y-proyectos-priorizados-para-fortalecer-el-SEN-1.jpg 1024w, https:\/\/mppee.gob.ve\/wp-content\/uploads\/2022\/01\/Consolidan-planes-y-proyectos-priorizados-para-fortalecer-el-SEN-1-300x200.jpg 300w, https:\/\/mppee.gob.ve\/wp-content\/uploads\/2022\/01\/Consolidan-planes-y-proyectos-priorizados-para-fortalecer-el-SEN-1-768x512.jpg 768w\" sizes=\"auto, (max-width: 1024px) 100vw, 1024px\" \/><figcaption id=\"caption-attachment-86012\" class=\"wp-caption-text\">Vicepresidente Sectorial de Obras P\u00fablicas y Servicios, G\/J N\u00e9stor Reverol<\/figcaption><\/figure>\n<p><img loading=\"lazy\" decoding=\"async\" class=\"alignnone wp-image-86015 size-full\" src=\"http:\/\/10.200.87.50\/mppee\/wp-content\/uploads\/2022\/01\/Consolidan-planes-y-proyectos-priorizados-para-fortalecer-el-SEN-4.jpg\" alt=\"\" width=\"1024\" height=\"683\" srcset=\"https:\/\/mppee.gob.ve\/wp-content\/uploads\/2022\/01\/Consolidan-planes-y-proyectos-priorizados-para-fortalecer-el-SEN-4.jpg 1024w, https:\/\/mppee.gob.ve\/wp-content\/uploads\/2022\/01\/Consolidan-planes-y-proyectos-priorizados-para-fortalecer-el-SEN-4-300x200.jpg 300w, https:\/\/mppee.gob.ve\/wp-content\/uploads\/2022\/01\/Consolidan-planes-y-proyectos-priorizados-para-fortalecer-el-SEN-4-768x512.jpg 768w\" sizes=\"auto, (max-width: 1024px) 100vw, 1024px\" \/> <img loading=\"lazy\" decoding=\"async\" class=\"alignnone wp-image-86014 size-full\" src=\"http:\/\/10.200.87.50\/mppee\/wp-content\/uploads\/2022\/01\/Consolidan-planes-y-proyectos-priorizados-para-fortalecer-el-SEN-3.jpg\" alt=\"\" width=\"1024\" height=\"683\" srcset=\"https:\/\/mppee.gob.ve\/wp-content\/uploads\/2022\/01\/Consolidan-planes-y-proyectos-priorizados-para-fortalecer-el-SEN-3.jpg 1024w, https:\/\/mppee.gob.ve\/wp-content\/uploads\/2022\/01\/Consolidan-planes-y-proyectos-priorizados-para-fortalecer-el-SEN-3-300x200.jpg 300w, https:\/\/mppee.gob.ve\/wp-content\/uploads\/2022\/01\/Consolidan-planes-y-proyectos-priorizados-para-fortalecer-el-SEN-3-768x512.jpg 768w\" sizes=\"auto, (max-width: 1024px) 100vw, 1024px\" \/> <img loading=\"lazy\" decoding=\"async\" class=\"alignnone wp-image-86013 size-full\" src=\"http:\/\/10.200.87.50\/mppee\/wp-content\/uploads\/2022\/01\/Consolidan-planes-y-proyectos-priorizados-para-fortalecer-el-SEN-2.jpg\" alt=\"\" width=\"1024\" height=\"683\" srcset=\"https:\/\/mppee.gob.ve\/wp-content\/uploads\/2022\/01\/Consolidan-planes-y-proyectos-priorizados-para-fortalecer-el-SEN-2.jpg 1024w, https:\/\/mppee.gob.ve\/wp-content\/uploads\/2022\/01\/Consolidan-planes-y-proyectos-priorizados-para-fortalecer-el-SEN-2-300x200.jpg 300w, https:\/\/mppee.gob.ve\/wp-content\/uploads\/2022\/01\/Consolidan-planes-y-proyectos-priorizados-para-fortalecer-el-SEN-2-768x512.jpg 768w\" sizes=\"auto, (max-width: 1024px) 100vw, 1024px\" \/><\/p>\n","protected":false},"excerpt":{"rendered":"<p>El vicepresidente Sectorial de Obras P\u00fablicas y Servicios, G\/J N\u00e9stor Reverol, sostuvo una videoconferencia con los gerentes territoriales de Corpoelec,<\/p>\n","protected":false},"author":12,"featured_media":86018,"comment_status":"open","ping_status":"open","sticky":false,"template":"","format":"standard","meta":{"footnotes":""},"categories":[15],"tags":[11],"class_list":["post-86011","post","type-post","status-publish","format-standard","has-post-thumbnail","hentry","category-nacionales","tag-mppee"],"_links":{"self":[{"href":"https:\/\/mppee.gob.ve\/index.php?rest_route=\/wp\/v2\/posts\/86011","targetHints":{"allow":["GET"]}}],"collection":[{"href":"https:\/\/mppee.gob.ve\/index.php?rest_route=\/wp\/v2\/posts"}],"about":[{"href":"https:\/\/mppee.gob.ve\/index.php?rest_route=\/wp\/v2\/types\/post"}],"author":[{"embeddable":true,"href":"https:\/\/mppee.gob.ve\/index.php?rest_route=\/wp\/v2\/users\/12"}],"replies":[{"embeddable":true,"href":"https:\/\/mppee.gob.ve\/index.php?rest_route=%2Fwp%2Fv2%2Fcomments&post=86011"}],"version-history":[{"count":1,"href":"https:\/\/mppee.gob.ve\/index.php?rest_route=\/wp\/v2\/posts\/86011\/revisions"}],"predecessor-version":[{"id":86019,"href":"https:\/\/mppee.gob.ve\/index.php?rest_route=\/wp\/v2\/posts\/86011\/revisions\/86019"}],"wp:featuredmedia":[{"embeddable":true,"href":"https:\/\/mppee.gob.ve\/index.php?rest_route=\/wp\/v2\/media\/86018"}],"wp:attachment":[{"href":"https:\/\/mppee.gob.ve\/index.php?rest_route=%2Fwp%2Fv2%2Fmedia&parent=86011"}],"wp:term":[{"taxonomy":"category","embeddable":true,"href":"https:\/\/mppee.gob.ve\/index.php?rest_route=%2Fwp%2Fv2%2Fcategories&post=86011"},{"taxonomy":"post_tag","embeddable":true,"href":"https:\/\/mppee.gob.ve\/index.php?rest_route=%2Fwp%2Fv2%2Ftags&post=86011"}],"curies":[{"name":"wp","href":"https:\/\/api.w.org\/{rel}","templated":true}]}}