{"id":86020,"date":"2022-01-26T18:23:00","date_gmt":"2022-01-26T18:23:00","guid":{"rendered":"http:\/\/10.200.87.50\/mppee\/?p=86020"},"modified":"2022-01-31T18:28:01","modified_gmt":"2022-01-31T18:28:01","slug":"casi-el-90-de-los-trabajadores-del-sector-electrico-inmunizados-contra-la-covid-19","status":"publish","type":"post","link":"https:\/\/mppee.gob.ve\/?p=86020","title":{"rendered":"Casi el 90% de los trabajadores del sector el\u00e9ctrico inmunizados contra la Covid-19"},"content":{"rendered":"<p style=\"font-weight: 400; text-align: justify;\"><img loading=\"lazy\" decoding=\"async\" class=\"size-medium wp-image-86028 alignleft\" src=\"http:\/\/10.200.87.50\/mppee\/wp-content\/uploads\/2022\/01\/Casi-el-90-de-los-trabajadores-del-sector-el\u00e9ctrico-inmunizados-contra-la-Covid-19-8-300x200.jpg\" alt=\"\" width=\"300\" height=\"200\" srcset=\"https:\/\/mppee.gob.ve\/wp-content\/uploads\/2022\/01\/Casi-el-90-de-los-trabajadores-del-sector-el\u00e9ctrico-inmunizados-contra-la-Covid-19-8-300x200.jpg 300w, https:\/\/mppee.gob.ve\/wp-content\/uploads\/2022\/01\/Casi-el-90-de-los-trabajadores-del-sector-el\u00e9ctrico-inmunizados-contra-la-Covid-19-8-768x512.jpg 768w, https:\/\/mppee.gob.ve\/wp-content\/uploads\/2022\/01\/Casi-el-90-de-los-trabajadores-del-sector-el\u00e9ctrico-inmunizados-contra-la-Covid-19-8.jpg 1024w\" sizes=\"auto, (max-width: 300px) 100vw, 300px\" \/>Trabajadores del sector el\u00e9ctrico recibieron este mi\u00e9rcoles atenci\u00f3n m\u00e9dica en una Jornada Especial de Vacunaci\u00f3n de Refuerzo contra la Covid-19, en el Centro de Servicios El Marqu\u00e9s, subestaci\u00f3n Convento, ubicado en el municipio Sucre del estado Miranda.<\/p>\n<p style=\"font-weight: 400; text-align: justify;\">Este plan masivo de inmunizaci\u00f3n tiene la finalidad de garantizar la salud laboral del personal activo, familiares y jubilados de la estatal el\u00e9ctrica en los 24 estados del pa\u00eds, a quienes se les coloc\u00f3 la primera, segunda y, ahora, la tercera dosis de refuerzo, respondiendo al llamado del jefe de Estado, Nicol\u00e1s Maduro de inmunizar a toda la poblaci\u00f3n contra este virus.<\/p>\n<p style=\"font-weight: 400; text-align: justify;\"><img loading=\"lazy\" decoding=\"async\" class=\"size-medium wp-image-86027 alignright\" src=\"http:\/\/10.200.87.50\/mppee\/wp-content\/uploads\/2022\/01\/Casi-el-90-de-los-trabajadores-del-sector-el\u00e9ctrico-inmunizados-contra-la-Covid-19-7-300x234.jpg\" alt=\"\" width=\"300\" height=\"234\" srcset=\"https:\/\/mppee.gob.ve\/wp-content\/uploads\/2022\/01\/Casi-el-90-de-los-trabajadores-del-sector-el\u00e9ctrico-inmunizados-contra-la-Covid-19-7-300x234.jpg 300w, https:\/\/mppee.gob.ve\/wp-content\/uploads\/2022\/01\/Casi-el-90-de-los-trabajadores-del-sector-el\u00e9ctrico-inmunizados-contra-la-Covid-19-7-768x598.jpg 768w, https:\/\/mppee.gob.ve\/wp-content\/uploads\/2022\/01\/Casi-el-90-de-los-trabajadores-del-sector-el\u00e9ctrico-inmunizados-contra-la-Covid-19-7.jpg 788w\" sizes=\"auto, (max-width: 300px) 100vw, 300px\" \/>El presidente del Fondo Autoadministrado de Salud del Ministerio del Poder Popular para la Energ\u00eda El\u00e9ctrica (Fasmee), Coronel Rafael Betancourt, indic\u00f3 que durante 2021 fueron vacunados 24.412 trabajadores, familiares y jubilados, y en lo que va del a\u00f1o 2022, se han vacunados 2.831, incluyendo el refuerzo, para un total de 27.243.<\/p>\n<p style=\"font-weight: 400; text-align: justify;\">Yenny Jaimes, coordinadora del Servicio M\u00e9dico de la torre ministerial, se\u00f1al\u00f3 que trabajan de la mano con el Ministerio del Poder Popular para la Salud, como parte de la tercera fase del refuerzo en el territorio nacional.<\/p>\n<p style=\"font-weight: 400; text-align: justify;\">Asimismo, la trabajadora de la Divisi\u00f3n de Grandes Usuarios de Corpoelec, Yamileth Ortega, agradeci\u00f3 al vicepresidente Sectorial de Obras P\u00fablicas y Servicios y ministro del Poder Popular para la Energ\u00eda El\u00e9ctrica, G\/J N\u00e9stor Reverol, por la facilidad y comodidad de poderse vacunar sin trasladarse a otros centros.<\/p>\n<p style=\"font-weight: 400; text-align: justify;\"><strong>Prensa MPPEE<\/strong><\/p>\n<figure id=\"attachment_86025\" aria-describedby=\"caption-attachment-86025\" style=\"width: 597px\" class=\"wp-caption alignnone\"><img loading=\"lazy\" decoding=\"async\" class=\"wp-image-86025 size-full\" src=\"http:\/\/10.200.87.50\/mppee\/wp-content\/uploads\/2022\/01\/Casi-el-90-de-los-trabajadores-del-sector-el\u00e9ctrico-inmunizados-contra-la-Covid-19-5.jpg\" alt=\"\" width=\"597\" height=\"411\" srcset=\"https:\/\/mppee.gob.ve\/wp-content\/uploads\/2022\/01\/Casi-el-90-de-los-trabajadores-del-sector-el\u00e9ctrico-inmunizados-contra-la-Covid-19-5.jpg 597w, https:\/\/mppee.gob.ve\/wp-content\/uploads\/2022\/01\/Casi-el-90-de-los-trabajadores-del-sector-el\u00e9ctrico-inmunizados-contra-la-Covid-19-5-300x207.jpg 300w, https:\/\/mppee.gob.ve\/wp-content\/uploads\/2022\/01\/Casi-el-90-de-los-trabajadores-del-sector-el\u00e9ctrico-inmunizados-contra-la-Covid-19-5-130x90.jpg 130w\" sizes=\"auto, (max-width: 597px) 100vw, 597px\" \/><figcaption id=\"caption-attachment-86025\" class=\"wp-caption-text\">Coronel Rafael Betancourt, Presidente del FASMEE<\/figcaption><\/figure>\n<p><img loading=\"lazy\" decoding=\"async\" class=\"alignnone wp-image-86026 size-full\" src=\"http:\/\/10.200.87.50\/mppee\/wp-content\/uploads\/2022\/01\/Casi-el-90-de-los-trabajadores-del-sector-el\u00e9ctrico-inmunizados-contra-la-Covid-19-6.jpg\" alt=\"\" width=\"698\" height=\"536\" srcset=\"https:\/\/mppee.gob.ve\/wp-content\/uploads\/2022\/01\/Casi-el-90-de-los-trabajadores-del-sector-el\u00e9ctrico-inmunizados-contra-la-Covid-19-6.jpg 698w, https:\/\/mppee.gob.ve\/wp-content\/uploads\/2022\/01\/Casi-el-90-de-los-trabajadores-del-sector-el\u00e9ctrico-inmunizados-contra-la-Covid-19-6-300x230.jpg 300w\" sizes=\"auto, (max-width: 698px) 100vw, 698px\" \/> <img loading=\"lazy\" decoding=\"async\" class=\"alignnone wp-image-86024 size-full\" src=\"http:\/\/10.200.87.50\/mppee\/wp-content\/uploads\/2022\/01\/Casi-el-90-de-los-trabajadores-del-sector-el\u00e9ctrico-inmunizados-contra-la-Covid-19-4.jpg\" alt=\"\" width=\"1024\" height=\"702\" srcset=\"https:\/\/mppee.gob.ve\/wp-content\/uploads\/2022\/01\/Casi-el-90-de-los-trabajadores-del-sector-el\u00e9ctrico-inmunizados-contra-la-Covid-19-4.jpg 1024w, https:\/\/mppee.gob.ve\/wp-content\/uploads\/2022\/01\/Casi-el-90-de-los-trabajadores-del-sector-el\u00e9ctrico-inmunizados-contra-la-Covid-19-4-300x206.jpg 300w, https:\/\/mppee.gob.ve\/wp-content\/uploads\/2022\/01\/Casi-el-90-de-los-trabajadores-del-sector-el\u00e9ctrico-inmunizados-contra-la-Covid-19-4-768x527.jpg 768w, https:\/\/mppee.gob.ve\/wp-content\/uploads\/2022\/01\/Casi-el-90-de-los-trabajadores-del-sector-el\u00e9ctrico-inmunizados-contra-la-Covid-19-4-130x90.jpg 130w\" sizes=\"auto, (max-width: 1024px) 100vw, 1024px\" \/> <img loading=\"lazy\" decoding=\"async\" class=\"alignnone wp-image-86023 size-full\" src=\"http:\/\/10.200.87.50\/mppee\/wp-content\/uploads\/2022\/01\/Casi-el-90-de-los-trabajadores-del-sector-el\u00e9ctrico-inmunizados-contra-la-Covid-19-3.jpg\" alt=\"\" width=\"828\" height=\"533\" srcset=\"https:\/\/mppee.gob.ve\/wp-content\/uploads\/2022\/01\/Casi-el-90-de-los-trabajadores-del-sector-el\u00e9ctrico-inmunizados-contra-la-Covid-19-3.jpg 828w, https:\/\/mppee.gob.ve\/wp-content\/uploads\/2022\/01\/Casi-el-90-de-los-trabajadores-del-sector-el\u00e9ctrico-inmunizados-contra-la-Covid-19-3-300x193.jpg 300w, https:\/\/mppee.gob.ve\/wp-content\/uploads\/2022\/01\/Casi-el-90-de-los-trabajadores-del-sector-el\u00e9ctrico-inmunizados-contra-la-Covid-19-3-768x494.jpg 768w\" sizes=\"auto, (max-width: 828px) 100vw, 828px\" \/> <img loading=\"lazy\" decoding=\"async\" class=\"alignnone wp-image-86021 size-full\" src=\"http:\/\/10.200.87.50\/mppee\/wp-content\/uploads\/2022\/01\/Casi-el-90-de-los-trabajadores-del-sector-el\u00e9ctrico-inmunizados-contra-la-Covid-19-1.jpg\" alt=\"\" width=\"995\" height=\"768\" srcset=\"https:\/\/mppee.gob.ve\/wp-content\/uploads\/2022\/01\/Casi-el-90-de-los-trabajadores-del-sector-el\u00e9ctrico-inmunizados-contra-la-Covid-19-1.jpg 995w, https:\/\/mppee.gob.ve\/wp-content\/uploads\/2022\/01\/Casi-el-90-de-los-trabajadores-del-sector-el\u00e9ctrico-inmunizados-contra-la-Covid-19-1-300x232.jpg 300w, https:\/\/mppee.gob.ve\/wp-content\/uploads\/2022\/01\/Casi-el-90-de-los-trabajadores-del-sector-el\u00e9ctrico-inmunizados-contra-la-Covid-19-1-768x593.jpg 768w\" sizes=\"auto, (max-width: 995px) 100vw, 995px\" \/><\/p>\n","protected":false},"excerpt":{"rendered":"<p>Trabajadores del sector el\u00e9ctrico recibieron este mi\u00e9rcoles atenci\u00f3n m\u00e9dica en una Jornada Especial de Vacunaci\u00f3n de Refuerzo contra la Covid-19,<\/p>\n","protected":false},"author":12,"featured_media":86022,"comment_status":"open","ping_status":"open","sticky":false,"template":"","format":"standard","meta":{"footnotes":""},"categories":[30],"tags":[11],"class_list":["post-86020","post","type-post","status-publish","format-standard","has-post-thumbnail","hentry","category-regionales","tag-mppee"],"_links":{"self":[{"href":"https:\/\/mppee.gob.ve\/index.php?rest_route=\/wp\/v2\/posts\/86020","targetHints":{"allow":["GET"]}}],"collection":[{"href":"https:\/\/mppee.gob.ve\/index.php?rest_route=\/wp\/v2\/posts"}],"about":[{"href":"https:\/\/mppee.gob.ve\/index.php?rest_route=\/wp\/v2\/types\/post"}],"author":[{"embeddable":true,"href":"https:\/\/mppee.gob.ve\/index.php?rest_route=\/wp\/v2\/users\/12"}],"replies":[{"embeddable":true,"href":"https:\/\/mppee.gob.ve\/index.php?rest_route=%2Fwp%2Fv2%2Fcomments&post=86020"}],"version-history":[{"count":1,"href":"https:\/\/mppee.gob.ve\/index.php?rest_route=\/wp\/v2\/posts\/86020\/revisions"}],"predecessor-version":[{"id":86029,"href":"https:\/\/mppee.gob.ve\/index.php?rest_route=\/wp\/v2\/posts\/86020\/revisions\/86029"}],"wp:featuredmedia":[{"embeddable":true,"href":"https:\/\/mppee.gob.ve\/index.php?rest_route=\/wp\/v2\/media\/86022"}],"wp:attachment":[{"href":"https:\/\/mppee.gob.ve\/index.php?rest_route=%2Fwp%2Fv2%2Fmedia&parent=86020"}],"wp:term":[{"taxonomy":"category","embeddable":true,"href":"https:\/\/mppee.gob.ve\/index.php?rest_route=%2Fwp%2Fv2%2Fcategories&post=86020"},{"taxonomy":"post_tag","embeddable":true,"href":"https:\/\/mppee.gob.ve\/index.php?rest_route=%2Fwp%2Fv2%2Ftags&post=86020"}],"curies":[{"name":"wp","href":"https:\/\/api.w.org\/{rel}","templated":true}]}}