{"id":86030,"date":"2022-01-26T18:28:00","date_gmt":"2022-01-26T18:28:00","guid":{"rendered":"http:\/\/10.200.87.50\/mppee\/?p=86030"},"modified":"2022-01-31T18:31:00","modified_gmt":"2022-01-31T18:31:00","slug":"electro-cuenta-cuento-llego-a-la-u-e-n-jose-ignacio-paz-castillo-para-ensenar-el-uso-eficiente-de-la-electricidad","status":"publish","type":"post","link":"https:\/\/mppee.gob.ve\/?p=86030","title":{"rendered":"Electro Cuenta Cuento lleg\u00f3 a la U.E.N Jos\u00e9 Ignacio Paz Castillo para ense\u00f1ar el uso eficiente de la electricidad"},"content":{"rendered":"<p style=\"font-weight: 400; text-align: justify;\"><img loading=\"lazy\" decoding=\"async\" class=\"wp-image-86031 size-medium alignleft\" src=\"http:\/\/10.200.87.50\/mppee\/wp-content\/uploads\/2022\/01\/Electro-Cuenta-Cuento-lleg\u00f3-a-la-U.E.N-Jos\u00e9-Ignacio-Paz-Castillo-para-ense\u00f1ar-el-uso-eficiente-de-la-electricidad-1-222x300.jpg\" alt=\"\" width=\"222\" height=\"300\" srcset=\"https:\/\/mppee.gob.ve\/wp-content\/uploads\/2022\/01\/Electro-Cuenta-Cuento-lleg\u00f3-a-la-U.E.N-Jos\u00e9-Ignacio-Paz-Castillo-para-ense\u00f1ar-el-uso-eficiente-de-la-electricidad-1-222x300.jpg 222w, https:\/\/mppee.gob.ve\/wp-content\/uploads\/2022\/01\/Electro-Cuenta-Cuento-lleg\u00f3-a-la-U.E.N-Jos\u00e9-Ignacio-Paz-Castillo-para-ense\u00f1ar-el-uso-eficiente-de-la-electricidad-1-759x1024.jpg 759w, https:\/\/mppee.gob.ve\/wp-content\/uploads\/2022\/01\/Electro-Cuenta-Cuento-lleg\u00f3-a-la-U.E.N-Jos\u00e9-Ignacio-Paz-Castillo-para-ense\u00f1ar-el-uso-eficiente-de-la-electricidad-1-768x1036.jpg 768w, https:\/\/mppee.gob.ve\/wp-content\/uploads\/2022\/01\/Electro-Cuenta-Cuento-lleg\u00f3-a-la-U.E.N-Jos\u00e9-Ignacio-Paz-Castillo-para-ense\u00f1ar-el-uso-eficiente-de-la-electricidad-1.jpg 780w\" sizes=\"auto, (max-width: 222px) 100vw, 222px\" \/>En conmemoraci\u00f3n del D\u00eda Mundial del Ambiente, Corpoelec present\u00f3 su Electro Cuenta Cuento a ni\u00f1os y ni\u00f1as de la Unidad Educativa Nacional Jos\u00e9 Ignacio Paz Castillo, ubicada en la parroquia La Pastora del Distrito Capital, con el objetivo de impartir conocimientos a los infantes sobre la campa\u00f1a comunicacional<strong> \u00abActiva la Conciencia con Energ\u00eda y Eficiencia\u00bb<\/strong>, que busca crear una nueva cultura energ\u00e9tica en los m\u00e1s peque\u00f1os de la casa.<\/p>\n<p style=\"font-weight: 400; text-align: justify;\">La actividad estuvo a cargo de la Divisi\u00f3n de Uso Racional y Eficiente de la Energ\u00eda (UREE)-Regi\u00f3n Capital, con el apoyo del Colectivo Intersectorial de Gesti\u00f3n Ambiental (Cigea), quienes llevaron a los infantes en edades de preescolar y primaria, la actividad recreativa del Electro Cuenta Cuento, que a trav\u00e9s de divertidas historias fomentan, incentivan y conciencian sobre el consumo eficiente y responsable de la energ\u00eda, para con ello proteger al planeta.<\/p>\n<p style=\"font-weight: 400; text-align: justify;\">De igual manera, se impartieron talleres informativos al personal docente\u00a0y representantes, para que pongan en pr\u00e1ctica estos conocimientos en sus hogares y \u00e1reas de trabajo.<\/p>\n<p style=\"font-weight: 400; text-align: justify;\"><strong>Prensa Corpoelec<\/strong><\/p>\n<p><img loading=\"lazy\" decoding=\"async\" class=\"alignnone wp-image-86032 size-full\" src=\"http:\/\/10.200.87.50\/mppee\/wp-content\/uploads\/2022\/01\/Electro-Cuenta-Cuento-lleg\u00f3-a-la-U.E.N-Jos\u00e9-Ignacio-Paz-Castillo-para-ense\u00f1ar-el-uso-eficiente-de-la-electricidad-2.jpg\" alt=\"\" width=\"780\" height=\"1052\" srcset=\"https:\/\/mppee.gob.ve\/wp-content\/uploads\/2022\/01\/Electro-Cuenta-Cuento-lleg\u00f3-a-la-U.E.N-Jos\u00e9-Ignacio-Paz-Castillo-para-ense\u00f1ar-el-uso-eficiente-de-la-electricidad-2.jpg 780w, https:\/\/mppee.gob.ve\/wp-content\/uploads\/2022\/01\/Electro-Cuenta-Cuento-lleg\u00f3-a-la-U.E.N-Jos\u00e9-Ignacio-Paz-Castillo-para-ense\u00f1ar-el-uso-eficiente-de-la-electricidad-2-222x300.jpg 222w, https:\/\/mppee.gob.ve\/wp-content\/uploads\/2022\/01\/Electro-Cuenta-Cuento-lleg\u00f3-a-la-U.E.N-Jos\u00e9-Ignacio-Paz-Castillo-para-ense\u00f1ar-el-uso-eficiente-de-la-electricidad-2-759x1024.jpg 759w, https:\/\/mppee.gob.ve\/wp-content\/uploads\/2022\/01\/Electro-Cuenta-Cuento-lleg\u00f3-a-la-U.E.N-Jos\u00e9-Ignacio-Paz-Castillo-para-ense\u00f1ar-el-uso-eficiente-de-la-electricidad-2-768x1036.jpg 768w\" sizes=\"auto, (max-width: 780px) 100vw, 780px\" \/><\/p>\n","protected":false},"excerpt":{"rendered":"<p>En conmemoraci\u00f3n del D\u00eda Mundial del Ambiente, Corpoelec present\u00f3 su Electro Cuenta Cuento a ni\u00f1os y ni\u00f1as de la Unidad<\/p>\n","protected":false},"author":12,"featured_media":86033,"comment_status":"open","ping_status":"open","sticky":false,"template":"","format":"standard","meta":{"footnotes":""},"categories":[30],"tags":[11],"class_list":["post-86030","post","type-post","status-publish","format-standard","has-post-thumbnail","hentry","category-regionales","tag-mppee"],"_links":{"self":[{"href":"https:\/\/mppee.gob.ve\/index.php?rest_route=\/wp\/v2\/posts\/86030","targetHints":{"allow":["GET"]}}],"collection":[{"href":"https:\/\/mppee.gob.ve\/index.php?rest_route=\/wp\/v2\/posts"}],"about":[{"href":"https:\/\/mppee.gob.ve\/index.php?rest_route=\/wp\/v2\/types\/post"}],"author":[{"embeddable":true,"href":"https:\/\/mppee.gob.ve\/index.php?rest_route=\/wp\/v2\/users\/12"}],"replies":[{"embeddable":true,"href":"https:\/\/mppee.gob.ve\/index.php?rest_route=%2Fwp%2Fv2%2Fcomments&post=86030"}],"version-history":[{"count":1,"href":"https:\/\/mppee.gob.ve\/index.php?rest_route=\/wp\/v2\/posts\/86030\/revisions"}],"predecessor-version":[{"id":86034,"href":"https:\/\/mppee.gob.ve\/index.php?rest_route=\/wp\/v2\/posts\/86030\/revisions\/86034"}],"wp:featuredmedia":[{"embeddable":true,"href":"https:\/\/mppee.gob.ve\/index.php?rest_route=\/wp\/v2\/media\/86033"}],"wp:attachment":[{"href":"https:\/\/mppee.gob.ve\/index.php?rest_route=%2Fwp%2Fv2%2Fmedia&parent=86030"}],"wp:term":[{"taxonomy":"category","embeddable":true,"href":"https:\/\/mppee.gob.ve\/index.php?rest_route=%2Fwp%2Fv2%2Fcategories&post=86030"},{"taxonomy":"post_tag","embeddable":true,"href":"https:\/\/mppee.gob.ve\/index.php?rest_route=%2Fwp%2Fv2%2Ftags&post=86030"}],"curies":[{"name":"wp","href":"https:\/\/api.w.org\/{rel}","templated":true}]}}