{"id":86043,"date":"2022-01-28T18:47:00","date_gmt":"2022-01-28T18:47:00","guid":{"rendered":"http:\/\/10.200.87.50\/mppee\/?p=86043"},"modified":"2022-01-31T18:53:47","modified_gmt":"2022-01-31T18:53:47","slug":"entregados-transformadores-para-atender-comunidades-del-estado-trujillo","status":"publish","type":"post","link":"https:\/\/mppee.gob.ve\/?p=86043","title":{"rendered":"Entregados transformadores para atender comunidades del estado Trujillo"},"content":{"rendered":"<p style=\"text-align: justify;\"><img loading=\"lazy\" decoding=\"async\" class=\"size-medium wp-image-86050 alignleft\" src=\"http:\/\/10.200.87.50\/mppee\/wp-content\/uploads\/2022\/01\/WhatsApp-Image-2022-01-31-at-2.36.54-PM-300x164.jpeg\" alt=\"\" width=\"300\" height=\"164\" srcset=\"https:\/\/mppee.gob.ve\/wp-content\/uploads\/2022\/01\/WhatsApp-Image-2022-01-31-at-2.36.54-PM-300x164.jpeg 300w, https:\/\/mppee.gob.ve\/wp-content\/uploads\/2022\/01\/WhatsApp-Image-2022-01-31-at-2.36.54-PM.jpeg 632w\" sizes=\"auto, (max-width: 300px) 100vw, 300px\" \/>Como parte de las acciones que se impulsan desde el Ministerio del Poder Popular para la Energ\u00eda El\u00e9ctrica, para garantizar la estabilizaci\u00f3n del Sistema El\u00e9ctrico Nacional (SEN), este viernes, la gerente Territorial del Corpoelec, Luisa Salas junto al gobernador del estado Trujillo, Gerardo M\u00e1rquez, realizaron la entrega de nueve transformadores a los alcaldes de distintas entidades trujillanas.<\/p>\n<p style=\"text-align: justify;\">La entrega se ejecut\u00f3 en el Despacho de Carga Sur occidente de Corpoelec, ubicado en La Floresta del municipio Valera, con la finalidad de beneficiar a mil 345 familias de los municipios; Valera, Trujillo, Pamp\u00e1n, Escuque, Pampanito, Rafael Rangel, Miranda, San Rafael de Carvajal y Bocon\u00f3.<\/p>\n<p style=\"text-align: justify;\"><img loading=\"lazy\" decoding=\"async\" class=\"size-medium wp-image-86049 alignright\" src=\"http:\/\/10.200.87.50\/mppee\/wp-content\/uploads\/2022\/01\/WhatsApp-Image-2022-01-31-at-2.36.53-PM-300x181.jpeg\" alt=\"\" width=\"300\" height=\"181\" srcset=\"https:\/\/mppee.gob.ve\/wp-content\/uploads\/2022\/01\/WhatsApp-Image-2022-01-31-at-2.36.53-PM-300x181.jpeg 300w, https:\/\/mppee.gob.ve\/wp-content\/uploads\/2022\/01\/WhatsApp-Image-2022-01-31-at-2.36.53-PM.jpeg 575w\" sizes=\"auto, (max-width: 300px) 100vw, 300px\" \/>El gobernador del estado Trujillo, Gerardo M\u00e1rquez destac\u00f3 que, gracias al presidente Nicol\u00e1s Maduro Moros y al vicepresidente sectorial de Obras P\u00fablicas y Servicios G\/J N\u00e9stor Reverol, se hace entrega de estos transformadores a los alcaldes, para que sean distribuidos en sus comunidades.<\/p>\n<p style=\"text-align: justify;\">La gerente Territorial de Corpoelec en la entidad, Luisa Salas, agradeci\u00f3 al tambi\u00e9n ministro del Poder Popular para la Energ\u00eda El\u00e9ctrica G\/J N\u00e9stor Reverol, por rehabilitar el taller de reparaciones de transformadores, para atender de manera inmediata y oportuna las necesidades del pueblo trujillano.<\/p>\n<p style=\"text-align: justify;\">Por su parte, el alcalde del municipio Pampanito, Leonel Ruiz, expres\u00f3: \u00abGracias al apoyo de nuestro presidente Nicol\u00e1s Maduro y al ministro G\/J N\u00e9stor Reverol, por este beneficio que es de bienestar para las familias y comunidades, ya que de manera progresiva vamos a seguir atendiendo e instalando los transformadores que sean necesarios\u00bb.<\/p>\n<p style=\"text-align: justify;\"><img loading=\"lazy\" decoding=\"async\" class=\"size-medium wp-image-86046 alignleft\" src=\"http:\/\/10.200.87.50\/mppee\/wp-content\/uploads\/2022\/01\/WhatsApp-Image-2022-01-31-at-2.36.51-PM-300x164.jpeg\" alt=\"\" width=\"300\" height=\"164\" srcset=\"https:\/\/mppee.gob.ve\/wp-content\/uploads\/2022\/01\/WhatsApp-Image-2022-01-31-at-2.36.51-PM-300x164.jpeg 300w, https:\/\/mppee.gob.ve\/wp-content\/uploads\/2022\/01\/WhatsApp-Image-2022-01-31-at-2.36.51-PM.jpeg 637w\" sizes=\"auto, (max-width: 300px) 100vw, 300px\" \/>Sonia Silva, alcaldesa del municipio Rafael Rangel manifest\u00f3: \u201cAgradecidos con el Gobernador y la Gerente Territorial, por esta ayuda para las familias de Betijoque y de todos los municipios beneficiados\u201d.<\/p>\n<p style=\"text-align: justify;\">Est\u00e1s acciones forman parte de las iniciativas productivas necesarias entre Corpoelec y el Gobierno Bolivariano, en atenci\u00f3n a las necesidades de las comunidades para el buen vivir del pueblo.<\/p>\n<p><strong>Prensa Corpoelec<\/strong><\/p>\n<p><img loading=\"lazy\" decoding=\"async\" class=\"alignnone wp-image-86044 size-full\" src=\"http:\/\/10.200.87.50\/mppee\/wp-content\/uploads\/2022\/01\/WhatsApp-Image-2022-01-31-at-2.36.49-PM.jpeg\" alt=\"\" width=\"634\" height=\"346\" srcset=\"https:\/\/mppee.gob.ve\/wp-content\/uploads\/2022\/01\/WhatsApp-Image-2022-01-31-at-2.36.49-PM.jpeg 634w, https:\/\/mppee.gob.ve\/wp-content\/uploads\/2022\/01\/WhatsApp-Image-2022-01-31-at-2.36.49-PM-300x164.jpeg 300w\" sizes=\"auto, (max-width: 634px) 100vw, 634px\" \/> <img loading=\"lazy\" decoding=\"async\" class=\"alignnone wp-image-86047 size-full\" src=\"http:\/\/10.200.87.50\/mppee\/wp-content\/uploads\/2022\/01\/WhatsApp-Image-2022-01-31-at-2.36.52-PM-1.jpeg\" alt=\"\" width=\"634\" height=\"347\" srcset=\"https:\/\/mppee.gob.ve\/wp-content\/uploads\/2022\/01\/WhatsApp-Image-2022-01-31-at-2.36.52-PM-1.jpeg 634w, https:\/\/mppee.gob.ve\/wp-content\/uploads\/2022\/01\/WhatsApp-Image-2022-01-31-at-2.36.52-PM-1-300x164.jpeg 300w\" sizes=\"auto, (max-width: 634px) 100vw, 634px\" \/><\/p>\n","protected":false},"excerpt":{"rendered":"<p>Como parte de las acciones que se impulsan desde el Ministerio del Poder Popular para la Energ\u00eda El\u00e9ctrica, para garantizar<\/p>\n","protected":false},"author":12,"featured_media":86045,"comment_status":"open","ping_status":"open","sticky":false,"template":"","format":"standard","meta":{"footnotes":""},"categories":[30],"tags":[11],"class_list":["post-86043","post","type-post","status-publish","format-standard","has-post-thumbnail","hentry","category-regionales","tag-mppee"],"_links":{"self":[{"href":"https:\/\/mppee.gob.ve\/index.php?rest_route=\/wp\/v2\/posts\/86043","targetHints":{"allow":["GET"]}}],"collection":[{"href":"https:\/\/mppee.gob.ve\/index.php?rest_route=\/wp\/v2\/posts"}],"about":[{"href":"https:\/\/mppee.gob.ve\/index.php?rest_route=\/wp\/v2\/types\/post"}],"author":[{"embeddable":true,"href":"https:\/\/mppee.gob.ve\/index.php?rest_route=\/wp\/v2\/users\/12"}],"replies":[{"embeddable":true,"href":"https:\/\/mppee.gob.ve\/index.php?rest_route=%2Fwp%2Fv2%2Fcomments&post=86043"}],"version-history":[{"count":1,"href":"https:\/\/mppee.gob.ve\/index.php?rest_route=\/wp\/v2\/posts\/86043\/revisions"}],"predecessor-version":[{"id":86051,"href":"https:\/\/mppee.gob.ve\/index.php?rest_route=\/wp\/v2\/posts\/86043\/revisions\/86051"}],"wp:featuredmedia":[{"embeddable":true,"href":"https:\/\/mppee.gob.ve\/index.php?rest_route=\/wp\/v2\/media\/86045"}],"wp:attachment":[{"href":"https:\/\/mppee.gob.ve\/index.php?rest_route=%2Fwp%2Fv2%2Fmedia&parent=86043"}],"wp:term":[{"taxonomy":"category","embeddable":true,"href":"https:\/\/mppee.gob.ve\/index.php?rest_route=%2Fwp%2Fv2%2Fcategories&post=86043"},{"taxonomy":"post_tag","embeddable":true,"href":"https:\/\/mppee.gob.ve\/index.php?rest_route=%2Fwp%2Fv2%2Ftags&post=86043"}],"curies":[{"name":"wp","href":"https:\/\/api.w.org\/{rel}","templated":true}]}}